{"id":16960,"date":"2025-08-25T11:41:33","date_gmt":"2025-08-25T14:41:33","guid":{"rendered":"https:\/\/diariodocomercio.com.br\/mix\/?p=16960"},"modified":"2025-08-25T11:41:35","modified_gmt":"2025-08-25T14:41:35","slug":"enquanto-datena-ganha-r-300-mil-na-redetv-salario-de-willian-bonner-na-globo-surpreende","status":"publish","type":"post","link":"https:\/\/diariodocomercio.com.br\/mix\/enquanto-datena-ganha-r-300-mil-na-redetv-salario-de-willian-bonner-na-globo-surpreende\/","title":{"rendered":"Enquanto Datena ganha R$ 300 mil na RedeTV, sal\u00e1rio de Willian Bonner na Globo surpreende"},"content":{"rendered":"\n<p>Jos\u00e9 Luiz Datena voltou \u00e0 RedeTV! em junho deste ano para comandar um telejornal di\u00e1rio, ap\u00f3s uma breve passagem pelo SBT. O apresentador, conhecido por seu estilo explosivo e pela forte presen\u00e7a no jornalismo policial, assinou contrato diretamente com Amilcare Dallevo Jr., dono da emissora, em uma decis\u00e3o mais movida pela amizade do que pela busca por audi\u00eancia ou dinheiro.<\/p>\n\n\n\n<p>Segundo apura\u00e7\u00f5es de bastidores, o jornalista recebe cerca de&nbsp;<strong>R$ 300 mil mensais<\/strong>&nbsp;na nova casa \u2014 um valor considerado significativamente menor do que o que j\u00e1 faturou em outras emissoras. No SBT, o sal\u00e1rio era mais alto; na Band, onde se consolidou, os rendimentos eram ainda mais robustos.<\/p>\n\n\n\n<p>Apesar disso, a RedeTV! oferece a ele um tratamento de estrela: sala exclusiva, acesso a \u00e1reas reservadas da diretoria e status de diretor em seu pr\u00f3prio programa, com poder para decidir pautas e at\u00e9 contrata\u00e7\u00f5es.<\/p>\n\n\n\n<h2 class=\"wp-block-heading\"><strong>Primeira crise e baixa audi\u00eancia<\/strong><\/h2>\n\n\n\n<p>O telejornal, que estreou em&nbsp;<strong>9 de junho<\/strong>, enfrentou sua primeira crise logo na segunda semana, quando o editor-chefe pediu demiss\u00e3o ap\u00f3s uma reclama\u00e7\u00e3o p\u00fablica de Datena sobre a edi\u00e7\u00e3o de uma reportagem. No Ibope, os n\u00fameros tamb\u00e9m n\u00e3o animam: a m\u00e9dia recente \u00e9 de apenas&nbsp;<strong>0,2 ponto<\/strong>&nbsp;na Grande S\u00e3o Paulo \u2014 cerca de 40 mil telespectadores.<\/p>\n\n\n\n<p>O desempenho \u00e9 muito abaixo dos concorrentes diretos, como&nbsp;<em>Brasil Urgente<\/em>&nbsp;(Band),&nbsp;<em>Cidade Alerta<\/em>&nbsp;(Record) e&nbsp;<em>T\u00e1 na Hora<\/em>&nbsp;(SBT), que oscilam entre 2 e 9 pontos.<\/p>\n\n\n\n<h2 class=\"wp-block-heading\"><strong>O contraste com William Bonner<\/strong><\/h2>\n\n\n\n<p>Enquanto Datena busca estabilidade e menos press\u00e3o na RedeTV!, outro nome do jornalismo televisivo brasileiro chama aten\u00e7\u00e3o pelo valor de seu contrato.\u00a0William Bonner, \u00e2ncora e editor-chefe do\u00a0<em>Jornal Nacional<\/em>, teria vencimentos estimados em\u00a0R$ 2,3 milh\u00f5es por m\u00eas, segundo informa\u00e7\u00f5es divulgadas pelo colunista Alessandro Lo Bianco.<\/p>\n\n\n\n<p>Se confirmados, os n\u00fameros impressionam: seriam\u00a0R$ 76 mil por dia,\u00a0R$ 9,5 mil por hora\u00a0e aproximadamente\u00a0R$ 158 por minuto\u00a0trabalhado. A cifra voltou a repercutir nas redes sociais nas \u00faltimas semanas, levantando debates sobre desigualdade salarial e os bastidores da televis\u00e3o brasileira.<\/p>\n\n\n\n<p>Outros nomes da Globo tamb\u00e9m aparecem em valores milion\u00e1rios:\u00a0Ana Maria Braga\u00a0com cerca de R$ 2 milh\u00f5es mensais,\u00a0Renata Vasconcellos\u00a0e\u00a0Marcos Mion\u00a0na faixa de R$ 1,2 milh\u00e3o, enquanto\u00a0Luciano Huck\u00a0lideraria a lista, com supostos\u00a0R$ 5 milh\u00f5es mensais.<\/p>\n","protected":false},"excerpt":{"rendered":"<p>Jos\u00e9 Luiz Datena voltou \u00e0 RedeTV! em junho deste ano para comandar um telejornal di\u00e1rio, ap\u00f3s uma breve passagem pelo SBT. O apresentador, conhecido por seu estilo explosivo e pela forte presen\u00e7a no jornalismo policial, assinou contrato diretamente com Amilcare Dallevo Jr., dono da emissora, em uma decis\u00e3o mais movida pela amizade do que pela [&hellip;]<\/p>\n","protected":false},"author":9,"featured_media":16966,"comment_status":"closed","ping_status":"closed","sticky":false,"template":"","format":"standard","meta":{"jnews-multi-image_gallery":[],"jnews_single_post":{"format":"standard"},"jnews_primary_category":[],"jnews_social_meta":[],"jnews_override_counter":[],"jnews_post_split":[],"footnotes":""},"categories":[1],"tags":[],"class_list":["post-16960","post","type-post","status-publish","format-standard","has-post-thumbnail","hentry","category-geral"],"_referencia":"","_links":{"self":[{"href":"https:\/\/diariodocomercio.com.br\/mix\/wp-json\/wp\/v2\/posts\/16960","targetHints":{"allow":["GET"]}}],"collection":[{"href":"https:\/\/diariodocomercio.com.br\/mix\/wp-json\/wp\/v2\/posts"}],"about":[{"href":"https:\/\/diariodocomercio.com.br\/mix\/wp-json\/wp\/v2\/types\/post"}],"author":[{"embeddable":true,"href":"https:\/\/diariodocomercio.com.br\/mix\/wp-json\/wp\/v2\/users\/9"}],"replies":[{"embeddable":true,"href":"https:\/\/diariodocomercio.com.br\/mix\/wp-json\/wp\/v2\/comments?post=16960"}],"version-history":[{"count":1,"href":"https:\/\/diariodocomercio.com.br\/mix\/wp-json\/wp\/v2\/posts\/16960\/revisions"}],"predecessor-version":[{"id":16967,"href":"https:\/\/diariodocomercio.com.br\/mix\/wp-json\/wp\/v2\/posts\/16960\/revisions\/16967"}],"wp:featuredmedia":[{"embeddable":true,"href":"https:\/\/diariodocomercio.com.br\/mix\/wp-json\/wp\/v2\/media\/16966"}],"wp:attachment":[{"href":"https:\/\/diariodocomercio.com.br\/mix\/wp-json\/wp\/v2\/media?parent=16960"}],"wp:term":[{"taxonomy":"category","embeddable":true,"href":"https:\/\/diariodocomercio.com.br\/mix\/wp-json\/wp\/v2\/categories?post=16960"},{"taxonomy":"post_tag","embeddable":true,"href":"https:\/\/diariodocomercio.com.br\/mix\/wp-json\/wp\/v2\/tags?post=16960"}],"curies":[{"name":"wp","href":"https:\/\/api.w.org\/{rel}","templated":true}]}}