{"id":16968,"date":"2025-08-25T11:51:26","date_gmt":"2025-08-25T14:51:26","guid":{"rendered":"https:\/\/diariodocomercio.com.br\/mix\/?p=16968"},"modified":"2025-08-26T10:02:10","modified_gmt":"2025-08-26T13:02:10","slug":"aposentados-acordam-com-apenas-r-900-na-conta-veja-o-que-aconteceu","status":"publish","type":"post","link":"https:\/\/diariodocomercio.com.br\/mix\/aposentados-acordam-com-apenas-r-900-na-conta-veja-o-que-aconteceu\/","title":{"rendered":"Aposentados acordam com apenas R$ 900 na conta; veja o que aconteceu"},"content":{"rendered":"\n<p>Um estudo do\u00a0Centro de Intelig\u00eancia do Tribunal de Justi\u00e7a de Mato Grosso do Sul (Cijems)\u00a0revelou um cen\u00e1rio preocupante para aposentados e pensionistas do INSS. Em 60% dos processos analisados, os benefici\u00e1rios ficaram com apenas\u00a0R$ 900 mensais\u00a0dispon\u00edveis para sobreviver ap\u00f3s o desconto autom\u00e1tico de parcelas de empr\u00e9stimos. Em 20% dos casos, a renda foi totalmente comprometida, sem sobrar nenhum valor para despesas b\u00e1sicas.<\/p>\n\n\n\n<p>A an\u00e1lise, que examinou\u00a050 processos judiciais envolvendo 91 contratos de empr\u00e9stimos, identificou que a principal origem dos conflitos \u00e9 a\u00a0falta de clareza na comunica\u00e7\u00e3o com os clientes. Muitos idosos autorizaram os procedimentos sem compreender que os d\u00e9bitos poderiam reduzir drasticamente sua renda, comprometendo o chamado \u201cm\u00ednimo existencial\u201d.<\/p>\n\n\n\n<p>A nota t\u00e9cnica do Cijems alerta para a \u201cprov\u00e1vel afeta\u00e7\u00e3o \u00e0 subsist\u00eancia pr\u00f3pria e da fam\u00edlia\u201d, j\u00e1 que a maioria dos afetados depende exclusivamente do benef\u00edcio previdenci\u00e1rio para sobreviver.<\/p>\n\n\n\n<h2 class=\"wp-block-heading\"><strong>Cobran\u00e7as irregulares e acesso a dados pessoais<\/strong><\/h2>\n\n\n\n<p>Al\u00e9m dos empr\u00e9stimos consignados,&nbsp;<strong>bancos privados como Bradesco, Ita\u00fa e Santander<\/strong>&nbsp;tamb\u00e9m foram citados em processos por autorizarem d\u00e9bitos autom\u00e1ticos de clubes de benef\u00edcios e financeiras sem o consentimento dos correntistas. Entre as empresas que lan\u00e7aram cobran\u00e7as est\u00e3o a Sebraseg, o Binclub e a Paulista Servi\u00e7os de Recebimentos e Pagamentos.<\/p>\n\n\n\n<p>De acordo com reportagem do UOL, para realizar esse tipo de d\u00e9bito \u00e9 necess\u00e1rio ter acesso a dados pessoais e banc\u00e1rios dos clientes, o que levanta suspeitas sobre o uso indevido dessas informa\u00e7\u00f5es.<\/p>\n\n\n\n<h2 class=\"wp-block-heading\"><strong>A brecha do Banco Central<\/strong><\/h2>\n\n\n\n<p>Especialistas apontam que uma normativa do&nbsp;<strong>Banco Central, editada em 2021<\/strong>, abriu espa\u00e7o para esse tipo de problema. A medida permitiu que financeiras autorizadas realizassem d\u00e9bitos autom\u00e1ticos sem anu\u00eancia do correntista, com o objetivo de reduzir fraudes. No entanto, a brecha teria sido usada por seguradoras e clubes de benef\u00edcios para efetuar cobran\u00e7as sem o devido consentimento.<\/p>\n\n\n\n<p>Desde ent\u00e3o, as a\u00e7\u00f5es judiciais cresceram significativamente, somando&nbsp;<strong>128 mil processos movidos por aposentados<\/strong>contra institui\u00e7\u00f5es financeiras.<\/p>\n\n\n\n<h2 class=\"wp-block-heading\"><strong>O que dizem os bancos<\/strong><\/h2>\n\n\n\n<p>O&nbsp;<strong>Bradesco<\/strong>, que concentra cerca de 14 mil processos, alegou sigilo banc\u00e1rio e afirmou que cumpre as normas do Banco Central, enviando notifica\u00e7\u00f5es pr\u00e9vias aos clientes. O&nbsp;<strong>Ita\u00fa<\/strong>&nbsp;declarou que j\u00e1 ressarciu clientes prejudicados pela Paulista Servi\u00e7os e voltou a exigir autoriza\u00e7\u00e3o para novos d\u00e9bitos. J\u00e1 o&nbsp;<strong>Santander<\/strong>&nbsp;disse monitorar os conv\u00eanios e assegurar que os correntistas sejam informados sobre as cobran\u00e7as.<\/p>\n\n\n\n<p>Enquanto isso, milhares de aposentados seguem enfrentando a dura realidade de abrir a conta banc\u00e1ria e encontrar apenas&nbsp;<strong>R$ 900 para atravessar o m\u00eas<\/strong>.<\/p>\n","protected":false},"excerpt":{"rendered":"<p>Um estudo do\u00a0Centro de Intelig\u00eancia do Tribunal de Justi\u00e7a de Mato Grosso do Sul (Cijems)\u00a0revelou um cen\u00e1rio preocupante para aposentados e pensionistas do INSS. Em 60% dos processos analisados, os benefici\u00e1rios ficaram com apenas\u00a0R$ 900 mensais\u00a0dispon\u00edveis para sobreviver ap\u00f3s o desconto autom\u00e1tico de parcelas de empr\u00e9stimos. Em 20% dos casos, a renda foi totalmente comprometida, [&hellip;]<\/p>\n","protected":false},"author":9,"featured_media":5368,"comment_status":"closed","ping_status":"closed","sticky":false,"template":"","format":"standard","meta":{"jnews-multi-image_gallery":[],"jnews_single_post":{"format":"standard"},"jnews_primary_category":[],"jnews_social_meta":[],"jnews_override_counter":[],"jnews_post_split":[],"footnotes":""},"categories":[1],"tags":[],"class_list":["post-16968","post","type-post","status-publish","format-standard","has-post-thumbnail","hentry","category-geral"],"_referencia":"","_links":{"self":[{"href":"https:\/\/diariodocomercio.com.br\/mix\/wp-json\/wp\/v2\/posts\/16968","targetHints":{"allow":["GET"]}}],"collection":[{"href":"https:\/\/diariodocomercio.com.br\/mix\/wp-json\/wp\/v2\/posts"}],"about":[{"href":"https:\/\/diariodocomercio.com.br\/mix\/wp-json\/wp\/v2\/types\/post"}],"author":[{"embeddable":true,"href":"https:\/\/diariodocomercio.com.br\/mix\/wp-json\/wp\/v2\/users\/9"}],"replies":[{"embeddable":true,"href":"https:\/\/diariodocomercio.com.br\/mix\/wp-json\/wp\/v2\/comments?post=16968"}],"version-history":[{"count":2,"href":"https:\/\/diariodocomercio.com.br\/mix\/wp-json\/wp\/v2\/posts\/16968\/revisions"}],"predecessor-version":[{"id":17110,"href":"https:\/\/diariodocomercio.com.br\/mix\/wp-json\/wp\/v2\/posts\/16968\/revisions\/17110"}],"wp:featuredmedia":[{"embeddable":true,"href":"https:\/\/diariodocomercio.com.br\/mix\/wp-json\/wp\/v2\/media\/5368"}],"wp:attachment":[{"href":"https:\/\/diariodocomercio.com.br\/mix\/wp-json\/wp\/v2\/media?parent=16968"}],"wp:term":[{"taxonomy":"category","embeddable":true,"href":"https:\/\/diariodocomercio.com.br\/mix\/wp-json\/wp\/v2\/categories?post=16968"},{"taxonomy":"post_tag","embeddable":true,"href":"https:\/\/diariodocomercio.com.br\/mix\/wp-json\/wp\/v2\/tags?post=16968"}],"curies":[{"name":"wp","href":"https:\/\/api.w.org\/{rel}","templated":true}]}}