{"id":16970,"date":"2025-08-25T12:03:27","date_gmt":"2025-08-25T15:03:27","guid":{"rendered":"https:\/\/diariodocomercio.com.br\/mix\/?p=16970"},"modified":"2025-08-25T12:03:30","modified_gmt":"2025-08-25T15:03:30","slug":"seu-canal-favorito-do-youtube-pode-ter-sido-excluido-permanentemente-nesse-fim-de-semana","status":"publish","type":"post","link":"https:\/\/diariodocomercio.com.br\/mix\/seu-canal-favorito-do-youtube-pode-ter-sido-excluido-permanentemente-nesse-fim-de-semana\/","title":{"rendered":"Seu canal favorito do YouTube pode ter sido exclu\u00eddo permanentemente nesse fim de semana"},"content":{"rendered":"\n<p>Tr\u00eas dos canais de maior alcance entre o p\u00fablico jovem no Brasil desapareceram do YouTube na \u00faltima semana.\u00a0Taspio, Jo\u00e3o Caetano e Paty e Ded\u00e9, que juntos somavam mais de 30 milh\u00f5es de inscritos, foram exclu\u00eddos pela plataforma sob a justificativa de que seus conte\u00fados\u00a0\u201cviolam as pol\u00edticas de seguran\u00e7a infantil\u201d.<\/p>\n\n\n\n<p>Os perfis sa\u00edram do ar na noite de quarta-feira (20) e, no dia seguinte, o YouTube confirmou a decis\u00e3o em nota enviada ao&nbsp;<em>g1<\/em>. A empresa afirmou que den\u00fancias an\u00f4nimas da comunidade de usu\u00e1rios motivaram a remo\u00e7\u00e3o. Os criadores ainda podem recorrer da decis\u00e3o.<\/p>\n\n\n\n<h2 class=\"wp-block-heading\"><strong>Quem s\u00e3o os influenciadores afetados<\/strong><\/h2>\n\n\n\n<p>Felipe S\u00e1pio, conhecido como&nbsp;<strong>Taspio<\/strong>, morador de Londrina (PR), reunia&nbsp;<strong>12 milh\u00f5es de seguidores<\/strong>&nbsp;e produzia encena\u00e7\u00f5es com crian\u00e7as e adolescentes em temas como relacionamentos. Em suas redes, chegou a publicar imagens ao lado de 13 jovens que integravam o grupo de grava\u00e7\u00f5es.<\/p>\n\n\n\n<figure class=\"wp-block-image size-full\"><img decoding=\"async\" width=\"1200\" height=\"800\" src=\"https:\/\/diariodocomercio.com.br\/mix\/wp-content\/uploads\/2025\/08\/image-131.png\" alt=\"\" class=\"wp-image-16971\" srcset=\"https:\/\/diariodocomercio.com.br\/mix\/wp-content\/uploads\/2025\/08\/image-131.png 1200w, https:\/\/diariodocomercio.com.br\/mix\/wp-content\/uploads\/2025\/08\/image-131-300x200.png 300w, https:\/\/diariodocomercio.com.br\/mix\/wp-content\/uploads\/2025\/08\/image-131-768x512.png 768w, https:\/\/diariodocomercio.com.br\/mix\/wp-content\/uploads\/2025\/08\/image-131-150x100.png 150w, https:\/\/diariodocomercio.com.br\/mix\/wp-content\/uploads\/2025\/08\/image-131-750x500.png 750w, https:\/\/diariodocomercio.com.br\/mix\/wp-content\/uploads\/2025\/08\/image-131-1140x760.png 1140w\" sizes=\"(max-width: 1200px) 100vw, 1200px\" \/><figcaption class=\"wp-element-caption\">Paty e Ded\u00e9, Jo\u00e3o Caetano e Taspio<\/figcaption><\/figure>\n\n\n\n<p>J\u00e1&nbsp;<strong>Jo\u00e3o Caetano<\/strong>, tamb\u00e9m de Londrina, possu\u00eda&nbsp;<strong>17 milh\u00f5es de seguidores<\/strong>&nbsp;e fazia v\u00eddeos de manobras de bicicleta, desafios e ostenta\u00e7\u00e3o de carros de luxo. O casal&nbsp;<strong>Patr\u00edcia Caetano e Andr\u00e9 Campos<\/strong>, conhecidos como&nbsp;<strong>Paty e Ded\u00e9<\/strong>, acumulava&nbsp;<strong>7 milh\u00f5es de inscritos<\/strong>, com conte\u00fados de dan\u00e7a, esportes e encena\u00e7\u00f5es envolvendo crian\u00e7as.<\/p>\n\n\n\n<h2 class=\"wp-block-heading\"><strong>Pol\u00eamica e rea\u00e7\u00e3o dos criadores<\/strong><\/h2>\n\n\n\n<p>A remo\u00e7\u00e3o ocorre em meio a uma s\u00e9rie de puni\u00e7\u00f5es aplicadas pela plataforma ap\u00f3s a repercuss\u00e3o de casos envolvendo a&nbsp;<strong>adultiza\u00e7\u00e3o de menores em conte\u00fados digitais<\/strong>, como os epis\u00f3dios recentes envolvendo Hytalo Santos e Felca.<\/p>\n\n\n\n<p>Em nota, a defesa dos youtubers afirmou que\u00a0<strong>n\u00e3o houve notifica\u00e7\u00e3o pr\u00e9via<\/strong>\u00a0por parte do YouTube e classificou o procedimento como \u201cem desacordo com a lei\u201d. Os advogados destacaram que todas as produ\u00e7\u00f5es \u201csempre priorizaram o melhor interesse das crian\u00e7as e adolescentes\u201d, com contratos formalizados pelos respons\u00e1veis legais e acompanhamento psicol\u00f3gico dos menores.<\/p>\n\n\n\n<p>Os influenciadores prometem contestar a decis\u00e3o e recorrer da exclus\u00e3o. Enquanto o impasse n\u00e3o \u00e9 resolvido, milh\u00f5es de seguidores est\u00e3o sem acesso aos v\u00eddeos que faziam parte da rotina de entretenimento no YouTube.<\/p>\n\n\n\n<p><\/p>\n","protected":false},"excerpt":{"rendered":"<p>Tr\u00eas dos canais de maior alcance entre o p\u00fablico jovem no Brasil desapareceram do YouTube na \u00faltima semana.\u00a0Taspio, Jo\u00e3o Caetano e Paty e Ded\u00e9, que juntos somavam mais de 30 milh\u00f5es de inscritos, foram exclu\u00eddos pela plataforma sob a justificativa de que seus conte\u00fados\u00a0\u201cviolam as pol\u00edticas de seguran\u00e7a infantil\u201d. Os perfis sa\u00edram do ar na [&hellip;]<\/p>\n","protected":false},"author":9,"featured_media":16973,"comment_status":"closed","ping_status":"closed","sticky":false,"template":"","format":"standard","meta":{"jnews-multi-image_gallery":[],"jnews_single_post":{"format":"standard"},"jnews_primary_category":[],"jnews_social_meta":[],"jnews_override_counter":[],"jnews_post_split":[],"footnotes":""},"categories":[1],"tags":[],"class_list":["post-16970","post","type-post","status-publish","format-standard","has-post-thumbnail","hentry","category-geral"],"_referencia":"","_links":{"self":[{"href":"https:\/\/diariodocomercio.com.br\/mix\/wp-json\/wp\/v2\/posts\/16970","targetHints":{"allow":["GET"]}}],"collection":[{"href":"https:\/\/diariodocomercio.com.br\/mix\/wp-json\/wp\/v2\/posts"}],"about":[{"href":"https:\/\/diariodocomercio.com.br\/mix\/wp-json\/wp\/v2\/types\/post"}],"author":[{"embeddable":true,"href":"https:\/\/diariodocomercio.com.br\/mix\/wp-json\/wp\/v2\/users\/9"}],"replies":[{"embeddable":true,"href":"https:\/\/diariodocomercio.com.br\/mix\/wp-json\/wp\/v2\/comments?post=16970"}],"version-history":[{"count":1,"href":"https:\/\/diariodocomercio.com.br\/mix\/wp-json\/wp\/v2\/posts\/16970\/revisions"}],"predecessor-version":[{"id":16974,"href":"https:\/\/diariodocomercio.com.br\/mix\/wp-json\/wp\/v2\/posts\/16970\/revisions\/16974"}],"wp:featuredmedia":[{"embeddable":true,"href":"https:\/\/diariodocomercio.com.br\/mix\/wp-json\/wp\/v2\/media\/16973"}],"wp:attachment":[{"href":"https:\/\/diariodocomercio.com.br\/mix\/wp-json\/wp\/v2\/media?parent=16970"}],"wp:term":[{"taxonomy":"category","embeddable":true,"href":"https:\/\/diariodocomercio.com.br\/mix\/wp-json\/wp\/v2\/categories?post=16970"},{"taxonomy":"post_tag","embeddable":true,"href":"https:\/\/diariodocomercio.com.br\/mix\/wp-json\/wp\/v2\/tags?post=16970"}],"curies":[{"name":"wp","href":"https:\/\/api.w.org\/{rel}","templated":true}]}}