{"id":16975,"date":"2025-08-25T12:23:09","date_gmt":"2025-08-25T15:23:09","guid":{"rendered":"https:\/\/diariodocomercio.com.br\/mix\/?p=16975"},"modified":"2025-08-25T12:23:12","modified_gmt":"2025-08-25T15:23:12","slug":"a-cachoeira-mais-alta-do-mundo-esta-a-apenas-6-horas-de-sao-paulo","status":"publish","type":"post","link":"https:\/\/diariodocomercio.com.br\/mix\/a-cachoeira-mais-alta-do-mundo-esta-a-apenas-6-horas-de-sao-paulo\/","title":{"rendered":"A cachoeira mais alta do mundo est\u00e1 a apenas 6 horas de S\u00e3o Paulo"},"content":{"rendered":"\n<p>Conhecer a maior cachoeira do mundo pode estar mais perto do que imaginam os viajantes brasileiros. Localizada no\u00a0<strong>Parque Nacional Canaima<\/strong>, na Venezuela, o\u00a0<strong>Salto \u00c1ngel<\/strong>\u00a0tem 979 metros de altura \u2014 sendo 807 metros de queda livre \u2014 e pode ser alcan\u00e7ado em uma viagem de apenas\u00a0<strong>seis horas de avi\u00e3o a partir de S\u00e3o Paulo<\/strong>, de acordo com a dist\u00e2ncia estimada pelo Google Maps.<\/p>\n\n\n\n<p>A catarata est\u00e1 no extremo sudeste do pa\u00eds, em plena&nbsp;<strong>Floresta Amaz\u00f4nica<\/strong>, sobre a montanha Auyan Tepui, conhecida como \u201cmontanha do diabo\u201d no idioma ind\u00edgena pem\u00f3n. Al\u00e9m de sua impon\u00eancia natural, o local \u00e9 um dos destinos tur\u00edsticos mais famosos da Venezuela, atraindo aventureiros em busca de trilhas, contempla\u00e7\u00e3o da natureza e paisagens \u00fanicas.<\/p>\n\n\n\n<p>O nome&nbsp;<strong>Salto \u00c1ngel<\/strong>&nbsp;causa confus\u00e3o. Embora muitos traduzam como \u201csalto do anjo\u201d, a denomina\u00e7\u00e3o \u00e9, na verdade, uma homenagem ao aviador norte-americano&nbsp;<strong>James Crawford Angel<\/strong>, conhecido como Jimmy Angel, que sobrevoou a regi\u00e3o em 1937. Em 2009, o ent\u00e3o presidente Hugo Ch\u00e1vez oficializou o nome, embora os povos ind\u00edgenas continuem chamando a queda d\u2019\u00e1gua de&nbsp;<strong>Kerepakupai Mer\u00fa<\/strong>, que significa \u201csalto do lugar mais profundo\u201d.<\/p>\n\n\n\n<figure class=\"wp-block-image size-full\"><img decoding=\"async\" width=\"1003\" height=\"523\" src=\"https:\/\/diariodocomercio.com.br\/mix\/wp-content\/uploads\/2025\/08\/image-134.png\" alt=\"\" class=\"wp-image-16976\" srcset=\"https:\/\/diariodocomercio.com.br\/mix\/wp-content\/uploads\/2025\/08\/image-134.png 1003w, https:\/\/diariodocomercio.com.br\/mix\/wp-content\/uploads\/2025\/08\/image-134-300x156.png 300w, https:\/\/diariodocomercio.com.br\/mix\/wp-content\/uploads\/2025\/08\/image-134-768x400.png 768w, https:\/\/diariodocomercio.com.br\/mix\/wp-content\/uploads\/2025\/08\/image-134-150x78.png 150w, https:\/\/diariodocomercio.com.br\/mix\/wp-content\/uploads\/2025\/08\/image-134-750x391.png 750w\" sizes=\"(max-width: 1003px) 100vw, 1003px\" \/><figcaption class=\"wp-element-caption\">Cachoeira Salto \u00c1ngel <\/figcaption><\/figure>\n\n\n\n<h2 class=\"wp-block-heading\"><strong>Rota direta a partir do Brasil<\/strong><\/h2>\n\n\n\n<p>A novidade para os turistas brasileiros \u00e9 que a&nbsp;<strong>Gol Linhas A\u00e9reas<\/strong>&nbsp;anunciou uma nova rota entre&nbsp;<strong>S\u00e3o Paulo e Caracas<\/strong>, a partir de&nbsp;<strong>5 de agosto de 2025<\/strong>. Ser\u00e3o tr\u00eas voos semanais \u2014 \u00e0s ter\u00e7as, quintas e s\u00e1bados \u2014 partindo do Aeroporto de Guarulhos \u00e0s 17h05, com chegada prevista na capital venezuelana \u00e0s 22h10. O retorno est\u00e1 marcado para 23h40, com pouso em S\u00e3o Paulo \u00e0s 6h55.<\/p>\n\n\n\n<p>Os voos ser\u00e3o operados em aeronaves Boeing 737 MAX 8, com capacidade para 176 passageiros. As passagens j\u00e1 est\u00e3o \u00e0 venda, e uma simula\u00e7\u00e3o feita nesta semana para outubro mostra pre\u00e7os a partir de&nbsp;<strong>R$ 3.442 ida e volta<\/strong>, com embarque em Campo Grande e conex\u00e3o em Guarulhos.<\/p>\n\n\n\n<h2 class=\"wp-block-heading\"><strong>Turismo em alta na Amaz\u00f4nia internacional<\/strong><\/h2>\n\n\n\n<p>A regi\u00e3o amaz\u00f4nica j\u00e1 \u00e9 conhecida no Brasil por atrair visitantes para cachoeiras em locais como&nbsp;<strong>Presidente Figueiredo (AM)<\/strong>, que abriga cerca de 150 quedas d\u2019\u00e1gua. Mas a possibilidade de explorar o&nbsp;<strong>Salto \u00c1ngel<\/strong>, a maior do planeta, promete refor\u00e7ar o turismo internacional na regi\u00e3o.<\/p>\n\n\n\n<p>Com o novo voo direto, brasileiros ganham mais facilidade para conhecer de perto um dos maiores espet\u00e1culos naturais do mundo \u2014 uma experi\u00eancia que une aventura, cultura e a grandiosidade da Amaz\u00f4nia.<\/p>\n","protected":false},"excerpt":{"rendered":"<p>Conhecer a maior cachoeira do mundo pode estar mais perto do que imaginam os viajantes brasileiros. Localizada no\u00a0Parque Nacional Canaima, na Venezuela, o\u00a0Salto \u00c1ngel\u00a0tem 979 metros de altura \u2014 sendo 807 metros de queda livre \u2014 e pode ser alcan\u00e7ado em uma viagem de apenas\u00a0seis horas de avi\u00e3o a partir de S\u00e3o Paulo, de acordo [&hellip;]<\/p>\n","protected":false},"author":9,"featured_media":16977,"comment_status":"closed","ping_status":"closed","sticky":false,"template":"","format":"standard","meta":{"jnews-multi-image_gallery":[],"jnews_single_post":{"format":"standard"},"jnews_primary_category":[],"jnews_social_meta":[],"jnews_override_counter":[],"jnews_post_split":[],"footnotes":""},"categories":[1],"tags":[],"class_list":["post-16975","post","type-post","status-publish","format-standard","has-post-thumbnail","hentry","category-geral"],"_referencia":"","_links":{"self":[{"href":"https:\/\/diariodocomercio.com.br\/mix\/wp-json\/wp\/v2\/posts\/16975","targetHints":{"allow":["GET"]}}],"collection":[{"href":"https:\/\/diariodocomercio.com.br\/mix\/wp-json\/wp\/v2\/posts"}],"about":[{"href":"https:\/\/diariodocomercio.com.br\/mix\/wp-json\/wp\/v2\/types\/post"}],"author":[{"embeddable":true,"href":"https:\/\/diariodocomercio.com.br\/mix\/wp-json\/wp\/v2\/users\/9"}],"replies":[{"embeddable":true,"href":"https:\/\/diariodocomercio.com.br\/mix\/wp-json\/wp\/v2\/comments?post=16975"}],"version-history":[{"count":1,"href":"https:\/\/diariodocomercio.com.br\/mix\/wp-json\/wp\/v2\/posts\/16975\/revisions"}],"predecessor-version":[{"id":16978,"href":"https:\/\/diariodocomercio.com.br\/mix\/wp-json\/wp\/v2\/posts\/16975\/revisions\/16978"}],"wp:featuredmedia":[{"embeddable":true,"href":"https:\/\/diariodocomercio.com.br\/mix\/wp-json\/wp\/v2\/media\/16977"}],"wp:attachment":[{"href":"https:\/\/diariodocomercio.com.br\/mix\/wp-json\/wp\/v2\/media?parent=16975"}],"wp:term":[{"taxonomy":"category","embeddable":true,"href":"https:\/\/diariodocomercio.com.br\/mix\/wp-json\/wp\/v2\/categories?post=16975"},{"taxonomy":"post_tag","embeddable":true,"href":"https:\/\/diariodocomercio.com.br\/mix\/wp-json\/wp\/v2\/tags?post=16975"}],"curies":[{"name":"wp","href":"https:\/\/api.w.org\/{rel}","templated":true}]}}