{"id":16983,"date":"2025-08-25T15:01:46","date_gmt":"2025-08-25T18:01:46","guid":{"rendered":"https:\/\/diariodocomercio.com.br\/mix\/?p=16983"},"modified":"2025-08-25T15:01:49","modified_gmt":"2025-08-25T18:01:49","slug":"ator-de-hollywood-fez-a-pior-escolha-da-carreira-e-perdeu-um-oscar","status":"publish","type":"post","link":"https:\/\/diariodocomercio.com.br\/mix\/ator-de-hollywood-fez-a-pior-escolha-da-carreira-e-perdeu-um-oscar\/","title":{"rendered":"Ator de Hollywood fez a pior escolha da carreira e perdeu um Oscar"},"content":{"rendered":"\n<p>Liam Neeson, conhecido por pap\u00e9is marcantes em filmes como&nbsp;<em>A Lista de Schindler<\/em>&nbsp;(1993) e a franquia&nbsp;<em>Busca Implac\u00e1vel<\/em>, teve em m\u00e3os a oportunidade que poderia ter mudado sua trajet\u00f3ria no Oscar. Escalado em 2005 para viver o presidente Abraham Lincoln no \u00e9pico de Steven Spielberg, o ator acabou abandonando o projeto cinco anos depois, convencido de que n\u00e3o estava mais \u00e0 altura do papel.<\/p>\n\n\n\n<p>\u201cFoi como um raio. Eu pensei: \u2018N\u00e3o deveria estar aqui. Minha data de validade passou. Eu n\u00e3o consigo ser Lincoln\u2019\u201d, relembrou Neeson em entrevista \u00e0\u00a0<em>GQ<\/em>, em 2014.<\/p>\n\n\n\n<p>Depois do sucesso de&nbsp;<em>A Lista de Schindler<\/em>, Spielberg buscava repetir a parceria com o irland\u00eas. O convite para estrelar&nbsp;<em>Lincoln<\/em>&nbsp;foi recebido por Neeson com entusiasmo, e o ator chegou a se dedicar por quatro anos a pesquisas sobre o presidente americano.<\/p>\n\n\n<div class=\"wp-block-image\">\n<figure class=\"aligncenter size-full\"><img decoding=\"async\" width=\"780\" height=\"438\" src=\"https:\/\/diariodocomercio.com.br\/mix\/wp-content\/uploads\/2025\/08\/image-136.png\" alt=\"\" class=\"wp-image-16988\" srcset=\"https:\/\/diariodocomercio.com.br\/mix\/wp-content\/uploads\/2025\/08\/image-136.png 780w, https:\/\/diariodocomercio.com.br\/mix\/wp-content\/uploads\/2025\/08\/image-136-300x168.png 300w, https:\/\/diariodocomercio.com.br\/mix\/wp-content\/uploads\/2025\/08\/image-136-768x431.png 768w, https:\/\/diariodocomercio.com.br\/mix\/wp-content\/uploads\/2025\/08\/image-136-150x84.png 150w, https:\/\/diariodocomercio.com.br\/mix\/wp-content\/uploads\/2025\/08\/image-136-750x421.png 750w\" sizes=\"(max-width: 780px) 100vw, 780px\" \/><figcaption class=\"wp-element-caption\">Liam Neeson (Reprodu\u00e7\u00e3o\/Universal Pictures)<\/figcaption><\/figure>\n<\/div>\n\n\n<p>O roteiro passou por mudan\u00e7as ao longo dos anos at\u00e9 chegar \u00e0s m\u00e3os do dramaturgo Tony Kushner, que deu foco \u00e0 aprova\u00e7\u00e3o da 13\u00aa Emenda, que aboliu a escravid\u00e3o nos Estados Unidos. Em 2009, durante uma leitura de mesa com Spielberg, Sally Field e John Lithgow, Neeson percebeu que n\u00e3o conseguiria assumir o personagem.<\/p>\n\n\n\n<p>\u201cEra um texto extraordin\u00e1rio, mas eu n\u00e3o tinha conex\u00e3o nenhuma com ele. Parte disso tamb\u00e9m era luto\u201d, disse o ator, que havia perdido a esposa, Natasha Richardson, em um acidente de esqui meses antes.<\/p>\n\n\n\n<h2 class=\"wp-block-heading\"><strong>O papel que virou Oscar<\/strong><\/h2>\n\n\n\n<p>Ap\u00f3s a sa\u00edda de Neeson, Spielberg voltou a procurar Daniel Day-Lewis, que inicialmente havia recusado a oferta. Convencido por amigos em comum e pelo pr\u00f3prio diretor, o ator brit\u00e2nico aceitou o desafio. O resultado foi hist\u00f3rico: Day-Lewis recebeu seu terceiro Oscar de Melhor Ator, consolidando-se como um dos maiores int\u00e9rpretes de sua gera\u00e7\u00e3o.<\/p>\n\n\n\n<p>O filme, lan\u00e7ado em 2012, recebeu 11 indica\u00e7\u00f5es \u00e0 Academia, incluindo Melhor Filme, Melhor Diretor e Melhor Roteiro, e foi aclamado pela cr\u00edtica, com 89% de aprova\u00e7\u00e3o no site&nbsp;<em>Rotten Tomatoes<\/em>.<\/p>\n\n\n\n<h2 class=\"wp-block-heading\"><strong>Reconhecimento e resigna\u00e7\u00e3o<\/strong><\/h2>\n\n\n\n<p>Mesmo tendo perdido a chance, Neeson n\u00e3o guarda m\u00e1goas. Ao comentar a atua\u00e7\u00e3o de Day-Lewis, ele foi categ\u00f3rico: \u201cEle \u00e9 o Abraham Lincoln, p*rra. Isso \u00e9 perfeito. Perfeito\u201d.<\/p>\n\n\n\n<p>A decis\u00e3o de abandonar o papel pode ter custado a Neeson a sua maior chance de conquistar uma estatueta, mas tamb\u00e9m refor\u00e7ou sua honestidade art\u00edstica: n\u00e3o encarar um personagem sem acreditar plenamente na interpreta\u00e7\u00e3o.<\/p>\n","protected":false},"excerpt":{"rendered":"<p>Liam Neeson, conhecido por pap\u00e9is marcantes em filmes como&nbsp;A Lista de Schindler&nbsp;(1993) e a franquia&nbsp;Busca Implac\u00e1vel, teve em m\u00e3os a oportunidade que poderia ter mudado sua trajet\u00f3ria no Oscar. Escalado em 2005 para viver o presidente Abraham Lincoln no \u00e9pico de Steven Spielberg, o ator acabou abandonando o projeto cinco anos depois, convencido de que [&hellip;]<\/p>\n","protected":false},"author":9,"featured_media":12302,"comment_status":"closed","ping_status":"closed","sticky":false,"template":"","format":"standard","meta":{"jnews-multi-image_gallery":[],"jnews_single_post":{"format":"standard"},"jnews_primary_category":[],"jnews_social_meta":[],"jnews_override_counter":[],"jnews_post_split":[],"footnotes":""},"categories":[1],"tags":[],"class_list":["post-16983","post","type-post","status-publish","format-standard","has-post-thumbnail","hentry","category-geral"],"_referencia":"","_links":{"self":[{"href":"https:\/\/diariodocomercio.com.br\/mix\/wp-json\/wp\/v2\/posts\/16983","targetHints":{"allow":["GET"]}}],"collection":[{"href":"https:\/\/diariodocomercio.com.br\/mix\/wp-json\/wp\/v2\/posts"}],"about":[{"href":"https:\/\/diariodocomercio.com.br\/mix\/wp-json\/wp\/v2\/types\/post"}],"author":[{"embeddable":true,"href":"https:\/\/diariodocomercio.com.br\/mix\/wp-json\/wp\/v2\/users\/9"}],"replies":[{"embeddable":true,"href":"https:\/\/diariodocomercio.com.br\/mix\/wp-json\/wp\/v2\/comments?post=16983"}],"version-history":[{"count":1,"href":"https:\/\/diariodocomercio.com.br\/mix\/wp-json\/wp\/v2\/posts\/16983\/revisions"}],"predecessor-version":[{"id":16989,"href":"https:\/\/diariodocomercio.com.br\/mix\/wp-json\/wp\/v2\/posts\/16983\/revisions\/16989"}],"wp:featuredmedia":[{"embeddable":true,"href":"https:\/\/diariodocomercio.com.br\/mix\/wp-json\/wp\/v2\/media\/12302"}],"wp:attachment":[{"href":"https:\/\/diariodocomercio.com.br\/mix\/wp-json\/wp\/v2\/media?parent=16983"}],"wp:term":[{"taxonomy":"category","embeddable":true,"href":"https:\/\/diariodocomercio.com.br\/mix\/wp-json\/wp\/v2\/categories?post=16983"},{"taxonomy":"post_tag","embeddable":true,"href":"https:\/\/diariodocomercio.com.br\/mix\/wp-json\/wp\/v2\/tags?post=16983"}],"curies":[{"name":"wp","href":"https:\/\/api.w.org\/{rel}","templated":true}]}}