{"id":17011,"date":"2025-08-25T16:10:26","date_gmt":"2025-08-25T19:10:26","guid":{"rendered":"https:\/\/diariodocomercio.com.br\/mix\/?p=17011"},"modified":"2025-08-25T16:10:39","modified_gmt":"2025-08-25T19:10:39","slug":"quem-queimar-a-bandeira-nacional-agora-sera-processado-e-podera-ir-preso","status":"publish","type":"post","link":"https:\/\/diariodocomercio.com.br\/mix\/quem-queimar-a-bandeira-nacional-agora-sera-processado-e-podera-ir-preso\/","title":{"rendered":"Quem queimar a bandeira nacional agora ser\u00e1 processado e poder\u00e1 ir preso"},"content":{"rendered":"\n<p>O presidente Donald Trump assinou nesta segunda-feira (25) uma\u00a0<strong>ordem executiva determinando que promotores federais busquem acusa\u00e7\u00f5es criminais contra quem queimar ou \u201cdesrespeitar\u201d a bandeira dos Estados Unidos<\/strong> durante protestos.<\/p>\n\n\n\n<p>A medida instrui a procuradora-geral, Pam Bondi, a identificar casos em que a queima de bandeiras possa ser enquadrada em outros crimes \u2014 como perturba\u00e7\u00e3o da ordem p\u00fablica, crimes de \u00f3dio ou viola\u00e7\u00f5es ambientais.<\/p>\n\n\n\n<p>Trump afirmou ao assinar o decreto no Sal\u00e3o Oval:<\/p>\n\n\n\n<blockquote class=\"wp-block-quote is-layout-flow wp-block-quote-is-layout-flow\">\n<p>\u201cSe voc\u00ea queima uma bandeira, pega um ano de cadeia. Sem sa\u00eddas antecipadas. E isso vai para o seu hist\u00f3rico.\u201d<\/p>\n<\/blockquote>\n\n\n\n<p>A decis\u00e3o abre um embate direto com o precedente estabelecido em\u00a01989, no caso Texas v. Johnson, quando a Suprema Corte decidiu por 5 votos a 4 que a queima da bandeira \u00e9 um ato de express\u00e3o pol\u00edtica protegido pela\u00a0Primeira Emenda.<\/p>\n\n\n\n<p>Na \u00e9poca, a senten\u00e7a invalidou leis semelhantes em 48 estados e consolidou o direito de manifestantes de usar a bandeira como forma de protesto.<\/p>\n\n\n\n<h2 class=\"wp-block-heading\"><strong>Puni\u00e7\u00f5es mais amplas<\/strong><\/h2>\n\n\n\n<p>A ordem de Trump tamb\u00e9m prev\u00ea consequ\u00eancias para estrangeiros que queimarem a bandeira, incluindo&nbsp;<strong>nega\u00e7\u00e3o ou cancelamento de vistos, processos de deporta\u00e7\u00e3o e bloqueio de benef\u00edcios de imigra\u00e7\u00e3o<\/strong>.<\/p>\n\n\n\n<p>O texto classifica a bandeira como \u201co s\u00edmbolo mais sagrado e querido dos Estados Unidos\u201d e afirma que a sua destrui\u00e7\u00e3o \u00e9 um ato de \u201ccontempto, hostilidade e viol\u00eancia contra a Na\u00e7\u00e3o\u201d.<\/p>\n\n\n\n<h2 class=\"wp-block-heading\"><strong>Apoio popular e cr\u00edticas jur\u00eddicas<\/strong><\/h2>\n\n\n\n<p>Pesquisas mostram que grande parte dos americanos apoia medidas mais duras contra a pr\u00e1tica. Levantamento da YouGov de 2023 indicou que&nbsp;<strong>59% da popula\u00e7\u00e3o considera \u201csempre inaceit\u00e1vel\u201d queimar a bandeira em protestos<\/strong>.<\/p>\n\n\n\n<p>Especialistas em liberdade de express\u00e3o, no entanto, questionam a constitucionalidade da ordem. \u201cA queima de bandeira como forma de protesto pol\u00edtico \u00e9 protegida pela Primeira Emenda\u201d, disse Robert Corn-Revere, advogado-chefe da FIRE, organiza\u00e7\u00e3o dedicada \u00e0 defesa da liberdade de express\u00e3o.<\/p>\n\n\n\n<p>Segundo ele, o governo pode punir inc\u00eandios ilegais em locais p\u00fablicos, mas&nbsp;<strong>n\u00e3o pode criminalizar um ato apenas porque \u00e9 ofensivo ou impopular<\/strong>.<\/p>\n","protected":false},"excerpt":{"rendered":"<p>O presidente Donald Trump assinou nesta segunda-feira (25) uma\u00a0ordem executiva determinando que promotores federais busquem acusa\u00e7\u00f5es criminais contra quem queimar ou \u201cdesrespeitar\u201d a bandeira dos Estados Unidos durante protestos. A medida instrui a procuradora-geral, Pam Bondi, a identificar casos em que a queima de bandeiras possa ser enquadrada em outros crimes \u2014 como perturba\u00e7\u00e3o da [&hellip;]<\/p>\n","protected":false},"author":9,"featured_media":17012,"comment_status":"closed","ping_status":"closed","sticky":false,"template":"","format":"standard","meta":{"jnews-multi-image_gallery":[],"jnews_single_post":{"format":"standard"},"jnews_primary_category":[],"jnews_social_meta":[],"jnews_override_counter":[],"jnews_post_split":[],"footnotes":""},"categories":[1],"tags":[],"class_list":["post-17011","post","type-post","status-publish","format-standard","has-post-thumbnail","hentry","category-geral"],"_referencia":"","_links":{"self":[{"href":"https:\/\/diariodocomercio.com.br\/mix\/wp-json\/wp\/v2\/posts\/17011","targetHints":{"allow":["GET"]}}],"collection":[{"href":"https:\/\/diariodocomercio.com.br\/mix\/wp-json\/wp\/v2\/posts"}],"about":[{"href":"https:\/\/diariodocomercio.com.br\/mix\/wp-json\/wp\/v2\/types\/post"}],"author":[{"embeddable":true,"href":"https:\/\/diariodocomercio.com.br\/mix\/wp-json\/wp\/v2\/users\/9"}],"replies":[{"embeddable":true,"href":"https:\/\/diariodocomercio.com.br\/mix\/wp-json\/wp\/v2\/comments?post=17011"}],"version-history":[{"count":2,"href":"https:\/\/diariodocomercio.com.br\/mix\/wp-json\/wp\/v2\/posts\/17011\/revisions"}],"predecessor-version":[{"id":17014,"href":"https:\/\/diariodocomercio.com.br\/mix\/wp-json\/wp\/v2\/posts\/17011\/revisions\/17014"}],"wp:featuredmedia":[{"embeddable":true,"href":"https:\/\/diariodocomercio.com.br\/mix\/wp-json\/wp\/v2\/media\/17012"}],"wp:attachment":[{"href":"https:\/\/diariodocomercio.com.br\/mix\/wp-json\/wp\/v2\/media?parent=17011"}],"wp:term":[{"taxonomy":"category","embeddable":true,"href":"https:\/\/diariodocomercio.com.br\/mix\/wp-json\/wp\/v2\/categories?post=17011"},{"taxonomy":"post_tag","embeddable":true,"href":"https:\/\/diariodocomercio.com.br\/mix\/wp-json\/wp\/v2\/tags?post=17011"}],"curies":[{"name":"wp","href":"https:\/\/api.w.org\/{rel}","templated":true}]}}