{"id":17027,"date":"2025-08-25T16:42:05","date_gmt":"2025-08-25T19:42:05","guid":{"rendered":"https:\/\/diariodocomercio.com.br\/mix\/?p=17027"},"modified":"2025-08-25T16:42:07","modified_gmt":"2025-08-25T19:42:07","slug":"8-artistas-podem-ser-eliminados-da-danca-dos-famosos","status":"publish","type":"post","link":"https:\/\/diariodocomercio.com.br\/mix\/8-artistas-podem-ser-eliminados-da-danca-dos-famosos\/","title":{"rendered":"8 artistas podem ser eliminados da Dan\u00e7a dos Famosos"},"content":{"rendered":"\n<p>A\u00a0<strong>Dan\u00e7a dos Famosos 2025<\/strong>\u00a0entrou em clima de tens\u00e3o neste domingo (24). A repescagem, que deveria envolver apenas o grupo com a menor pontua\u00e7\u00e3o, sofreu mudan\u00e7as ap\u00f3s um empate entre os\u00a0<strong>grupos B e C<\/strong>. Com isso, oito artistas retornam ao palco no pr\u00f3ximo domingo (31) em busca de uma vaga para seguir na competi\u00e7\u00e3o.<\/p>\n\n\n\n<p>Disputam a perman\u00eancia no programa:&nbsp;<strong>David Junior, Fernanda Paes Leme, Luan Pereira, Nicole Bahls, Allan Souza Lima, C\u00e1tia Fonseca, Manu Bahtid\u00e3o e Richarlyson<\/strong>.<\/p>\n\n\n\n<p>Segundo explicou o apresentador&nbsp;<strong>Luciano Huck<\/strong>, todos se apresentar\u00e3o individualmente. Ao final, as&nbsp;<strong>duas duplas com as menores notas<\/strong>&nbsp;deixar\u00e3o a competi\u00e7\u00e3o.<\/p>\n\n\n\n<h2 class=\"wp-block-heading\"><strong>Como ficaram os grupos<\/strong><\/h2>\n\n\n\n<p>O&nbsp;<strong>Grupo A<\/strong>, formado por Duda Santos, Gracyanne Barbosa, Rodrigo Faro e Silvero Pereira, foi o destaque da noite, terminando na lideran\u00e7a com&nbsp;<strong>167,9 pontos<\/strong>. J\u00e1 o&nbsp;<strong>Grupo D<\/strong>&nbsp;(\u00c1lvaro, Lucas Leto, Tereza Seiblitz e Wanessa Camargo) fechou em segundo, com&nbsp;<strong>165,7 pontos<\/strong>.<\/p>\n\n\n\n<p>Os grupos B e C empataram em&nbsp;<strong>164,4 pontos<\/strong>, indo direto para a repescagem.<\/p>\n\n\n\n<figure class=\"wp-block-image size-full\"><img decoding=\"async\" width=\"1000\" height=\"556\" src=\"https:\/\/diariodocomercio.com.br\/mix\/wp-content\/uploads\/2025\/08\/image-141.png\" alt=\"\" class=\"wp-image-17028\" srcset=\"https:\/\/diariodocomercio.com.br\/mix\/wp-content\/uploads\/2025\/08\/image-141.png 1000w, https:\/\/diariodocomercio.com.br\/mix\/wp-content\/uploads\/2025\/08\/image-141-300x167.png 300w, https:\/\/diariodocomercio.com.br\/mix\/wp-content\/uploads\/2025\/08\/image-141-768x427.png 768w, https:\/\/diariodocomercio.com.br\/mix\/wp-content\/uploads\/2025\/08\/image-141-150x83.png 150w, https:\/\/diariodocomercio.com.br\/mix\/wp-content\/uploads\/2025\/08\/image-141-750x417.png 750w\" sizes=\"(max-width: 1000px) 100vw, 1000px\" \/><figcaption class=\"wp-element-caption\">Placar da notas das dan\u00e7as (Reprodu\u00e7\u00e3o\/TV Globo)<\/figcaption><\/figure>\n\n\n\n<h2 class=\"wp-block-heading\"><strong>Apresenta\u00e7\u00f5es da noite<\/strong><\/h2>\n\n\n\n<ul class=\"wp-block-list\">\n<li>O\u00a0<strong>Grupo B<\/strong>\u00a0dan\u00e7ou ao som de\u00a0<em>Low<\/em>, de Flo Rida, e recebeu nota m\u00e1xima de\u00a0<strong>Cau\u00e3 Reymond<\/strong>, estreante no j\u00fari art\u00edstico. Milton Cunha deu\u00a0<strong>9,6<\/strong>, enquanto o j\u00fari t\u00e9cnico ficou entre\u00a0<strong>8,8 e 8,9<\/strong>. A plateia contribuiu com\u00a0<strong>9,8<\/strong>.<\/li>\n\n\n\n<li>O\u00a0<strong>Grupo C<\/strong>\u00a0se apresentou com\u00a0<em>Sexy Back<\/em>, de Justin Timberlake. Cau\u00e3 deu\u00a0<strong>10<\/strong>\u00a0e Milton Cunha\u00a0<strong>9,9<\/strong>. J\u00e1 o j\u00fari t\u00e9cnico variou entre\u00a0<strong>8,7 e 9,1<\/strong>, e a plateia garantiu\u00a0<strong>9,6<\/strong>.<\/li>\n<\/ul>\n\n\n\n<p>O j\u00fari t\u00e9cnico manteve a forma\u00e7\u00e3o tradicional com&nbsp;<strong>Carlinhos de Jesus, Ana Botafogo e Zebrinha<\/strong>, enquanto o j\u00fari art\u00edstico contou com o refor\u00e7o de Cau\u00e3 Reymond ao lado de Milton Cunha.<\/p>\n\n\n\n<h2 class=\"wp-block-heading\"><strong>O que vem por a\u00ed<\/strong><\/h2>\n\n\n\n<p>A repescagem promete ser uma das etapas mais acirradas da temporada. Oito celebridades entram em cena, mas apenas seis seguir\u00e3o no quadro. O resultado ser\u00e1 conhecido no pr\u00f3ximo domingo (31), ao vivo, no palco do&nbsp;<strong>Doming\u00e3o com Huck<\/strong>.<\/p>\n","protected":false},"excerpt":{"rendered":"<p>A\u00a0Dan\u00e7a dos Famosos 2025\u00a0entrou em clima de tens\u00e3o neste domingo (24). A repescagem, que deveria envolver apenas o grupo com a menor pontua\u00e7\u00e3o, sofreu mudan\u00e7as ap\u00f3s um empate entre os\u00a0grupos B e C. Com isso, oito artistas retornam ao palco no pr\u00f3ximo domingo (31) em busca de uma vaga para seguir na competi\u00e7\u00e3o. Disputam a [&hellip;]<\/p>\n","protected":false},"author":9,"featured_media":11426,"comment_status":"closed","ping_status":"closed","sticky":false,"template":"","format":"standard","meta":{"jnews-multi-image_gallery":[],"jnews_single_post":{"format":"standard"},"jnews_primary_category":[],"jnews_social_meta":[],"jnews_override_counter":[],"jnews_post_split":[],"footnotes":""},"categories":[1],"tags":[],"class_list":["post-17027","post","type-post","status-publish","format-standard","has-post-thumbnail","hentry","category-geral"],"_referencia":"","_links":{"self":[{"href":"https:\/\/diariodocomercio.com.br\/mix\/wp-json\/wp\/v2\/posts\/17027","targetHints":{"allow":["GET"]}}],"collection":[{"href":"https:\/\/diariodocomercio.com.br\/mix\/wp-json\/wp\/v2\/posts"}],"about":[{"href":"https:\/\/diariodocomercio.com.br\/mix\/wp-json\/wp\/v2\/types\/post"}],"author":[{"embeddable":true,"href":"https:\/\/diariodocomercio.com.br\/mix\/wp-json\/wp\/v2\/users\/9"}],"replies":[{"embeddable":true,"href":"https:\/\/diariodocomercio.com.br\/mix\/wp-json\/wp\/v2\/comments?post=17027"}],"version-history":[{"count":1,"href":"https:\/\/diariodocomercio.com.br\/mix\/wp-json\/wp\/v2\/posts\/17027\/revisions"}],"predecessor-version":[{"id":17029,"href":"https:\/\/diariodocomercio.com.br\/mix\/wp-json\/wp\/v2\/posts\/17027\/revisions\/17029"}],"wp:featuredmedia":[{"embeddable":true,"href":"https:\/\/diariodocomercio.com.br\/mix\/wp-json\/wp\/v2\/media\/11426"}],"wp:attachment":[{"href":"https:\/\/diariodocomercio.com.br\/mix\/wp-json\/wp\/v2\/media?parent=17027"}],"wp:term":[{"taxonomy":"category","embeddable":true,"href":"https:\/\/diariodocomercio.com.br\/mix\/wp-json\/wp\/v2\/categories?post=17027"},{"taxonomy":"post_tag","embeddable":true,"href":"https:\/\/diariodocomercio.com.br\/mix\/wp-json\/wp\/v2\/tags?post=17027"}],"curies":[{"name":"wp","href":"https:\/\/api.w.org\/{rel}","templated":true}]}}