{"id":17051,"date":"2025-08-25T18:51:00","date_gmt":"2025-08-25T21:51:00","guid":{"rendered":"https:\/\/diariodocomercio.com.br\/mix\/?p=17051"},"modified":"2025-08-25T18:32:39","modified_gmt":"2025-08-25T21:32:39","slug":"alerta-brasileiros-que-viajarem-a-portugal-podem-ser-presos","status":"publish","type":"post","link":"https:\/\/diariodocomercio.com.br\/mix\/alerta-brasileiros-que-viajarem-a-portugal-podem-ser-presos\/","title":{"rendered":"Alerta: Brasileiros que viajarem a Portugal podem ser presos"},"content":{"rendered":"\n<p>O <strong>Consulado do Brasil em Lisboa<\/strong> emitiu orienta\u00e7\u00f5es para brasileiros em Portugal, devido \u00e0 ativa\u00e7\u00e3o da Unidade Nacional de Estrangeiros e Fronteiras (UNEF), for\u00e7a policial que monitora imigrantes em situa\u00e7\u00e3o irregular. Estima-se que 513 mil brasileiros residem no pa\u00eds, o que torna essas instru\u00e7\u00f5es fundamentais para essa comunidade.<\/p>\n\n\n\n<p>Em opera\u00e7\u00e3o desde a \u00faltima quinta-feira (21), a UNEF visa controlar a entrada e perman\u00eancia de imigrantes, incluindo a <strong>expuls\u00e3o de estrangeiros <\/strong>em situa\u00e7\u00e3o irregular. Os brasileiros s\u00e3o o maior grupo de estrangeiros em Portugal, tornando essas medidas especialmente relevantes.<\/p>\n\n\n\n<h2 class=\"wp-block-heading\">Instru\u00e7\u00f5es consulares<\/h2>\n\n\n\n<p>O consulado aconselha a<strong> portar sempre um documento de identifica\u00e7\u00e3o <\/strong>v\u00e1lido durante deslocamentos em vias p\u00fablicas. \u00c9 crucial tamb\u00e9m manter c\u00f3pias de documentos que comprovem a situa\u00e7\u00e3o legal no pa\u00eds, como a autoriza\u00e7\u00e3o de resid\u00eancia ou comprovantes de seguran\u00e7a social.<\/p>\n\n\n\n<p>Em caso de abordagem pelas autoridades, os brasileiros devem<strong> colaborar, <\/strong>j\u00e1 que os policiais s\u00e3o obrigados por lei a se identificar.<\/p>\n\n\n\n<p>Caso uma <strong>deten\u00e7\u00e3o <\/strong>ocorra, \u00e9 essencial apresentar provas da liga\u00e7\u00e3o permanente com Portugal e contestar a a\u00e7\u00e3o judicialmente, sendo poss\u00edvel solicitar a nomea\u00e7\u00e3o de um advogado p\u00fablico. O apoio financeiro pode ser acessado por meio do servi\u00e7o social portugu\u00eas.<\/p>\n\n\n\n<h2 class=\"wp-block-heading\">Mudan\u00e7as no quadro legal de imigra\u00e7\u00e3o<\/h2>\n\n\n\n<p>Recentemente, Portugal implementou<strong> medidas rigorosas<\/strong> para o controle migrat\u00f3rio. Os vistos de trabalho s\u00e3o agora restritos a profissionais altamente qualificados, enquanto o reagrupamento familiar exige que o imigrante tenha pelo menos dois anos de resid\u00eancia legal.<\/p>\n\n\n\n<p>Essas regras buscam atingir n\u00e3o apenas a comunidade brasileira, mas tamb\u00e9m outros grupos estrangeiros.<\/p>\n\n\n\n<p>Al\u00e9m disso, a entrada no pa\u00eds somente ser\u00e1 poss\u00edvel com <strong>visto pr\u00e9vio, <\/strong>eliminando a possibilidade de solicitar autoriza\u00e7\u00e3o de resid\u00eancia como turista. As altera\u00e7\u00f5es for\u00e7am imigrantes a reavaliar suas estrat\u00e9gias e suas condi\u00e7\u00f5es para permanecerem em Portugal.<\/p>\n","protected":false},"excerpt":{"rendered":"<p>O Consulado do Brasil em Lisboa emitiu orienta\u00e7\u00f5es para brasileiros em Portugal.<\/p>\n","protected":false},"author":12,"featured_media":17052,"comment_status":"closed","ping_status":"closed","sticky":false,"template":"","format":"standard","meta":{"jnews-multi-image_gallery":[],"jnews_single_post":{"format":"standard"},"jnews_primary_category":[],"jnews_social_meta":[],"jnews_override_counter":[],"jnews_post_split":[],"footnotes":""},"categories":[1],"tags":[],"class_list":["post-17051","post","type-post","status-publish","format-standard","has-post-thumbnail","hentry","category-geral"],"_referencia":"","_links":{"self":[{"href":"https:\/\/diariodocomercio.com.br\/mix\/wp-json\/wp\/v2\/posts\/17051","targetHints":{"allow":["GET"]}}],"collection":[{"href":"https:\/\/diariodocomercio.com.br\/mix\/wp-json\/wp\/v2\/posts"}],"about":[{"href":"https:\/\/diariodocomercio.com.br\/mix\/wp-json\/wp\/v2\/types\/post"}],"author":[{"embeddable":true,"href":"https:\/\/diariodocomercio.com.br\/mix\/wp-json\/wp\/v2\/users\/12"}],"replies":[{"embeddable":true,"href":"https:\/\/diariodocomercio.com.br\/mix\/wp-json\/wp\/v2\/comments?post=17051"}],"version-history":[{"count":1,"href":"https:\/\/diariodocomercio.com.br\/mix\/wp-json\/wp\/v2\/posts\/17051\/revisions"}],"predecessor-version":[{"id":17053,"href":"https:\/\/diariodocomercio.com.br\/mix\/wp-json\/wp\/v2\/posts\/17051\/revisions\/17053"}],"wp:featuredmedia":[{"embeddable":true,"href":"https:\/\/diariodocomercio.com.br\/mix\/wp-json\/wp\/v2\/media\/17052"}],"wp:attachment":[{"href":"https:\/\/diariodocomercio.com.br\/mix\/wp-json\/wp\/v2\/media?parent=17051"}],"wp:term":[{"taxonomy":"category","embeddable":true,"href":"https:\/\/diariodocomercio.com.br\/mix\/wp-json\/wp\/v2\/categories?post=17051"},{"taxonomy":"post_tag","embeddable":true,"href":"https:\/\/diariodocomercio.com.br\/mix\/wp-json\/wp\/v2\/tags?post=17051"}],"curies":[{"name":"wp","href":"https:\/\/api.w.org\/{rel}","templated":true}]}}