{"id":17058,"date":"2025-08-25T19:14:00","date_gmt":"2025-08-25T22:14:00","guid":{"rendered":"https:\/\/diariodocomercio.com.br\/mix\/?p=17058"},"modified":"2025-08-25T19:03:38","modified_gmt":"2025-08-25T22:03:38","slug":"atacante-pentacampeao-do-mundo-com-a-selecao-brasileira-vai-participar-de-a-fazenda","status":"publish","type":"post","link":"https:\/\/diariodocomercio.com.br\/mix\/atacante-pentacampeao-do-mundo-com-a-selecao-brasileira-vai-participar-de-a-fazenda\/","title":{"rendered":"Atacante pentacampe\u00e3o do mundo com a Sele\u00e7\u00e3o Brasileira vai participar de A Fazenda"},"content":{"rendered":"\n<p>O elenco de<strong> A Fazenda 17 <\/strong>ganha forma com a confirma\u00e7\u00e3o de dois participantes distintos: o ex-jogador da Sele\u00e7\u00e3o Brasileira, <strong>Ed\u00edlson Capetinha, <\/strong>e o influenciador digital<strong> Gustavo Rocha<\/strong>. Ambos est\u00e3o entre os 24 nomes do reality rural da Record.<\/p>\n\n\n\n<p>A estreia est\u00e1 prevista para setembro na cidade de Itapecerica da Serra. Ed\u00edlson, famoso por sua atua\u00e7\u00e3o em clubes como Flamengo e Corinthians, e Rocha, com 11,2 milh\u00f5es de seguidores, prometem agitar a competi\u00e7\u00e3o.<\/p>\n\n\n\n<p>Ed\u00edlson fez parte da<strong> sele\u00e7\u00e3o brasileira campe\u00e3 da Copa do Mundo de 2002. <\/strong>A tradi\u00e7\u00e3o de incluir ex-jogadores no elenco do programa continua, oferecendo ao p\u00fablico uma nova vis\u00e3o sobre a vida p\u00f3s-carreira. Anteriormente, seu convite foi recusado devido a contratos com a Band.&nbsp;<\/p>\n\n\n<div class=\"wp-block-image\">\n<figure class=\"aligncenter size-full is-resized\"><img decoding=\"async\" width=\"884\" height=\"500\" src=\"https:\/\/diariodocomercio.com.br\/mix\/wp-content\/uploads\/2025\/08\/edilson.jpg\" alt=\"\" class=\"wp-image-17063\" style=\"width:410px;height:auto\" srcset=\"https:\/\/diariodocomercio.com.br\/mix\/wp-content\/uploads\/2025\/08\/edilson.jpg 884w, https:\/\/diariodocomercio.com.br\/mix\/wp-content\/uploads\/2025\/08\/edilson-300x170.jpg 300w, https:\/\/diariodocomercio.com.br\/mix\/wp-content\/uploads\/2025\/08\/edilson-768x434.jpg 768w, https:\/\/diariodocomercio.com.br\/mix\/wp-content\/uploads\/2025\/08\/edilson-150x85.jpg 150w, https:\/\/diariodocomercio.com.br\/mix\/wp-content\/uploads\/2025\/08\/edilson-750x424.jpg 750w\" sizes=\"(max-width: 884px) 100vw, 884px\" \/><figcaption class=\"wp-element-caption\">Ed\u00edlson fez parte da sele\u00e7\u00e3o brasileira campe\u00e3 da Copa do Mundo de 2002 (Reprodu\u00e7\u00e3o)<\/figcaption><\/figure>\n<\/div>\n\n\n<p>Gustavo Rocha, por sua vez, destaca-se nas redes sociais. Conhecido por sua habilidade de engajar seu p\u00fablico, ele agora enfrenta o desafio de um ambiente rural e competitivo, longe das telas digitais.<\/p>\n\n\n\n<h2 class=\"wp-block-heading\">Ed\u00edlson Capetinha<\/h2>\n\n\n\n<p>Ed\u00edlson Capetinha, al\u00e9m de pentacampe\u00e3o com a Sele\u00e7\u00e3o Brasileira, \u00e9 conhecido por suas passagens em clubes not\u00e1veis. Sua entrada no reality demonstra a capacidade do programa de atrair figuras relevantes e promete momentos de intera\u00e7\u00e3o exclusivos para os telespectadores.<\/p>\n\n\n\n<p>Em 2020, ele <strong>recusou o convite para participar, <\/strong>devido a compromissos profissionais.&nbsp;<\/p>\n\n\n\n<h2 class=\"wp-block-heading\">Gustavo Rocha<\/h2>\n\n\n\n<p>Gustavo Rocha, cuja presen\u00e7a digital \u00e9 marcante, completa o quadro de participantes desta edi\u00e7\u00e3o com uma nova din\u00e2mica. Sua participa\u00e7\u00e3o ser\u00e1 um teste de sua capacidade de engajamento fora do contexto virtual, onde ele construir\u00e1 sua trajet\u00f3ria aliada a diferentes estrat\u00e9gias para lidar com as intera\u00e7\u00f5es dentro do confinamento.<\/p>\n\n\n\n<p>Al\u00e9m de Ed\u00edlson e Gustavo, tamb\u00e9m foram confirmados <strong>Fabiano Moraes<\/strong> e <strong>Tamires Assis.<\/strong> Fabiano \u00e9 reconhecido como influenciador nas redes. Tamires, ligada ao Festival de Parintins, refor\u00e7a a diversidade cultural no elenco.&nbsp;<\/p>\n","protected":false},"excerpt":{"rendered":"<p>A estreia do reality show est\u00e1 prevista para setembro na cidade de Itapecerica da Serra.<\/p>\n","protected":false},"author":12,"featured_media":17059,"comment_status":"closed","ping_status":"closed","sticky":false,"template":"","format":"standard","meta":{"jnews-multi-image_gallery":[],"jnews_single_post":{"format":"standard"},"jnews_primary_category":[],"jnews_social_meta":[],"jnews_override_counter":[],"jnews_post_split":[],"footnotes":""},"categories":[1],"tags":[],"class_list":["post-17058","post","type-post","status-publish","format-standard","has-post-thumbnail","hentry","category-geral"],"_referencia":"","_links":{"self":[{"href":"https:\/\/diariodocomercio.com.br\/mix\/wp-json\/wp\/v2\/posts\/17058","targetHints":{"allow":["GET"]}}],"collection":[{"href":"https:\/\/diariodocomercio.com.br\/mix\/wp-json\/wp\/v2\/posts"}],"about":[{"href":"https:\/\/diariodocomercio.com.br\/mix\/wp-json\/wp\/v2\/types\/post"}],"author":[{"embeddable":true,"href":"https:\/\/diariodocomercio.com.br\/mix\/wp-json\/wp\/v2\/users\/12"}],"replies":[{"embeddable":true,"href":"https:\/\/diariodocomercio.com.br\/mix\/wp-json\/wp\/v2\/comments?post=17058"}],"version-history":[{"count":1,"href":"https:\/\/diariodocomercio.com.br\/mix\/wp-json\/wp\/v2\/posts\/17058\/revisions"}],"predecessor-version":[{"id":17064,"href":"https:\/\/diariodocomercio.com.br\/mix\/wp-json\/wp\/v2\/posts\/17058\/revisions\/17064"}],"wp:featuredmedia":[{"embeddable":true,"href":"https:\/\/diariodocomercio.com.br\/mix\/wp-json\/wp\/v2\/media\/17059"}],"wp:attachment":[{"href":"https:\/\/diariodocomercio.com.br\/mix\/wp-json\/wp\/v2\/media?parent=17058"}],"wp:term":[{"taxonomy":"category","embeddable":true,"href":"https:\/\/diariodocomercio.com.br\/mix\/wp-json\/wp\/v2\/categories?post=17058"},{"taxonomy":"post_tag","embeddable":true,"href":"https:\/\/diariodocomercio.com.br\/mix\/wp-json\/wp\/v2\/tags?post=17058"}],"curies":[{"name":"wp","href":"https:\/\/api.w.org\/{rel}","templated":true}]}}