{"id":17065,"date":"2025-08-25T19:37:00","date_gmt":"2025-08-25T22:37:00","guid":{"rendered":"https:\/\/diariodocomercio.com.br\/mix\/?p=17065"},"modified":"2025-08-25T19:11:16","modified_gmt":"2025-08-25T22:11:16","slug":"atriz-renomada-falece-aos-42-anos-e-deixa-o-mundo-do-cinema-de-luto","status":"publish","type":"post","link":"https:\/\/diariodocomercio.com.br\/mix\/atriz-renomada-falece-aos-42-anos-e-deixa-o-mundo-do-cinema-de-luto\/","title":{"rendered":"Atriz renomada falece aos 42 anos e deixa o mundo do cinema de luto"},"content":{"rendered":"\n<p>A atriz espanhola<strong> Ver\u00f3nica Echegui, <\/strong>de 42 anos, faleceu neste domingo, 24 de agosto, v\u00edtima de<strong> c\u00e2ncer. <\/strong>A artista, renomada por seus pap\u00e9is no cinema espanhol, estava hospitalizada em Madri. Sua morte surpreendeu a todos, j\u00e1 que sua condi\u00e7\u00e3o foi mantida em sigilo, informa\u00e7\u00e3o confirmada por fontes pr\u00f3ximas.<\/p>\n\n\n\n<p>Nascida em 1983, Ver\u00f3nica Echegui come\u00e7ou sua carreira com o filme <strong>Yo soy la Juani, <\/strong>dirigido por Bigas Luna. Esse papel lhe rendeu uma indica\u00e7\u00e3o ao pr\u00eamio Goya de Melhor Atriz Revela\u00e7\u00e3o e impulsionou sua trajet\u00f3ria no cinema europeu.<\/p>\n\n\n\n<p>Ela tamb\u00e9m se destacou em filmes como<strong> La gran familia espa\u00f1ola<\/strong> e <strong>Explota Explota, <\/strong>al\u00e9m do projeto internacional The Cold Light of Day, em que contracenou com atores de renome, como<strong> Henry Cavill.<\/strong><\/p>\n\n\n<div class=\"wp-block-image\">\n<figure class=\"aligncenter size-large is-resized\"><img decoding=\"async\" width=\"1200\" height=\"692\" src=\"https:\/\/diariodocomercio.com.br\/mix\/wp-content\/uploads\/2025\/08\/Veronica-Echegui-1-1200x692.webp\" alt=\"\" class=\"wp-image-17066\" style=\"width:475px;height:auto\" srcset=\"https:\/\/diariodocomercio.com.br\/mix\/wp-content\/uploads\/2025\/08\/Veronica-Echegui-1-1200x692.webp 1200w, https:\/\/diariodocomercio.com.br\/mix\/wp-content\/uploads\/2025\/08\/Veronica-Echegui-1-300x173.webp 300w, https:\/\/diariodocomercio.com.br\/mix\/wp-content\/uploads\/2025\/08\/Veronica-Echegui-1-768x443.webp 768w, https:\/\/diariodocomercio.com.br\/mix\/wp-content\/uploads\/2025\/08\/Veronica-Echegui-1-150x87.webp 150w, https:\/\/diariodocomercio.com.br\/mix\/wp-content\/uploads\/2025\/08\/Veronica-Echegui-1-750x433.webp 750w, https:\/\/diariodocomercio.com.br\/mix\/wp-content\/uploads\/2025\/08\/Veronica-Echegui-1-1140x658.webp 1140w, https:\/\/diariodocomercio.com.br\/mix\/wp-content\/uploads\/2025\/08\/Veronica-Echegui-1.webp 1387w\" sizes=\"(max-width: 1200px) 100vw, 1200px\" \/><figcaption class=\"wp-element-caption\">Ver\u00f3nica Echegui (Foto: Reprodu\u00e7\u00e3o\/Instagram)<\/figcaption><\/figure>\n<\/div>\n\n\n<h2 class=\"wp-block-heading\">Versatilidade&nbsp;<\/h2>\n\n\n\n<p>Ver\u00f3nica n\u00e3o se limitou \u00e0 atua\u00e7\u00e3o. Em 2022, dirigiu e roteirizou o curta-metragem <strong>T\u00f3tem Loba<\/strong>, premiado com o Goya. O filme aborda a viol\u00eancia de g\u00eanero.&nbsp;<\/p>\n\n\n\n<p>Sua habilidade de transitar entre atua\u00e7\u00e3o e dire\u00e7\u00e3o consolidou sua posi\u00e7\u00e3o no setor. Ao longo de sua carreira, Echegui acumulou cinco indica\u00e7\u00f5es ao Goya, destacando-se como uma das atrizes mais vers\u00e1teis de sua gera\u00e7\u00e3o.<\/p>\n\n\n\n<h2 class=\"wp-block-heading\">Repercuss\u00e3o da morte<\/h2>\n\n\n\n<p>A not\u00edcia da morte de Ver\u00f3nica causou enorme como\u00e7\u00e3o no mundo art\u00edstico. F\u00e3s e colegas do cinema lamentaram a perda, reconhecendo seu impacto significativo na ind\u00fastria cinematogr\u00e1fica.<\/p>\n\n\n\n<p>Apesar de sua batalha contra o c\u00e2ncer, Ver\u00f3nica escolheu manter o foco em sua carreira.<\/p>\n\n\n\n<p>Ver\u00f3nica Echegui deixou uma marca indel\u00e9vel na televis\u00e3o e no cinema. Ela atuou em s\u00e9ries como <strong>Intimidad <\/strong>e <strong>Los pacientes del doctor Garc\u00eda.<\/strong> Sua \u00faltima atua\u00e7\u00e3o foi na s\u00e9rie de com\u00e9dia rom\u00e2ntica <strong>Love You to Death,<\/strong> lan\u00e7ada em fevereiro de 2025. <\/p>\n","protected":false},"excerpt":{"rendered":"<p>A artista, renomada por seus pap\u00e9is no cinema, estava hospitalizada.<\/p>\n","protected":false},"author":12,"featured_media":10230,"comment_status":"closed","ping_status":"closed","sticky":false,"template":"","format":"standard","meta":{"jnews-multi-image_gallery":[],"jnews_single_post":{"format":"standard"},"jnews_primary_category":[],"jnews_social_meta":[],"jnews_override_counter":[],"jnews_post_split":[],"footnotes":""},"categories":[1],"tags":[],"class_list":["post-17065","post","type-post","status-publish","format-standard","has-post-thumbnail","hentry","category-geral"],"_referencia":"","_links":{"self":[{"href":"https:\/\/diariodocomercio.com.br\/mix\/wp-json\/wp\/v2\/posts\/17065","targetHints":{"allow":["GET"]}}],"collection":[{"href":"https:\/\/diariodocomercio.com.br\/mix\/wp-json\/wp\/v2\/posts"}],"about":[{"href":"https:\/\/diariodocomercio.com.br\/mix\/wp-json\/wp\/v2\/types\/post"}],"author":[{"embeddable":true,"href":"https:\/\/diariodocomercio.com.br\/mix\/wp-json\/wp\/v2\/users\/12"}],"replies":[{"embeddable":true,"href":"https:\/\/diariodocomercio.com.br\/mix\/wp-json\/wp\/v2\/comments?post=17065"}],"version-history":[{"count":1,"href":"https:\/\/diariodocomercio.com.br\/mix\/wp-json\/wp\/v2\/posts\/17065\/revisions"}],"predecessor-version":[{"id":17067,"href":"https:\/\/diariodocomercio.com.br\/mix\/wp-json\/wp\/v2\/posts\/17065\/revisions\/17067"}],"wp:featuredmedia":[{"embeddable":true,"href":"https:\/\/diariodocomercio.com.br\/mix\/wp-json\/wp\/v2\/media\/10230"}],"wp:attachment":[{"href":"https:\/\/diariodocomercio.com.br\/mix\/wp-json\/wp\/v2\/media?parent=17065"}],"wp:term":[{"taxonomy":"category","embeddable":true,"href":"https:\/\/diariodocomercio.com.br\/mix\/wp-json\/wp\/v2\/categories?post=17065"},{"taxonomy":"post_tag","embeddable":true,"href":"https:\/\/diariodocomercio.com.br\/mix\/wp-json\/wp\/v2\/tags?post=17065"}],"curies":[{"name":"wp","href":"https:\/\/api.w.org\/{rel}","templated":true}]}}