{"id":17115,"date":"2025-08-31T10:46:00","date_gmt":"2025-08-31T13:46:00","guid":{"rendered":"https:\/\/diariodocomercio.com.br\/mix\/?p=17115"},"modified":"2025-08-26T10:56:20","modified_gmt":"2025-08-26T13:56:20","slug":"chocolate-queridinho-de-brasileiros-vai-ganhar-versao-deliciosa-em-panetone","status":"publish","type":"post","link":"https:\/\/diariodocomercio.com.br\/mix\/chocolate-queridinho-de-brasileiros-vai-ganhar-versao-deliciosa-em-panetone\/","title":{"rendered":"Chocolate queridinho de brasileiros vai ganhar vers\u00e3o deliciosa em panetone"},"content":{"rendered":"\n<p>A<strong> Nestl\u00e9 <\/strong>revelou um lan\u00e7amento planejado para setembro de 2025: o <strong>Panettone Caribe <\/strong>Nestl\u00e9, inspirado no popular bombom <strong>Caribe.<\/strong> Visando proporcionar uma experi\u00eancia \u00fanica aos consumidores, o produto \u00e9 parte da estrat\u00e9gia natalina da marca.<\/p>\n\n\n\n<p>As vendas para varejistas come\u00e7aram em agosto, com a expectativa de que o panetone esteja dispon\u00edvel em lojas de todo o Brasil no in\u00edcio de setembro.<\/p>\n\n\n\n<p>Com 450 gramas, o Panettone Caribe oferece uma combina\u00e7\u00e3o de massa de fermenta\u00e7\u00e3o natural com peda\u00e7os de banana passa e recheio de chocolate. O pre\u00e7o sugerido \u00e9 de <strong>R$ 31,99.<\/strong><\/p>\n\n\n\n<p>O lan\u00e7amento reflete uma tend\u00eancia em crescimento: a reinven\u00e7\u00e3o de doces cl\u00e1ssicos em vers\u00f5es comemorativas. O bombom Caribe, caracterizado pela fus\u00e3o de banana com chocolate, \u00e9 agora a base de um panetone inovador.<\/p>\n\n\n\n<p>A empresa visa conquistar tanto consumidores que buscam novidades quanto os que possuem uma conex\u00e3o emocional com sabores tradicionais.<\/p>\n\n\n\n<p>Este produto segue o sucesso dos ovos de P\u00e1scoa Caribe, que se esgotaram rapidamente nas prateleiras. A produ\u00e7\u00e3o foi aumentada em 2025 para atender \u00e0 demanda.&nbsp;<\/p>\n\n\n<div class=\"wp-block-image\">\n<figure class=\"aligncenter size-large is-resized\"><img decoding=\"async\" width=\"1200\" height=\"883\" src=\"https:\/\/diariodocomercio.com.br\/mix\/wp-content\/uploads\/2025\/08\/crocribe-vbceloaz4ach-1200x883.webp\" alt=\"\" class=\"wp-image-17117\" style=\"width:578px;height:auto\" srcset=\"https:\/\/diariodocomercio.com.br\/mix\/wp-content\/uploads\/2025\/08\/crocribe-vbceloaz4ach-1200x883.webp 1200w, https:\/\/diariodocomercio.com.br\/mix\/wp-content\/uploads\/2025\/08\/crocribe-vbceloaz4ach-300x221.webp 300w, https:\/\/diariodocomercio.com.br\/mix\/wp-content\/uploads\/2025\/08\/crocribe-vbceloaz4ach-768x565.webp 768w, https:\/\/diariodocomercio.com.br\/mix\/wp-content\/uploads\/2025\/08\/crocribe-vbceloaz4ach-1536x1130.webp 1536w, https:\/\/diariodocomercio.com.br\/mix\/wp-content\/uploads\/2025\/08\/crocribe-vbceloaz4ach-150x110.webp 150w, https:\/\/diariodocomercio.com.br\/mix\/wp-content\/uploads\/2025\/08\/crocribe-vbceloaz4ach-750x552.webp 750w, https:\/\/diariodocomercio.com.br\/mix\/wp-content\/uploads\/2025\/08\/crocribe-vbceloaz4ach-1140x839.webp 1140w, https:\/\/diariodocomercio.com.br\/mix\/wp-content\/uploads\/2025\/08\/crocribe-vbceloaz4ach.webp 1548w\" sizes=\"(max-width: 1200px) 100vw, 1200px\" \/><figcaption class=\"wp-element-caption\">Bombom Caribe (Foto: Divulga\u00e7\u00e3o)<\/figcaption><\/figure>\n<\/div>\n\n\n<h2 class=\"wp-block-heading\">Estrat\u00e9gias de mercado<\/h2>\n\n\n\n<p>A escolha de transformar o bombom Caribe em panetone evidencia o <strong>mercado de nostalgia.<\/strong> Produtos que evocam mem\u00f3rias afetivas encontram boa aceita\u00e7\u00e3o entre os consumidores. A aposta da Nestl\u00e9 em um produto j\u00e1 popular visa aumentar a visibilidade e gerar discuss\u00f5es nas redes sociais.<\/p>\n\n\n\n<p>Outras marcas tamb\u00e9m investem em produtos que aliam tradi\u00e7\u00e3o a novos formatos, visando alcan\u00e7ar antigos e novos p\u00fablicos. Esta estrat\u00e9gia visa inova\u00e7\u00e3o sem perder o apelo emocional.<\/p>\n","protected":false},"excerpt":{"rendered":"<p>A expectativa \u00e9 de que o panetone esteja dispon\u00edvel em lojas de todo o Brasil no in\u00edcio de setembro.<\/p>\n","protected":false},"author":12,"featured_media":17116,"comment_status":"closed","ping_status":"closed","sticky":false,"template":"","format":"standard","meta":{"jnews-multi-image_gallery":[],"jnews_single_post":{"format":"standard"},"jnews_primary_category":[],"jnews_social_meta":[],"jnews_override_counter":[],"jnews_post_split":[],"footnotes":""},"categories":[1],"tags":[],"class_list":["post-17115","post","type-post","status-publish","format-standard","has-post-thumbnail","hentry","category-geral"],"_referencia":"","_links":{"self":[{"href":"https:\/\/diariodocomercio.com.br\/mix\/wp-json\/wp\/v2\/posts\/17115","targetHints":{"allow":["GET"]}}],"collection":[{"href":"https:\/\/diariodocomercio.com.br\/mix\/wp-json\/wp\/v2\/posts"}],"about":[{"href":"https:\/\/diariodocomercio.com.br\/mix\/wp-json\/wp\/v2\/types\/post"}],"author":[{"embeddable":true,"href":"https:\/\/diariodocomercio.com.br\/mix\/wp-json\/wp\/v2\/users\/12"}],"replies":[{"embeddable":true,"href":"https:\/\/diariodocomercio.com.br\/mix\/wp-json\/wp\/v2\/comments?post=17115"}],"version-history":[{"count":1,"href":"https:\/\/diariodocomercio.com.br\/mix\/wp-json\/wp\/v2\/posts\/17115\/revisions"}],"predecessor-version":[{"id":17118,"href":"https:\/\/diariodocomercio.com.br\/mix\/wp-json\/wp\/v2\/posts\/17115\/revisions\/17118"}],"wp:featuredmedia":[{"embeddable":true,"href":"https:\/\/diariodocomercio.com.br\/mix\/wp-json\/wp\/v2\/media\/17116"}],"wp:attachment":[{"href":"https:\/\/diariodocomercio.com.br\/mix\/wp-json\/wp\/v2\/media?parent=17115"}],"wp:term":[{"taxonomy":"category","embeddable":true,"href":"https:\/\/diariodocomercio.com.br\/mix\/wp-json\/wp\/v2\/categories?post=17115"},{"taxonomy":"post_tag","embeddable":true,"href":"https:\/\/diariodocomercio.com.br\/mix\/wp-json\/wp\/v2\/tags?post=17115"}],"curies":[{"name":"wp","href":"https:\/\/api.w.org\/{rel}","templated":true}]}}