{"id":17129,"date":"2025-08-31T11:38:00","date_gmt":"2025-08-31T14:38:00","guid":{"rendered":"https:\/\/diariodocomercio.com.br\/mix\/?p=17129"},"modified":"2025-08-26T11:57:28","modified_gmt":"2025-08-26T14:57:28","slug":"auxilio-gas-vai-ter-aumento-de-39-e-brasileiros-comemoram","status":"publish","type":"post","link":"https:\/\/diariodocomercio.com.br\/mix\/auxilio-gas-vai-ter-aumento-de-39-e-brasileiros-comemoram\/","title":{"rendered":"Aux\u00edlio G\u00e1s vai ter aumento de 39% e brasileiros comemoram"},"content":{"rendered":"\n<p>O governo federal confirmou que pretende reformular o\u00a0Aux\u00edlio G\u00e1s\u00a0a partir de 2026, garantindo um aumento de 39% nos recursos destinados ao programa. Para viabilizar a mudan\u00e7a, ser\u00e1 inclu\u00edda uma reserva de\u00a0R$ 5 bilh\u00f5es no Or\u00e7amento, e a expectativa \u00e9 que uma\u00a0Medida Provis\u00f3ria (MP)\u00a0com os detalhes seja enviada ao Congresso em setembro. A medida vem sendo comemorada por milh\u00f5es de brasileiros, especialmente diante do peso do g\u00e1s de cozinha no or\u00e7amento das fam\u00edlias de baixa renda.<\/p>\n\n\n\n<p>O novo benef\u00edcio, que poder\u00e1 ser chamado de\u00a0\u201cG\u00e1s para Todos\u201d\u00a0ou\u00a0\u201cG\u00e1s do Povo\u201d, substituir\u00e1 completamente o atual modelo. A principal mudan\u00e7a \u00e9 que, em vez de receber um valor em dinheiro, as fam\u00edlias ter\u00e3o direito \u00e0\u00a0retirada gratuita de um botij\u00e3o de 13 kg em pontos de revenda autorizados.<\/p>\n\n\n\n<p>O governo vai estabelecer um\u00a0Pre\u00e7o de Refer\u00eancia\u00a0por estado. Se o botij\u00e3o custar menos que o teto, a diferen\u00e7a ser\u00e1 revertida como\u00a0cr\u00e9dito extra para o benefici\u00e1rio. Cada fam\u00edlia ter\u00e1 direito a apenas um botij\u00e3o por vez, evitando que o recurso seja usado para outros fins.<\/p>\n\n\n\n<p>Criado em 2021, o programa vigente \u2014 chamado\u00a0Aux\u00edlio G\u00e1s dos Brasileiros\u00a0\u2014 atende cerca de\u00a05,13 milh\u00f5es de fam\u00edlias, com pagamentos bimestrais. O valor de agosto foi de\u00a0R$ 108, equivalente ao pre\u00e7o m\u00e9dio nacional do botij\u00e3o de 13 kg. Os repasses seguem o calend\u00e1rio do\u00a0Bolsa Fam\u00edlia.<\/p>\n\n\n\n<h2 class=\"wp-block-heading\"><strong>Mais fam\u00edlias atendidas<\/strong><\/h2>\n\n\n\n<p>A reformula\u00e7\u00e3o tamb\u00e9m prev\u00ea uma amplia\u00e7\u00e3o expressiva no alcance do benef\u00edcio: de&nbsp;<strong>5,6 milh\u00f5es para 17 milh\u00f5es de fam\u00edlias<\/strong>, contemplando cerca de&nbsp;<strong>50 milh\u00f5es de pessoas<\/strong>. Todas as fam\u00edlias que j\u00e1 recebem o aux\u00edlio atual continuar\u00e3o inclu\u00eddas automaticamente no novo modelo.<\/p>\n\n\n\n<p>De acordo com o ministro de Minas e Energia,&nbsp;<strong>Alexandre Silveira<\/strong>, o objetivo \u00e9 garantir que nenhuma fam\u00edlia vulner\u00e1vel fique sem acesso ao g\u00e1s de cozinha, insumo essencial para a alimenta\u00e7\u00e3o.<\/p>\n\n\n\n<h2 class=\"wp-block-heading\"><strong>Contexto pol\u00edtico e social<\/strong><\/h2>\n\n\n\n<p>A mudan\u00e7a ocorre em um momento de queda na popularidade do presidente\u00a0Luiz In\u00e1cio Lula da Silva\u00a0e de cr\u00edticas relacionadas aos cortes no\u00a0Bolsa Fam\u00edlia. Segundo aliados do Planalto, a amplia\u00e7\u00e3o do Aux\u00edlio G\u00e1s e o refor\u00e7o em programas de reforma agr\u00e1ria e agricultura familiar fazem parte de uma estrat\u00e9gia para recuperar a imagem do governo junto \u00e0 popula\u00e7\u00e3o de baixa renda.<\/p>\n\n\n\n<p>O remanejamento de verbas prev\u00ea ainda\u00a0R$ 400 milh\u00f5es para aquisi\u00e7\u00e3o de alimentos da agricultura familiar,\u00a0R$ 350 milh\u00f5es para a\u00e7\u00f5es de reforma agr\u00e1ria\u00a0e\u00a0R$ 300 milh\u00f5es para a Conab investir em estoques de alimentos.<\/p>\n","protected":false},"excerpt":{"rendered":"<p>O governo federal confirmou que pretende reformular o\u00a0Aux\u00edlio G\u00e1s\u00a0a partir de 2026, garantindo um aumento de 39% nos recursos destinados ao programa. Para viabilizar a mudan\u00e7a, ser\u00e1 inclu\u00edda uma reserva de\u00a0R$ 5 bilh\u00f5es no Or\u00e7amento, e a expectativa \u00e9 que uma\u00a0Medida Provis\u00f3ria (MP)\u00a0com os detalhes seja enviada ao Congresso em setembro. A medida vem sendo [&hellip;]<\/p>\n","protected":false},"author":9,"featured_media":15128,"comment_status":"closed","ping_status":"closed","sticky":false,"template":"","format":"standard","meta":{"jnews-multi-image_gallery":[],"jnews_single_post":{"format":"standard"},"jnews_primary_category":[],"jnews_social_meta":[],"jnews_override_counter":[],"jnews_post_split":[],"footnotes":""},"categories":[1],"tags":[],"class_list":["post-17129","post","type-post","status-publish","format-standard","has-post-thumbnail","hentry","category-geral"],"_referencia":"","_links":{"self":[{"href":"https:\/\/diariodocomercio.com.br\/mix\/wp-json\/wp\/v2\/posts\/17129","targetHints":{"allow":["GET"]}}],"collection":[{"href":"https:\/\/diariodocomercio.com.br\/mix\/wp-json\/wp\/v2\/posts"}],"about":[{"href":"https:\/\/diariodocomercio.com.br\/mix\/wp-json\/wp\/v2\/types\/post"}],"author":[{"embeddable":true,"href":"https:\/\/diariodocomercio.com.br\/mix\/wp-json\/wp\/v2\/users\/9"}],"replies":[{"embeddable":true,"href":"https:\/\/diariodocomercio.com.br\/mix\/wp-json\/wp\/v2\/comments?post=17129"}],"version-history":[{"count":1,"href":"https:\/\/diariodocomercio.com.br\/mix\/wp-json\/wp\/v2\/posts\/17129\/revisions"}],"predecessor-version":[{"id":17133,"href":"https:\/\/diariodocomercio.com.br\/mix\/wp-json\/wp\/v2\/posts\/17129\/revisions\/17133"}],"wp:featuredmedia":[{"embeddable":true,"href":"https:\/\/diariodocomercio.com.br\/mix\/wp-json\/wp\/v2\/media\/15128"}],"wp:attachment":[{"href":"https:\/\/diariodocomercio.com.br\/mix\/wp-json\/wp\/v2\/media?parent=17129"}],"wp:term":[{"taxonomy":"category","embeddable":true,"href":"https:\/\/diariodocomercio.com.br\/mix\/wp-json\/wp\/v2\/categories?post=17129"},{"taxonomy":"post_tag","embeddable":true,"href":"https:\/\/diariodocomercio.com.br\/mix\/wp-json\/wp\/v2\/tags?post=17129"}],"curies":[{"name":"wp","href":"https:\/\/api.w.org\/{rel}","templated":true}]}}