{"id":17131,"date":"2025-08-31T14:44:00","date_gmt":"2025-08-31T17:44:00","guid":{"rendered":"https:\/\/diariodocomercio.com.br\/mix\/?p=17131"},"modified":"2025-08-26T14:07:44","modified_gmt":"2025-08-26T17:07:44","slug":"preco-do-combustivel-recebe-reajuste-para-setembro-veja-os-novos-valores","status":"publish","type":"post","link":"https:\/\/diariodocomercio.com.br\/mix\/preco-do-combustivel-recebe-reajuste-para-setembro-veja-os-novos-valores\/","title":{"rendered":"Pre\u00e7o do combust\u00edvel recebe reajuste para setembro; veja os novos valores"},"content":{"rendered":"\n<p>O pre\u00e7o do combust\u00edvel deve aumentar nos pr\u00f3ximos meses. Recentemente, o Confaz (Conselho Nacional de Pol\u00edtica Fazend\u00e1ria) divulgou os novos valores do PMPF (Pre\u00e7o M\u00e9dio Ponderado ao Consumidor Final) de alguns combust\u00edveis para todo o pa\u00eds. Os novos pre\u00e7os entram em vigor a partir do dia <strong>1\u00ba de setembro<\/strong> e servem como base para o c\u00e1lculo do ICMS (Imposto sobre Circula\u00e7\u00e3o de Mercadorias e Servi\u00e7os), os impostos estaduais sobre os combust\u00edveis. <\/p>\n\n\n\n<p>Os combust\u00edveis que tiveram mudan\u00e7a de pre\u00e7o s\u00e3o:<\/p>\n\n\n\n<ul class=\"wp-block-list\">\n<li>QAV (querosene de avia\u00e7\u00e3o);<\/li>\n\n\n\n<li>AEHC (\u00e1lcool et\u00edlico hidratado combust\u00edvel);<\/li>\n\n\n\n<li>GNV (g\u00e1s natural veicular);<\/li>\n\n\n\n<li>GNI (g\u00e1s natural industrial);<\/li>\n\n\n\n<li>\u00f3leo combust\u00edvel.<\/li>\n<\/ul>\n\n\n\n<h2 class=\"wp-block-heading\">Confira os novos pre\u00e7os de combust\u00edvel por estado:<\/h2>\n\n\n\n<figure class=\"wp-block-image size-large\"><img decoding=\"async\" width=\"947\" height=\"1200\" src=\"https:\/\/diariodocomercio.com.br\/mix\/wp-content\/uploads\/2025\/08\/pmpf-combutiveis25ago2025-947x1200.jpg\" alt=\"\" class=\"wp-image-17144\" srcset=\"https:\/\/diariodocomercio.com.br\/mix\/wp-content\/uploads\/2025\/08\/pmpf-combutiveis25ago2025-947x1200.jpg 947w, https:\/\/diariodocomercio.com.br\/mix\/wp-content\/uploads\/2025\/08\/pmpf-combutiveis25ago2025-237x300.jpg 237w, https:\/\/diariodocomercio.com.br\/mix\/wp-content\/uploads\/2025\/08\/pmpf-combutiveis25ago2025-768x974.jpg 768w, https:\/\/diariodocomercio.com.br\/mix\/wp-content\/uploads\/2025\/08\/pmpf-combutiveis25ago2025-150x190.jpg 150w, https:\/\/diariodocomercio.com.br\/mix\/wp-content\/uploads\/2025\/08\/pmpf-combutiveis25ago2025-750x951.jpg 750w, https:\/\/diariodocomercio.com.br\/mix\/wp-content\/uploads\/2025\/08\/pmpf-combutiveis25ago2025.jpg 986w\" sizes=\"(max-width: 947px) 100vw, 947px\" \/><\/figure>\n\n\n\n<h2 class=\"wp-block-heading\">Pre\u00e7o da gasolina caiu em agosto<\/h2>\n\n\n\n<p>Segundo dados divulgados pelo IBGE (Instituto Brasileiro de Geografia e Estat\u00edstica), o IPCA-15 (\u00cdndice Nacional de Pre\u00e7os ao Consumidor Amplo 15) teve defla\u00e7\u00e3o (queda)\u00a0de 0,14% em agosto. \u00c9 a primeira vez que o \u00edndice registra uma queda desde julho de 2023 (queda de 0,07%). O IPCA \u00e9 composto por novo grupos de produtos e servi\u00e7os.<\/p>\n\n\n\n<p>A gasolina foi uma das respons\u00e1veis pela queda do IPCA. De acordo com o <em>Jornal de Bras\u00edlia<\/em>, o combust\u00edvel teve uma redu\u00e7\u00e3o de pre\u00e7o de 1,14%. O grupo alimenta\u00e7\u00e3o de bebidas tamb\u00e9m teve queda de 0,53%, a terceira defla\u00e7\u00e3o consecutiva e a maior at\u00e9 agora.<\/p>\n\n\n\n<p>Mas o principal respons\u00e1vel pela queda do IPCA foi a conta de luz, gra\u00e7as ao desconto do b\u00f4nus de Itaipu nas faturas, que resultou em uma queda significativa de pre\u00e7o de 4,93%. Sem isso, o IPCA-15 teria subido 0,26% em agosto, segundo o c\u00e1lculo da economista Claudia Moreno, do C6 Bank.<\/p>\n\n\n\n<style>@media (min-width: 992px) {\n    .recomendadorV2Area1 {\n        width: 280px;\n    }\n    .recomendadorV2Area2 {\n        padding: 0px 20px;\n        width: calc(100% - 280px);\n    }\n}\n\n@media (max-width: 992px) {\n    .recomendadorV2Button {\n        margin: 0 auto;\n    }\n    .recomendadorV2Area {\n        flex-direction: column;\n        text-align: center;\n    }\n    .recomendadorV2Area2 {\n        padding: 0px 20px;\n    }\n}\n\n.recomendadorV2Area {\n    background: #eeeeee3d;\n    border-radius: 10px;\n    padding: 15px;\n    display: flex;\n    margin: 15px auto;\n    border: 1px solid #00000014;\n    max-width: 800px;\n}\n\n.recomendadorV2Area1 img {\n    width: 280px;\n    height: auto;\n    border-radius: 8px;\n}\n\n.linkrecomendadorv2 {\n    text-decoration: none !important;\n}\n\n.recomendadorV2Area2 .recomendadorV2Type {\n    text-transform: uppercase;\n    font-weight: 500;\n    font-size: 11px;\n    letter-spacing: 2px;\n    color: #666;\n    margin: 12px 0;\n    display: block;\n}\n\n.recomendadorV2Title h2 {\n    padding-top: 0px !important;\n    margin: 0px !important;\n    border-left: none !important;\n    padding-left: 0px !important;\n    line-height: 1.3;\n    color: #000 !important;\n    font-size: 24px;\n    margin-bottom: 12px !important;\n}\n\n.recomendadorV2Desc {\n    color: #333;\n    margin: 12px 0px !important;\n    font-size: 15px;\n    line-height: 1.5;\n}\n\n.recomendadorV2Button {\n    width: auto;\n    max-width: 200px;\n    margin: 0;\n    display: inline-flex;\n    align-items: center;\n    background: #1D3557;\n    border-radius: 8px;\n    color: #fff;\n    height: 36px;\n    justify-content: center;\n    text-align: center;\n    font-size: 14px;\n    padding: 0 20px;\n    transition: background-color 0.2s ease;\n}\n\n.recomendadorV2Button:hover {\n    background: #2a4d7a;\n}\n\n.recomendadorV2Button:after {\n    margin-top: -2px;\n    content: \"\u2192\";\n    padding: 0px 0px 0px 8px;\n}\n\n.recomendadorV2Alert {\n    text-align: left;\n    font-size: 11px;\n    margin-top: 8px;\n    color: #666;\n}\n\n.recomendadorFixedArea {\n    width: 100%;\n    display: flex;\n    justify-content: center;\n    align-items: center;\n}\n\n@media (min-width: 992px) {\n    #recomendadorFixed {\n        width: 32% !important;\n        left: 5%;\n    }\n    .recomendadorCloseFixed{\n        right: inherit !important;\n        left: 378px !important;\n    }\n}\n\n#recomendadorFixed {\n    width: 90%;\n    box-shadow: 0 10px 20px 0px #00000057;\n    display: none;\n    height: 90px;\n    background: #F6F6F6;\n    position: fixed;\n    flex-direction: row;\n    bottom: 10px;\n    z-index: 9999;\n    border-radius: 16px;\n    padding: 7px 10px;\n}\n\n.recomendadorLeftArea {\n    width: 160px;\n}\n\n.recomendadorRightArea h2 {\n    padding-top: 0px;\n    margin: 2px 0px 4px 0px !important;\n    font-weight: 400;\n    text-align: center;\n    padding-left: 0px !important;\n    color: #000 !important;\n    border-left: none !important;\n    line-height: 20px;\n    font-size: 12px !important;\n}\n\n.recomendadorImgFixed {\n    overflow: hidden;\n    padding: 8px 6px;\n    height: 100%;\n}\n\n.recomendadorImgFixed img {\n    height: 100% !important;\n    border-radius: 16px;\n}\n\n.recomendadorRightArea {\n    padding-top: 6px;\n    display: flex;\n    width: calc(100% - 130px);\n    justify-content: space-between;\n    align-items: center;\n    flex-direction: column;\n}\n\n.recomendadorButtonFixed {\n    margin: 0 auto;\n    background: #1D3557;\n    width: 80%;\n    text-align: center;\n    font-size: 10px;\n    color: #FFF;\n    padding: 2px 10px;\n    border-radius: 3px;\n}\n\n.recomendadorButtonFixed:after {\n    margin-top: -3px;\n    content: \"\u2192\";\n    padding: 0px 0px 0px 10px;\n}\n\n.recomendadorAlertFixed {\n    font-weight: 400;\n    text-align: center;\n    color: #484848;\n    font-size: 8px;\n}\n\n.recomendadorCloseFixed {\n    z-index: 99999;\n    display: none;\n    right: 0px;\n    left: inherit;\n    bottom: 99px;\n    position: fixed;\n    justify-content: center;\n    background: #F6F6F6;\n    width: 25px;\n    align-items: center;\n    height: 25px;\n    font-weight: 800;\n    border-radius: 50%;\n    border: 1px solid #EBEBEB;\n}\n\n.recomendadorV2Desc{\n    color: #000000;\n    margin: 20px 0px;\n}\n\n@media (max-width: 576px) {\n    .recomendadorV2Area {\n      padding: 10px;\n      max-width: 100%;\n    }\n  \n    .recomendadorV2Area1 img {\n      width: 100%;\n      border-radius: 6px;\n    }\n  \n    .recomendadorV2Area2 .recomendadorV2Type {\n      font-size: 9px;\n      letter-spacing: 1px;\n      margin: 8px 0;\n    }\n  \n    .recomendadorV2Title h2 {\n      font-size: 18px !important;\n      margin-bottom: 8px !important;\n      line-height: 1.2;\n    }\n  \n    .recomendadorV2Desc {\n      font-size: 14px;\n      margin: 8px 0 !important;\n      line-height: 1.4;\n    }\n  \n    .recomendadorV2Button {\n      font-size: 14px;\n      height: 40px;\n      padding: 0 12px;\n      max-width: 100%;\n      width: 100%;\n    }\n  \n    .recomendadorV2Button:after {\n      padding-left: 6px;\n    }\n  }\n  <\/style>\n        <div class=\"lazyblock-recomendador-v2-2jDGz wp-block-lazyblock-recomendador-v2\">\n        <a class=\"linkrecomendadorv2\" href=\"https:\/\/diariodocomercio.com.br\/mix\/lula-exige-aprovacao-urgente-de-lei-que-vai-beneficiar-a-vida-de-brasileiros\/\">\n            <div class=\"recomendadorV2Area\">\n            <div class=\"recomendadorV2Area1\">\n                <div class=\"recomendadorV2Img\">\n                <img class=\"lazyloaded\" decoding=\"async\" src=\"https:\/\/diariodocomercio.com.br\/mix\/wp-content\/uploads\/2025\/07\/lula.jpg\" data-src=\"https:\/\/diariodocomercio.com.br\/mix\/wp-content\/uploads\/2025\/07\/lula.jpg\" alt=\"\">\n                <\/div>\n            <\/div>\n            <div class=\"recomendadorV2Area2\">\n                <div class=\"recomendadorV2Type\">\n                    <span>LEI<\/span>\n                <\/div>\n                <div class=\"recomendadorV2Title\">\n                <h2><span>Lula exige aprova\u00e7\u00e3o urgente de lei que vai beneficiar a vida de brasileiros<\/span><\/h2>\n                <\/div>\n                <div class=\"recomendadorV2Desc\">\n                <span>O governo Lula est\u00e1 intensificando as articula\u00e7\u00f5es para conseguir aprovar projeto de lei que foi uma das suas principais promessas \u2026<\/span>\n                <\/div>\n                <div class=\"recomendadorV2Button\">Leia mais<\/div>\n                <div class=\"recomendadorV2Alert\"><\/div>\n            <\/div>\n            <\/div>\n        <\/a>\n        <div>\n            <div style=\"z-index:99999;\" id=\"buttonClose\" onclick=\"closeRecomendadorFixed()\">\n            <div class=\"recomendadorCloseFixed\">X<\/div>\n            <\/div>\n            <a href=\"https:\/\/diariodocomercio.com.br\/mix\/lula-exige-aprovacao-urgente-de-lei-que-vai-beneficiar-a-vida-de-brasileiros\/\">\n            <div class=\"recomendadorFixedArea\">\n                <div id=\"recomendadorFixed\">\n                <div class=\"recomendadorLeftArea\">\n                    <div class=\"recomendadorImgFixed\">\n                    <img class=\"lazyload\" decoding=\"async\" src=\"https:\/\/diariodocomercio.com.br\/mix\/wp-content\/uploads\/2025\/07\/lula.jpg\" alt=\"\">\n                    <\/div>\n                <\/div>\n                <div class=\"recomendadorRightArea\">\n                    <div class=\"recomendadorTitleFixed\">\n                    <h2><span>Lula exige aprova\u00e7\u00e3o urgente de lei que vai beneficiar a vida de brasileiros<\/span><\/h2>\n                    <\/div>\n                    <div class=\"recomendadorButtonFixed\">Leia mais<\/div>\n                    <div class=\"recomendadorAlertFixed\"><\/div>\n                <\/div>\n                <\/div>\n            <\/div>\n            <\/a>\n        <\/div>\n        <\/div>\n","protected":false},"excerpt":{"rendered":"<p>Recentemente, o Confaz divulgou novos valores do PNPF de alguns combust\u00edveis. Confira quais ser\u00e3o afetados.<\/p>\n","protected":false},"author":6,"featured_media":4028,"comment_status":"closed","ping_status":"closed","sticky":false,"template":"","format":"standard","meta":{"jnews-multi-image_gallery":[],"jnews_single_post":{"format":"standard"},"jnews_primary_category":[],"jnews_social_meta":[],"jnews_override_counter":[],"jnews_post_split":[],"footnotes":""},"categories":[1],"tags":[],"class_list":["post-17131","post","type-post","status-publish","format-standard","has-post-thumbnail","hentry","category-geral"],"_referencia":"","_links":{"self":[{"href":"https:\/\/diariodocomercio.com.br\/mix\/wp-json\/wp\/v2\/posts\/17131","targetHints":{"allow":["GET"]}}],"collection":[{"href":"https:\/\/diariodocomercio.com.br\/mix\/wp-json\/wp\/v2\/posts"}],"about":[{"href":"https:\/\/diariodocomercio.com.br\/mix\/wp-json\/wp\/v2\/types\/post"}],"author":[{"embeddable":true,"href":"https:\/\/diariodocomercio.com.br\/mix\/wp-json\/wp\/v2\/users\/6"}],"replies":[{"embeddable":true,"href":"https:\/\/diariodocomercio.com.br\/mix\/wp-json\/wp\/v2\/comments?post=17131"}],"version-history":[{"count":2,"href":"https:\/\/diariodocomercio.com.br\/mix\/wp-json\/wp\/v2\/posts\/17131\/revisions"}],"predecessor-version":[{"id":17145,"href":"https:\/\/diariodocomercio.com.br\/mix\/wp-json\/wp\/v2\/posts\/17131\/revisions\/17145"}],"wp:featuredmedia":[{"embeddable":true,"href":"https:\/\/diariodocomercio.com.br\/mix\/wp-json\/wp\/v2\/media\/4028"}],"wp:attachment":[{"href":"https:\/\/diariodocomercio.com.br\/mix\/wp-json\/wp\/v2\/media?parent=17131"}],"wp:term":[{"taxonomy":"category","embeddable":true,"href":"https:\/\/diariodocomercio.com.br\/mix\/wp-json\/wp\/v2\/categories?post=17131"},{"taxonomy":"post_tag","embeddable":true,"href":"https:\/\/diariodocomercio.com.br\/mix\/wp-json\/wp\/v2\/tags?post=17131"}],"curies":[{"name":"wp","href":"https:\/\/api.w.org\/{rel}","templated":true}]}}