{"id":17177,"date":"2025-08-31T13:13:00","date_gmt":"2025-08-31T16:13:00","guid":{"rendered":"https:\/\/diariodocomercio.com.br\/mix\/?p=17177"},"modified":"2025-08-26T17:29:58","modified_gmt":"2025-08-26T20:29:58","slug":"globo-recontrata-apresentadora-querida-pelo-publico-para-estrear-programa-nacional","status":"publish","type":"post","link":"https:\/\/diariodocomercio.com.br\/mix\/globo-recontrata-apresentadora-querida-pelo-publico-para-estrear-programa-nacional\/","title":{"rendered":"Globo recontrata apresentadora querida pelo p\u00fablico para estrear programa nacional"},"content":{"rendered":"\n<p>Segundo a coluna <em>Play<\/em>, do jornal <em>O Globo<\/em>, Ang\u00e9lica vai voltar ao posto de apresentadora em um programa ao vivo. A atra\u00e7\u00e3o, que vai se chamar &#8220;Ang\u00e9lica ao vivo&#8221;, est\u00e1 prevista para estrear no GNT, canal pago do grupo Globo, ainda neste semestre.<\/p>\n\n\n\n<p>De acordo com a coluna, a atra\u00e7\u00e3o n\u00e3o ser\u00e1 um programa focado em entrevistas e vai &#8220;abordar assuntos contempor\u00e2neos&#8221;. A dire\u00e7\u00e3o art\u00edstica ficou por conta de Daniela Gleiser, que ficou respons\u00e1vel pela edi\u00e7\u00e3o especial do &#8220;Video game&#8221;, programa antigamente apresentado pela Ang\u00e9lica que ganhou um <em>revival<\/em> na comemora\u00e7\u00e3o de 60 anos da emissora.<\/p>\n\n\n\n<p>A nova atra\u00e7\u00e3o de Ang\u00e9lica vem sendo desenvolvida desde o in\u00edcio do ano. No GNT, a loira j\u00e1 apresentou duas atra\u00e7\u00f5es, ambas focadas em entrevistas, o &#8220;50 &amp; tanto&#8221; e o &#8220;50 &amp; uns&#8221;. Na primeira, ela entrevistou apenas mulheres e, na segunda, apenas homens.<\/p>\n\n\n\n<p>Contratada da Globo desde 1996, Ang\u00e9lica apresentou um programa no canal aberto da emissora pela \u00faltima vez em 2020, quando apresentou o &#8220;Simples Assim&#8221; por cerca de tr\u00eas meses durante a pandemia da Covid-19.<\/p>\n\n\n\n<figure class=\"wp-block-image size-large\"><img decoding=\"async\" width=\"1200\" height=\"801\" src=\"https:\/\/diariodocomercio.com.br\/mix\/wp-content\/uploads\/2025\/08\/angelica-1200x801.jpg\" alt=\"ang\u00e9lica\" class=\"wp-image-17178\" srcset=\"https:\/\/diariodocomercio.com.br\/mix\/wp-content\/uploads\/2025\/08\/angelica-1200x801.jpg 1200w, https:\/\/diariodocomercio.com.br\/mix\/wp-content\/uploads\/2025\/08\/angelica-300x200.jpg 300w, https:\/\/diariodocomercio.com.br\/mix\/wp-content\/uploads\/2025\/08\/angelica-768x512.jpg 768w, https:\/\/diariodocomercio.com.br\/mix\/wp-content\/uploads\/2025\/08\/angelica-1536x1025.jpg 1536w, https:\/\/diariodocomercio.com.br\/mix\/wp-content\/uploads\/2025\/08\/angelica-2048x1366.jpg 2048w, https:\/\/diariodocomercio.com.br\/mix\/wp-content\/uploads\/2025\/08\/angelica-150x100.jpg 150w, https:\/\/diariodocomercio.com.br\/mix\/wp-content\/uploads\/2025\/08\/angelica-750x500.jpg 750w, https:\/\/diariodocomercio.com.br\/mix\/wp-content\/uploads\/2025\/08\/angelica-1140x761.jpg 1140w\" sizes=\"(max-width: 1200px) 100vw, 1200px\" \/><figcaption class=\"wp-element-caption\">Imagem: Globo<\/figcaption><\/figure>\n\n\n\n<h2 class=\"wp-block-heading\">Relembre a carreira de Ang\u00e9lica<\/h2>\n\n\n\n<p>A loira come\u00e7ou sua carreira j\u00e1 na inf\u00e2ncia, em desfiles e comerciais de televis\u00e3o. Aos quatro anos de idade, ela foi eleita \u201ca crian\u00e7a mais bonita do Brasil\u201d no programa &#8220;Cassino do Chacrinha&#8221;, que passava na Bandeirantes. Ela entrou em um trio musical infantil e, em 1986, estreou como apresentadora infantil no &#8220;Nave da Fantasia&#8221;, da TV Manchete. <\/p>\n\n\n\n<p>Depois de outros programas infantis, Ang\u00e9lica foi para a Globo em 1996, apresentando o &#8220;Angel Mix&#8221;, outro programa voltado para crian\u00e7as, al\u00e9m da novelinha &#8220;Ca\u00e7a Talentos&#8221;. <\/p>\n\n\n\n<p>Em 2001, ela come\u00e7ou a deixar a carreira de estrela infantil para tr\u00e1s, quando come\u00e7ou a comandar o &#8220;V\u00eddeo Game&#8221;, quadro de competi\u00e7\u00e3o dentro do falecido &#8220;V\u00eddeo Show&#8221;. Em 2006, ela ganhou outro programa, o semanal &#8220;Estrelas&#8221;, programa de entrevistas com celebridades, que ficou no ar at\u00e9 2018.<\/p>\n\n\n\n<style>@media (min-width: 992px) {\n    .recomendadorV2Area1 {\n        width: 280px;\n    }\n    .recomendadorV2Area2 {\n        padding: 0px 20px;\n        width: calc(100% - 280px);\n    }\n}\n\n@media (max-width: 992px) {\n    .recomendadorV2Button {\n        margin: 0 auto;\n    }\n    .recomendadorV2Area {\n        flex-direction: column;\n        text-align: center;\n    }\n    .recomendadorV2Area2 {\n        padding: 0px 20px;\n    }\n}\n\n.recomendadorV2Area {\n    background: #eeeeee3d;\n    border-radius: 10px;\n    padding: 15px;\n    display: flex;\n    margin: 15px auto;\n    border: 1px solid #00000014;\n    max-width: 800px;\n}\n\n.recomendadorV2Area1 img {\n    width: 280px;\n    height: auto;\n    border-radius: 8px;\n}\n\n.linkrecomendadorv2 {\n    text-decoration: none !important;\n}\n\n.recomendadorV2Area2 .recomendadorV2Type {\n    text-transform: uppercase;\n    font-weight: 500;\n    font-size: 11px;\n    letter-spacing: 2px;\n    color: #666;\n    margin: 12px 0;\n    display: block;\n}\n\n.recomendadorV2Title h2 {\n    padding-top: 0px !important;\n    margin: 0px !important;\n    border-left: none !important;\n    padding-left: 0px !important;\n    line-height: 1.3;\n    color: #000 !important;\n    font-size: 24px;\n    margin-bottom: 12px !important;\n}\n\n.recomendadorV2Desc {\n    color: #333;\n    margin: 12px 0px !important;\n    font-size: 15px;\n    line-height: 1.5;\n}\n\n.recomendadorV2Button {\n    width: auto;\n    max-width: 200px;\n    margin: 0;\n    display: inline-flex;\n    align-items: center;\n    background: #1D3557;\n    border-radius: 8px;\n    color: #fff;\n    height: 36px;\n    justify-content: center;\n    text-align: center;\n    font-size: 14px;\n    padding: 0 20px;\n    transition: background-color 0.2s ease;\n}\n\n.recomendadorV2Button:hover {\n    background: #2a4d7a;\n}\n\n.recomendadorV2Button:after {\n    margin-top: -2px;\n    content: \"\u2192\";\n    padding: 0px 0px 0px 8px;\n}\n\n.recomendadorV2Alert {\n    text-align: left;\n    font-size: 11px;\n    margin-top: 8px;\n    color: #666;\n}\n\n.recomendadorFixedArea {\n    width: 100%;\n    display: flex;\n    justify-content: center;\n    align-items: center;\n}\n\n@media (min-width: 992px) {\n    #recomendadorFixed {\n        width: 32% !important;\n        left: 5%;\n    }\n    .recomendadorCloseFixed{\n        right: inherit !important;\n        left: 378px !important;\n    }\n}\n\n#recomendadorFixed {\n    width: 90%;\n    box-shadow: 0 10px 20px 0px #00000057;\n    display: none;\n    height: 90px;\n    background: #F6F6F6;\n    position: fixed;\n    flex-direction: row;\n    bottom: 10px;\n    z-index: 9999;\n    border-radius: 16px;\n    padding: 7px 10px;\n}\n\n.recomendadorLeftArea {\n    width: 160px;\n}\n\n.recomendadorRightArea h2 {\n    padding-top: 0px;\n    margin: 2px 0px 4px 0px !important;\n    font-weight: 400;\n    text-align: center;\n    padding-left: 0px !important;\n    color: #000 !important;\n    border-left: none !important;\n    line-height: 20px;\n    font-size: 12px !important;\n}\n\n.recomendadorImgFixed {\n    overflow: hidden;\n    padding: 8px 6px;\n    height: 100%;\n}\n\n.recomendadorImgFixed img {\n    height: 100% !important;\n    border-radius: 16px;\n}\n\n.recomendadorRightArea {\n    padding-top: 6px;\n    display: flex;\n    width: calc(100% - 130px);\n    justify-content: space-between;\n    align-items: center;\n    flex-direction: column;\n}\n\n.recomendadorButtonFixed {\n    margin: 0 auto;\n    background: #1D3557;\n    width: 80%;\n    text-align: center;\n    font-size: 10px;\n    color: #FFF;\n    padding: 2px 10px;\n    border-radius: 3px;\n}\n\n.recomendadorButtonFixed:after {\n    margin-top: -3px;\n    content: \"\u2192\";\n    padding: 0px 0px 0px 10px;\n}\n\n.recomendadorAlertFixed {\n    font-weight: 400;\n    text-align: center;\n    color: #484848;\n    font-size: 8px;\n}\n\n.recomendadorCloseFixed {\n    z-index: 99999;\n    display: none;\n    right: 0px;\n    left: inherit;\n    bottom: 99px;\n    position: fixed;\n    justify-content: center;\n    background: #F6F6F6;\n    width: 25px;\n    align-items: center;\n    height: 25px;\n    font-weight: 800;\n    border-radius: 50%;\n    border: 1px solid #EBEBEB;\n}\n\n.recomendadorV2Desc{\n    color: #000000;\n    margin: 20px 0px;\n}\n\n@media (max-width: 576px) {\n    .recomendadorV2Area {\n      padding: 10px;\n      max-width: 100%;\n    }\n  \n    .recomendadorV2Area1 img {\n      width: 100%;\n      border-radius: 6px;\n    }\n  \n    .recomendadorV2Area2 .recomendadorV2Type {\n      font-size: 9px;\n      letter-spacing: 1px;\n      margin: 8px 0;\n    }\n  \n    .recomendadorV2Title h2 {\n      font-size: 18px !important;\n      margin-bottom: 8px !important;\n      line-height: 1.2;\n    }\n  \n    .recomendadorV2Desc {\n      font-size: 14px;\n      margin: 8px 0 !important;\n      line-height: 1.4;\n    }\n  \n    .recomendadorV2Button {\n      font-size: 14px;\n      height: 40px;\n      padding: 0 12px;\n      max-width: 100%;\n      width: 100%;\n    }\n  \n    .recomendadorV2Button:after {\n      padding-left: 6px;\n    }\n  }\n  <\/style>\n        <div class=\"lazyblock-recomendador-v2-2jDGz wp-block-lazyblock-recomendador-v2\">\n        <a class=\"linkrecomendadorv2\" href=\"https:\/\/diariodocomercio.com.br\/mix\/esse-cha-e-ideal-para-pegar-no-sono-rapido-e-ainda-combate-doencas\/\">\n            <div class=\"recomendadorV2Area\">\n            <div class=\"recomendadorV2Area1\">\n                <div class=\"recomendadorV2Img\">\n                <img class=\"lazyloaded\" decoding=\"async\" src=\"https:\/\/diariodocomercio.com.br\/mix\/wp-content\/uploads\/2025\/05\/cha.jpg\" data-src=\"https:\/\/diariodocomercio.com.br\/mix\/wp-content\/uploads\/2025\/05\/cha.jpg\" alt=\"\">\n                <\/div>\n            <\/div>\n            <div class=\"recomendadorV2Area2\">\n                <div class=\"recomendadorV2Type\">\n                    <span>ALIMENTA\u00c7\u00c3O<\/span>\n                <\/div>\n                <div class=\"recomendadorV2Title\">\n                <h2><span>Esse ch\u00e1 \u00e9 ideal para pegar no sono r\u00e1pido e ainda combate doen\u00e7as<\/span><\/h2>\n                <\/div>\n                <div class=\"recomendadorV2Desc\">\n                <span>O ch\u00e1 de casca de maracuj\u00e1 conta com propriedades calmantes e \u00e9 uma \u00f3tima op\u00e7\u00e3o para quem est\u00e1 tendo dificuldades \u2026<\/span>\n                <\/div>\n                <div class=\"recomendadorV2Button\">Leia mais<\/div>\n                <div class=\"recomendadorV2Alert\"><\/div>\n            <\/div>\n            <\/div>\n        <\/a>\n        <div>\n            <div style=\"z-index:99999;\" id=\"buttonClose\" onclick=\"closeRecomendadorFixed()\">\n            <div class=\"recomendadorCloseFixed\">X<\/div>\n            <\/div>\n            <a href=\"https:\/\/diariodocomercio.com.br\/mix\/esse-cha-e-ideal-para-pegar-no-sono-rapido-e-ainda-combate-doencas\/\">\n            <div class=\"recomendadorFixedArea\">\n                <div id=\"recomendadorFixed\">\n                <div class=\"recomendadorLeftArea\">\n                    <div class=\"recomendadorImgFixed\">\n                    <img class=\"lazyload\" decoding=\"async\" src=\"https:\/\/diariodocomercio.com.br\/mix\/wp-content\/uploads\/2025\/05\/cha.jpg\" alt=\"\">\n                    <\/div>\n                <\/div>\n                <div class=\"recomendadorRightArea\">\n                    <div class=\"recomendadorTitleFixed\">\n                    <h2><span>Esse ch\u00e1 \u00e9 ideal para pegar no sono r\u00e1pido e ainda combate doen\u00e7as<\/span><\/h2>\n                    <\/div>\n                    <div class=\"recomendadorButtonFixed\">Leia mais<\/div>\n                    <div class=\"recomendadorAlertFixed\"><\/div>\n                <\/div>\n                <\/div>\n            <\/div>\n            <\/a>\n        <\/div>\n        <\/div>\n","protected":false},"excerpt":{"rendered":"<p>Segundo a coluna Play, do O Globo, depois do &#8220;50 &amp; tanto&#8221; e &#8220;50 &amp; uns&#8221;, Ang\u00e9lica vai apresentar um programa ao vivo no GNT.<\/p>\n","protected":false},"author":6,"featured_media":12849,"comment_status":"closed","ping_status":"closed","sticky":false,"template":"","format":"standard","meta":{"jnews-multi-image_gallery":[],"jnews_single_post":{"format":"standard"},"jnews_primary_category":[],"jnews_social_meta":[],"jnews_override_counter":[],"jnews_post_split":[],"footnotes":""},"categories":[1],"tags":[],"class_list":["post-17177","post","type-post","status-publish","format-standard","has-post-thumbnail","hentry","category-geral"],"_referencia":"","_links":{"self":[{"href":"https:\/\/diariodocomercio.com.br\/mix\/wp-json\/wp\/v2\/posts\/17177","targetHints":{"allow":["GET"]}}],"collection":[{"href":"https:\/\/diariodocomercio.com.br\/mix\/wp-json\/wp\/v2\/posts"}],"about":[{"href":"https:\/\/diariodocomercio.com.br\/mix\/wp-json\/wp\/v2\/types\/post"}],"author":[{"embeddable":true,"href":"https:\/\/diariodocomercio.com.br\/mix\/wp-json\/wp\/v2\/users\/6"}],"replies":[{"embeddable":true,"href":"https:\/\/diariodocomercio.com.br\/mix\/wp-json\/wp\/v2\/comments?post=17177"}],"version-history":[{"count":1,"href":"https:\/\/diariodocomercio.com.br\/mix\/wp-json\/wp\/v2\/posts\/17177\/revisions"}],"predecessor-version":[{"id":17181,"href":"https:\/\/diariodocomercio.com.br\/mix\/wp-json\/wp\/v2\/posts\/17177\/revisions\/17181"}],"wp:featuredmedia":[{"embeddable":true,"href":"https:\/\/diariodocomercio.com.br\/mix\/wp-json\/wp\/v2\/media\/12849"}],"wp:attachment":[{"href":"https:\/\/diariodocomercio.com.br\/mix\/wp-json\/wp\/v2\/media?parent=17177"}],"wp:term":[{"taxonomy":"category","embeddable":true,"href":"https:\/\/diariodocomercio.com.br\/mix\/wp-json\/wp\/v2\/categories?post=17177"},{"taxonomy":"post_tag","embeddable":true,"href":"https:\/\/diariodocomercio.com.br\/mix\/wp-json\/wp\/v2\/tags?post=17177"}],"curies":[{"name":"wp","href":"https:\/\/api.w.org\/{rel}","templated":true}]}}