{"id":17180,"date":"2025-08-26T17:37:03","date_gmt":"2025-08-26T20:37:03","guid":{"rendered":"https:\/\/diariodocomercio.com.br\/mix\/?p=17180"},"modified":"2025-08-26T17:37:06","modified_gmt":"2025-08-26T20:37:06","slug":"lenda-da-rede-globo-falece-aos-93-anos-apos-deixar-legado-na-emissora","status":"publish","type":"post","link":"https:\/\/diariodocomercio.com.br\/mix\/lenda-da-rede-globo-falece-aos-93-anos-apos-deixar-legado-na-emissora\/","title":{"rendered":"Lenda da Rede Globo falece aos 93 anos, ap\u00f3s deixar legado na emissora"},"content":{"rendered":"\n<p>O cartunista&nbsp;<strong>S\u00e9rgio de Magalh\u00e3es Gomes Jaguaribe<\/strong>, conhecido como&nbsp;<strong>Jaguar<\/strong>, morreu neste domingo (24), no Rio de Janeiro, aos 93 anos. Ele estava internado no Hospital Copa D\u2019Or, onde tratava de uma&nbsp;<strong>infec\u00e7\u00e3o respirat\u00f3ria que evoluiu para complica\u00e7\u00f5es renais<\/strong>. Nos \u00faltimos dias, o artista recebia cuidados paliativos.<\/p>\n\n\n\n<p>\u201cNos solidarizamos com a fam\u00edlia, amigos e f\u00e3s por essa irrepar\u00e1vel perda para a cultura brasileira\u201d, informou o hospital em nota oficial.<\/p>\n\n\n<div class=\"wp-block-image\">\n<figure class=\"aligncenter size-full is-resized\"><img decoding=\"async\" width=\"275\" height=\"183\" src=\"https:\/\/diariodocomercio.com.br\/mix\/wp-content\/uploads\/2025\/08\/image-145.png\" alt=\"\" class=\"wp-image-17184\" style=\"width:423px;height:auto\" srcset=\"https:\/\/diariodocomercio.com.br\/mix\/wp-content\/uploads\/2025\/08\/image-145.png 275w, https:\/\/diariodocomercio.com.br\/mix\/wp-content\/uploads\/2025\/08\/image-145-150x100.png 150w\" sizes=\"(max-width: 275px) 100vw, 275px\" \/><figcaption class=\"wp-element-caption\">S\u00e9rgio de Magalh\u00e3es Gomes Jaguaribe<\/figcaption><\/figure>\n<\/div>\n\n\n<p>Jaguar iniciou sua carreira em 1952, ainda funcion\u00e1rio do Banco do Brasil, quando conseguiu publicar um desenho no jornal&nbsp;<em>\u00daltima Hora<\/em>. Pouco depois, passou a colaborar com a revista&nbsp;<em>Manchete<\/em>, firmando-se como um dos principais nomes do humor gr\u00e1fico brasileiro.<\/p>\n\n\n\n<p>O apelido que se tornaria sua assinatura art\u00edstica foi sugest\u00e3o do cartunista Borjalo. Durante a ditadura militar, Jaguar deu vida a&nbsp;<strong>Sig<\/strong>, o ratinho que se transformou em mascote do jornal&nbsp;<em>O Pasquim<\/em>, peri\u00f3dico que ajudou a fundar e que se tornou s\u00edmbolo da resist\u00eancia cultural e da cr\u00edtica pol\u00edtica. Por suas charges, chegou a ser preso e a responder a processos judiciais.<\/p>\n\n\n\n<h2 class=\"wp-block-heading\"><strong>Obras e legado<\/strong><\/h2>\n\n\n\n<p>Al\u00e9m dos jornais e revistas, Jaguar lan\u00e7ou diversos livros. Entre eles,&nbsp;<em>Ningu\u00e9m \u00e9 Perfeito<\/em>&nbsp;(1973), que s\u00f3 chegou ao Brasil d\u00e9cadas depois, com pref\u00e1cio de Quino, criador da Mafalda. J\u00e1 em&nbsp;<em>Ipanema \u2013 Se n\u00e3o me Falha a Mem\u00f3ria<\/em>&nbsp;(2000), reuniu mem\u00f3rias pessoais da boemia carioca, homenageando a efervesc\u00eancia cultural do bairro e amigos como Mill\u00f4r Fernandes e Hugo Le\u00e3o Castro.<\/p>\n\n\n\n<figure class=\"wp-block-image size-full\"><img decoding=\"async\" width=\"754\" height=\"471\" src=\"https:\/\/diariodocomercio.com.br\/mix\/wp-content\/uploads\/2025\/08\/image-146.png\" alt=\"\" class=\"wp-image-17185\" srcset=\"https:\/\/diariodocomercio.com.br\/mix\/wp-content\/uploads\/2025\/08\/image-146.png 754w, https:\/\/diariodocomercio.com.br\/mix\/wp-content\/uploads\/2025\/08\/image-146-300x187.png 300w, https:\/\/diariodocomercio.com.br\/mix\/wp-content\/uploads\/2025\/08\/image-146-150x94.png 150w, https:\/\/diariodocomercio.com.br\/mix\/wp-content\/uploads\/2025\/08\/image-146-750x469.png 750w\" sizes=\"(max-width: 754px) 100vw, 754px\" \/><figcaption class=\"wp-element-caption\">Charge de Jaguar (Reprodu\u00e7\u00e3o\/ABI)<\/figcaption><\/figure>\n\n\n\n<p>Sua obra \u00e9 marcada por&nbsp;<strong>humor irreverente e cr\u00edtica social<\/strong>, transitando entre pol\u00edtica, religi\u00e3o, psican\u00e1lise e o comportamento humano. De charges simples, como um vampiro assaltando um banco de sangue, a reflex\u00f5es mais profundas sobre a civiliza\u00e7\u00e3o, Jaguar sempre deixou sua marca pelo olhar ir\u00f4nico e detalhista.<\/p>\n\n\n\n<h2 class=\"wp-block-heading\"><strong>\u00daltimos anos e impacto cultural<\/strong><\/h2>\n\n\n\n<p>Mesmo afastado da grande imprensa, Jaguar seguia sendo refer\u00eancia para gera\u00e7\u00f5es de cartunistas e jornalistas. Reconhecido como um&nbsp;<strong>humanista que usava o humor como arma contra o preconceito e a ignor\u00e2ncia<\/strong>, seu trabalho ajudou a consolidar o cartum como ferramenta de reflex\u00e3o social no Brasil.<\/p>\n\n\n\n<p>Aos 93 anos, Jaguar partiu deixando uma obra que continua a dialogar com os dilemas da sociedade brasileira. Seu tra\u00e7o, sua verve cr\u00edtica e sua figura irreverente permanecem como parte da mem\u00f3ria afetiva e cultural do pa\u00eds.<\/p>\n","protected":false},"excerpt":{"rendered":"<p>O cartunista&nbsp;S\u00e9rgio de Magalh\u00e3es Gomes Jaguaribe, conhecido como&nbsp;Jaguar, morreu neste domingo (24), no Rio de Janeiro, aos 93 anos. Ele estava internado no Hospital Copa D\u2019Or, onde tratava de uma&nbsp;infec\u00e7\u00e3o respirat\u00f3ria que evoluiu para complica\u00e7\u00f5es renais. Nos \u00faltimos dias, o artista recebia cuidados paliativos. \u201cNos solidarizamos com a fam\u00edlia, amigos e f\u00e3s por essa irrepar\u00e1vel [&hellip;]<\/p>\n","protected":false},"author":9,"featured_media":11426,"comment_status":"closed","ping_status":"closed","sticky":false,"template":"","format":"standard","meta":{"jnews-multi-image_gallery":[],"jnews_single_post":{"format":"standard"},"jnews_primary_category":[],"jnews_social_meta":[],"jnews_override_counter":[],"jnews_post_split":[],"footnotes":""},"categories":[1],"tags":[],"class_list":["post-17180","post","type-post","status-publish","format-standard","has-post-thumbnail","hentry","category-geral"],"_referencia":"","_links":{"self":[{"href":"https:\/\/diariodocomercio.com.br\/mix\/wp-json\/wp\/v2\/posts\/17180","targetHints":{"allow":["GET"]}}],"collection":[{"href":"https:\/\/diariodocomercio.com.br\/mix\/wp-json\/wp\/v2\/posts"}],"about":[{"href":"https:\/\/diariodocomercio.com.br\/mix\/wp-json\/wp\/v2\/types\/post"}],"author":[{"embeddable":true,"href":"https:\/\/diariodocomercio.com.br\/mix\/wp-json\/wp\/v2\/users\/9"}],"replies":[{"embeddable":true,"href":"https:\/\/diariodocomercio.com.br\/mix\/wp-json\/wp\/v2\/comments?post=17180"}],"version-history":[{"count":1,"href":"https:\/\/diariodocomercio.com.br\/mix\/wp-json\/wp\/v2\/posts\/17180\/revisions"}],"predecessor-version":[{"id":17186,"href":"https:\/\/diariodocomercio.com.br\/mix\/wp-json\/wp\/v2\/posts\/17180\/revisions\/17186"}],"wp:featuredmedia":[{"embeddable":true,"href":"https:\/\/diariodocomercio.com.br\/mix\/wp-json\/wp\/v2\/media\/11426"}],"wp:attachment":[{"href":"https:\/\/diariodocomercio.com.br\/mix\/wp-json\/wp\/v2\/media?parent=17180"}],"wp:term":[{"taxonomy":"category","embeddable":true,"href":"https:\/\/diariodocomercio.com.br\/mix\/wp-json\/wp\/v2\/categories?post=17180"},{"taxonomy":"post_tag","embeddable":true,"href":"https:\/\/diariodocomercio.com.br\/mix\/wp-json\/wp\/v2\/tags?post=17180"}],"curies":[{"name":"wp","href":"https:\/\/api.w.org\/{rel}","templated":true}]}}