{"id":17193,"date":"2025-08-31T17:33:00","date_gmt":"2025-08-31T20:33:00","guid":{"rendered":"https:\/\/diariodocomercio.com.br\/mix\/?p=17193"},"modified":"2025-08-26T18:24:59","modified_gmt":"2025-08-26T21:24:59","slug":"governo-concede-credito-de-r-500-000-para-quem-deseja-ter-imovel-proprio","status":"publish","type":"post","link":"https:\/\/diariodocomercio.com.br\/mix\/governo-concede-credito-de-r-500-000-para-quem-deseja-ter-imovel-proprio\/","title":{"rendered":"Governo concede cr\u00e9dito de R$ 500.000 para quem deseja ter im\u00f3vel pr\u00f3prio"},"content":{"rendered":"\n<p>O programa habitacional<strong> Minha Casa, Minha Vida <\/strong>(MCMV), principal iniciativa do Governo Federal para promover o acesso \u00e0 moradia entre a popula\u00e7\u00e3o de baixa e m\u00e9dia renda, voltou a operar em 2023 ap\u00f3s ser relan\u00e7ado.<\/p>\n\n\n\n<p>Criado originalmente em 2009, o programa \u00e9 atualmente gerido pelo Minist\u00e9rio das Cidades e tem como meta contratar <strong>dois milh\u00f5es de unidades habitacionais at\u00e9 2026.<\/strong><\/p>\n\n\n\n<p>A estrutura do programa se baseia na concess\u00e3o de subs\u00eddios financeiros e taxas de juros abaixo das praticadas pelo mercado, viabilizando a aquisi\u00e7\u00e3o de im\u00f3veis novos, tanto em zonas urbanas quanto rurais. A iniciativa busca atender fam\u00edlias em situa\u00e7\u00e3o de vulnerabilidade financeira, promovendo o acesso \u00e0 casa pr\u00f3pria.<\/p>\n\n\n\n<h2 class=\"wp-block-heading\">Estrutura de faixas por renda familiar<\/h2>\n\n\n\n<p>O Minha Casa, Minha Vida \u00e9 segmentado em quatro faixas, definidas conforme a renda familiar mensal, o que determina os percentuais de subs\u00eddio e as condi\u00e7\u00f5es de financiamento dispon\u00edveis:<\/p>\n\n\n\n<ul class=\"wp-block-list\">\n<li><strong>Faixa 1: <\/strong>renda de at\u00e9 R$ 2.850. Nessa categoria, \u00e9 poss\u00edvel obter subs\u00eddios de at\u00e9 95% do valor do im\u00f3vel, com juros reduzidos;<\/li>\n\n\n\n<li><strong>Faixa 2:<\/strong> renda entre R$ 2.850,01 e R$ 4.700. O subs\u00eddio pode chegar a R$ 55.000, com taxas de juros abaixo do mercado;<\/li>\n\n\n\n<li><strong>Faixa 3:<\/strong> renda entre R$ 4.700,01 e R$ 8.600. N\u00e3o h\u00e1 subs\u00eddios, mas os financiamentos seguem regras facilitadas, podendo chegar a im\u00f3veis de at\u00e9 R$ 350.000;<\/li>\n\n\n\n<li><strong>Faixa 4: <\/strong>voltada \u00e0 classe m\u00e9dia, contempla fam\u00edlias com renda entre R$ 8.600,01 e R$ 12.000. Nessa faixa, o financiamento pode chegar a R$ 500.000, com juros anuais de 10,5%.<\/li>\n<\/ul>\n\n\n\n<p>Nas \u00e1reas rurais, os crit\u00e9rios de renda s\u00e3o adaptados, variando entre R$ 40.000 e R$ 120.000 por ano, conforme a faixa correspondente.<\/p>\n\n\n\n<h2 class=\"wp-block-heading\">Comparativo entre as faixas do programa<\/h2>\n\n\n\n<p>A Faixa 2 representa uma alternativa intermedi\u00e1ria dentro do Minha Casa, Minha Vida. A Faixa 1 oferece o maior n\u00edvel de subs\u00eddios, voltado a fam\u00edlias com renda mais baixa.<\/p>\n\n\n\n<p>J\u00e1 as Faixas 3 e 4 n\u00e3o contemplam subs\u00eddios, mas oferecem limites de financiamento mais altos e condi\u00e7\u00f5es diferenciadas de cr\u00e9dito.<\/p>\n\n\n\n<p>Resumo das caracter\u00edsticas por faixa:<\/p>\n\n\n\n<ul class=\"wp-block-list\">\n<li><strong>Faixa 1<\/strong>: subs\u00eddios elevados, voltada \u00e0 popula\u00e7\u00e3o de menor renda;<\/li>\n\n\n\n<li><strong>Faixa 2: <\/strong>subs\u00eddios moderados, renda intermedi\u00e1ria;<\/li>\n\n\n\n<li><strong>Faixa 3:<\/strong> financiamento com facilidades, sem subs\u00eddio;<\/li>\n\n\n\n<li><strong>Faixa 4: <\/strong>atendimento \u00e0 classe m\u00e9dia, com juros menores que os de mercado tradicional.<\/li>\n<\/ul>\n\n\n\n<p>A ades\u00e3o ao programa \u00e9 feita exclusivamente por meio dos canais oficiais. O processo de inscri\u00e7\u00e3o compreende as <strong>seguintes etapas<\/strong>:<\/p>\n\n\n\n<p>1. Escolha de um im\u00f3vel ou construtora cadastrada no programa;<\/p>\n\n\n\n<p>2. Simula\u00e7\u00e3o de financiamento no site da Caixa Econ\u00f4mica Federal ou em uma de suas ag\u00eancias;<\/p>\n\n\n\n<p>3. Entrega da documenta\u00e7\u00e3o necess\u00e1ria em uma ag\u00eancia da Caixa ou em um Correspondente Caixa Aqui;<\/p>\n\n\n\n<p>4. An\u00e1lise de cadastro e documentos;<\/p>\n\n\n\n<p>5. Em caso de aprova\u00e7\u00e3o, assinatura do contrato de financiamento.<\/p>\n\n\n\n<p>Com a documenta\u00e7\u00e3o em dia e o cumprimento das etapas, as fam\u00edlias conseguem formalizar a aquisi\u00e7\u00e3o do im\u00f3vel de forma segura.<\/p>\n","protected":false},"excerpt":{"rendered":"<p>A ades\u00e3o ao programa \u00e9 feita exclusivamente por meio dos canais oficiais. Veja como.<\/p>\n","protected":false},"author":12,"featured_media":13301,"comment_status":"closed","ping_status":"closed","sticky":false,"template":"","format":"standard","meta":{"jnews-multi-image_gallery":[],"jnews_single_post":{"format":"standard"},"jnews_primary_category":[],"jnews_social_meta":[],"jnews_override_counter":[],"jnews_post_split":[],"footnotes":""},"categories":[1],"tags":[],"class_list":["post-17193","post","type-post","status-publish","format-standard","has-post-thumbnail","hentry","category-geral"],"_referencia":"","_links":{"self":[{"href":"https:\/\/diariodocomercio.com.br\/mix\/wp-json\/wp\/v2\/posts\/17193","targetHints":{"allow":["GET"]}}],"collection":[{"href":"https:\/\/diariodocomercio.com.br\/mix\/wp-json\/wp\/v2\/posts"}],"about":[{"href":"https:\/\/diariodocomercio.com.br\/mix\/wp-json\/wp\/v2\/types\/post"}],"author":[{"embeddable":true,"href":"https:\/\/diariodocomercio.com.br\/mix\/wp-json\/wp\/v2\/users\/12"}],"replies":[{"embeddable":true,"href":"https:\/\/diariodocomercio.com.br\/mix\/wp-json\/wp\/v2\/comments?post=17193"}],"version-history":[{"count":1,"href":"https:\/\/diariodocomercio.com.br\/mix\/wp-json\/wp\/v2\/posts\/17193\/revisions"}],"predecessor-version":[{"id":17196,"href":"https:\/\/diariodocomercio.com.br\/mix\/wp-json\/wp\/v2\/posts\/17193\/revisions\/17196"}],"wp:featuredmedia":[{"embeddable":true,"href":"https:\/\/diariodocomercio.com.br\/mix\/wp-json\/wp\/v2\/media\/13301"}],"wp:attachment":[{"href":"https:\/\/diariodocomercio.com.br\/mix\/wp-json\/wp\/v2\/media?parent=17193"}],"wp:term":[{"taxonomy":"category","embeddable":true,"href":"https:\/\/diariodocomercio.com.br\/mix\/wp-json\/wp\/v2\/categories?post=17193"},{"taxonomy":"post_tag","embeddable":true,"href":"https:\/\/diariodocomercio.com.br\/mix\/wp-json\/wp\/v2\/tags?post=17193"}],"curies":[{"name":"wp","href":"https:\/\/api.w.org\/{rel}","templated":true}]}}