{"id":17195,"date":"2025-08-31T19:09:00","date_gmt":"2025-08-31T22:09:00","guid":{"rendered":"https:\/\/diariodocomercio.com.br\/mix\/?p=17195"},"modified":"2025-08-26T18:36:38","modified_gmt":"2025-08-26T21:36:38","slug":"caixa-economica-surpreende-com-leilao-de-imoveis-e-precos-na-casa-de-r-20-mil","status":"publish","type":"post","link":"https:\/\/diariodocomercio.com.br\/mix\/caixa-economica-surpreende-com-leilao-de-imoveis-e-precos-na-casa-de-r-20-mil\/","title":{"rendered":"Caixa Econ\u00f4mica surpreende com leil\u00e3o de im\u00f3veis e pre\u00e7os na casa de R$ 20 mil"},"content":{"rendered":"\n<p>Para quem tem o sonho de adquirir uma casa (ou qualquer im\u00f3vel) pr\u00f3prio, o leil\u00e3o da Caixa Econ\u00f4mica Federal pode ser uma \u00f3tima oportunidade. O banco vai leiloar mais de 500 im\u00f3veis espalhados por todo o Brasil, incluindo casas, apartamentos, terrenos e estabelecimentos comerciais, com mais de 40% de desconto.<\/p>\n\n\n\n<p>De acordo com o site <em>UOL<\/em>, o leil\u00e3o conta com im\u00f3veis em quase todos os estados do Brasil:<\/p>\n\n\n\n<ul class=\"wp-block-list\">\n<li>Alagoas;<\/li>\n\n\n\n<li>Amazonas;<\/li>\n\n\n\n<li>Bahia;<\/li>\n\n\n\n<li>Cear\u00e1;<\/li>\n\n\n\n<li>Esp\u00edrito Santo;<\/li>\n\n\n\n<li>Goi\u00e1s;<\/li>\n\n\n\n<li>Maranh\u00e3o;<\/li>\n\n\n\n<li>Minas Gerais;<\/li>\n\n\n\n<li>Mato Grosso do Sul;<\/li>\n\n\n\n<li>Mato Grosso;<\/li>\n\n\n\n<li>Par\u00e1;<\/li>\n\n\n\n<li>Para\u00edba;<\/li>\n\n\n\n<li>Pernambuco;<\/li>\n\n\n\n<li>Piau\u00ed;<\/li>\n\n\n\n<li>Paran\u00e1;<\/li>\n\n\n\n<li>Rio de Janeiro;<\/li>\n\n\n\n<li>Rond\u00f4nia;<\/li>\n\n\n\n<li>Roraima;<\/li>\n\n\n\n<li>Rio Grande do Sul;<\/li>\n\n\n\n<li>Santa Catarina; <\/li>\n\n\n\n<li>Sergipe;<\/li>\n\n\n\n<li>S\u00e3o Paulo;<\/li>\n\n\n\n<li>Distrito Federal.<\/li>\n<\/ul>\n\n\n\n<p>O <em>UOL<\/em> descobriu qual o im\u00f3vel mais caro e o mais barato que ser\u00e3o leiloados. O mais barato \u00e9 um terreno na cidade de Altos, no Piau\u00ed. Com 200 metros quadrados, o terreno tem um valor inicial de R$ 22 mil (42% de desconto). J\u00e1 o im\u00f3vel mais caro \u00e9 uma casa dentro de um condom\u00ednio no Recreio dos Bandeirantes, Rio de Janeiro. A casa tem 210 metros quadrados de \u00e1rea privativa, cinco banheiros e quatro quartos e tem o valor inicial de R$ 1,06 milh\u00f5es (36% de desconto).<\/p>\n\n\n\n<h2 class=\"wp-block-heading\">Quando ser\u00e1 o leil\u00e3o da Caixa Econ\u00f4mica Federal?<\/h2>\n\n\n\n<p>O leil\u00e3o acontece nesta segunda-feira, dia <strong>1\u00ba de setembro<\/strong>, \u00e0s 10h, exclusivamente online, l\u00e1 no site da Porto Leil\u00f5es. Para participar, voc\u00ea precisa realizar seu cadastro na plataforma &#8211; o que \u00e9 totalmente gratuito &#8211; e ent\u00e3o se habilitar para o leil\u00e3o. Mas fica o aviso que <strong><span style=\"text-decoration: underline\">o pagamento precisa ser feito \u00e0 vista<\/span><\/strong>, com mais 5% da comiss\u00e3o do leiloeiro.<\/p>\n\n\n\n<style>@media (min-width: 992px) {\n    .recomendadorV2Area1 {\n        width: 280px;\n    }\n    .recomendadorV2Area2 {\n        padding: 0px 20px;\n        width: calc(100% - 280px);\n    }\n}\n\n@media (max-width: 992px) {\n    .recomendadorV2Button {\n        margin: 0 auto;\n    }\n    .recomendadorV2Area {\n        flex-direction: column;\n        text-align: center;\n    }\n    .recomendadorV2Area2 {\n        padding: 0px 20px;\n    }\n}\n\n.recomendadorV2Area {\n    background: #eeeeee3d;\n    border-radius: 10px;\n    padding: 15px;\n    display: flex;\n    margin: 15px auto;\n    border: 1px solid #00000014;\n    max-width: 800px;\n}\n\n.recomendadorV2Area1 img {\n    width: 280px;\n    height: auto;\n    border-radius: 8px;\n}\n\n.linkrecomendadorv2 {\n    text-decoration: none !important;\n}\n\n.recomendadorV2Area2 .recomendadorV2Type {\n    text-transform: uppercase;\n    font-weight: 500;\n    font-size: 11px;\n    letter-spacing: 2px;\n    color: #666;\n    margin: 12px 0;\n    display: block;\n}\n\n.recomendadorV2Title h2 {\n    padding-top: 0px !important;\n    margin: 0px !important;\n    border-left: none !important;\n    padding-left: 0px !important;\n    line-height: 1.3;\n    color: #000 !important;\n    font-size: 24px;\n    margin-bottom: 12px !important;\n}\n\n.recomendadorV2Desc {\n    color: #333;\n    margin: 12px 0px !important;\n    font-size: 15px;\n    line-height: 1.5;\n}\n\n.recomendadorV2Button {\n    width: auto;\n    max-width: 200px;\n    margin: 0;\n    display: inline-flex;\n    align-items: center;\n    background: #1D3557;\n    border-radius: 8px;\n    color: #fff;\n    height: 36px;\n    justify-content: center;\n    text-align: center;\n    font-size: 14px;\n    padding: 0 20px;\n    transition: background-color 0.2s ease;\n}\n\n.recomendadorV2Button:hover {\n    background: #2a4d7a;\n}\n\n.recomendadorV2Button:after {\n    margin-top: -2px;\n    content: \"\u2192\";\n    padding: 0px 0px 0px 8px;\n}\n\n.recomendadorV2Alert {\n    text-align: left;\n    font-size: 11px;\n    margin-top: 8px;\n    color: #666;\n}\n\n.recomendadorFixedArea {\n    width: 100%;\n    display: flex;\n    justify-content: center;\n    align-items: center;\n}\n\n@media (min-width: 992px) {\n    #recomendadorFixed {\n        width: 32% !important;\n        left: 5%;\n    }\n    .recomendadorCloseFixed{\n        right: inherit !important;\n        left: 378px !important;\n    }\n}\n\n#recomendadorFixed {\n    width: 90%;\n    box-shadow: 0 10px 20px 0px #00000057;\n    display: none;\n    height: 90px;\n    background: #F6F6F6;\n    position: fixed;\n    flex-direction: row;\n    bottom: 10px;\n    z-index: 9999;\n    border-radius: 16px;\n    padding: 7px 10px;\n}\n\n.recomendadorLeftArea {\n    width: 160px;\n}\n\n.recomendadorRightArea h2 {\n    padding-top: 0px;\n    margin: 2px 0px 4px 0px !important;\n    font-weight: 400;\n    text-align: center;\n    padding-left: 0px !important;\n    color: #000 !important;\n    border-left: none !important;\n    line-height: 20px;\n    font-size: 12px !important;\n}\n\n.recomendadorImgFixed {\n    overflow: hidden;\n    padding: 8px 6px;\n    height: 100%;\n}\n\n.recomendadorImgFixed img {\n    height: 100% !important;\n    border-radius: 16px;\n}\n\n.recomendadorRightArea {\n    padding-top: 6px;\n    display: flex;\n    width: calc(100% - 130px);\n    justify-content: space-between;\n    align-items: center;\n    flex-direction: column;\n}\n\n.recomendadorButtonFixed {\n    margin: 0 auto;\n    background: #1D3557;\n    width: 80%;\n    text-align: center;\n    font-size: 10px;\n    color: #FFF;\n    padding: 2px 10px;\n    border-radius: 3px;\n}\n\n.recomendadorButtonFixed:after {\n    margin-top: -3px;\n    content: \"\u2192\";\n    padding: 0px 0px 0px 10px;\n}\n\n.recomendadorAlertFixed {\n    font-weight: 400;\n    text-align: center;\n    color: #484848;\n    font-size: 8px;\n}\n\n.recomendadorCloseFixed {\n    z-index: 99999;\n    display: none;\n    right: 0px;\n    left: inherit;\n    bottom: 99px;\n    position: fixed;\n    justify-content: center;\n    background: #F6F6F6;\n    width: 25px;\n    align-items: center;\n    height: 25px;\n    font-weight: 800;\n    border-radius: 50%;\n    border: 1px solid #EBEBEB;\n}\n\n.recomendadorV2Desc{\n    color: #000000;\n    margin: 20px 0px;\n}\n\n@media (max-width: 576px) {\n    .recomendadorV2Area {\n      padding: 10px;\n      max-width: 100%;\n    }\n  \n    .recomendadorV2Area1 img {\n      width: 100%;\n      border-radius: 6px;\n    }\n  \n    .recomendadorV2Area2 .recomendadorV2Type {\n      font-size: 9px;\n      letter-spacing: 1px;\n      margin: 8px 0;\n    }\n  \n    .recomendadorV2Title h2 {\n      font-size: 18px !important;\n      margin-bottom: 8px !important;\n      line-height: 1.2;\n    }\n  \n    .recomendadorV2Desc {\n      font-size: 14px;\n      margin: 8px 0 !important;\n      line-height: 1.4;\n    }\n  \n    .recomendadorV2Button {\n      font-size: 14px;\n      height: 40px;\n      padding: 0 12px;\n      max-width: 100%;\n      width: 100%;\n    }\n  \n    .recomendadorV2Button:after {\n      padding-left: 6px;\n    }\n  }\n  <\/style>\n        <div class=\"lazyblock-recomendador-v2-2jDGz wp-block-lazyblock-recomendador-v2\">\n        <a class=\"linkrecomendadorv2\" href=\"https:\/\/diariodocomercio.com.br\/mix\/o-que-conversas-em-todo-idioma-tem-em-comum\/\">\n            <div class=\"recomendadorV2Area\">\n            <div class=\"recomendadorV2Area1\">\n                <div class=\"recomendadorV2Img\">\n                <img class=\"lazyloaded\" decoding=\"async\" src=\"https:\/\/diariodocomercio.com.br\/mix\/wp-content\/uploads\/2025\/08\/jovens-conversando-varias-linguas-1.jpg\" data-src=\"https:\/\/diariodocomercio.com.br\/mix\/wp-content\/uploads\/2025\/08\/jovens-conversando-varias-linguas-1.jpg\" alt=\"\">\n                <\/div>\n            <\/div>\n            <div class=\"recomendadorV2Area2\">\n                <div class=\"recomendadorV2Type\">\n                    <span>CI\u00caNCIA<\/span>\n                <\/div>\n                <div class=\"recomendadorV2Title\">\n                <h2><span>O que conversas em todo idioma t\u00eam em comum?<\/span><\/h2>\n                <\/div>\n                <div class=\"recomendadorV2Desc\">\n                <span>Pesquisadores da Universidade Hebraica de Jerusal\u00e9m analisaram conversas em mais de 40 idiomas em busca do ritmo universal da linguagem.<\/span>\n                <\/div>\n                <div class=\"recomendadorV2Button\">Leia mais<\/div>\n                <div class=\"recomendadorV2Alert\"><\/div>\n            <\/div>\n            <\/div>\n        <\/a>\n        <div>\n            <div style=\"z-index:99999;\" id=\"buttonClose\" onclick=\"closeRecomendadorFixed()\">\n            <div class=\"recomendadorCloseFixed\">X<\/div>\n            <\/div>\n            <a href=\"https:\/\/diariodocomercio.com.br\/mix\/o-que-conversas-em-todo-idioma-tem-em-comum\/\">\n            <div class=\"recomendadorFixedArea\">\n                <div id=\"recomendadorFixed\">\n                <div class=\"recomendadorLeftArea\">\n                    <div class=\"recomendadorImgFixed\">\n                    <img class=\"lazyload\" decoding=\"async\" src=\"https:\/\/diariodocomercio.com.br\/mix\/wp-content\/uploads\/2025\/08\/jovens-conversando-varias-linguas-1.jpg\" alt=\"\">\n                    <\/div>\n                <\/div>\n                <div class=\"recomendadorRightArea\">\n                    <div class=\"recomendadorTitleFixed\">\n                    <h2><span>O que conversas em todo idioma t\u00eam em comum?<\/span><\/h2>\n                    <\/div>\n                    <div class=\"recomendadorButtonFixed\">Leia mais<\/div>\n                    <div class=\"recomendadorAlertFixed\"><\/div>\n                <\/div>\n                <\/div>\n            <\/div>\n            <\/a>\n        <\/div>\n        <\/div>\n","protected":false},"excerpt":{"rendered":"<p>Leil\u00e3o da Caixa Econ\u00f4mica Federal na pr\u00f3xima segunda (1\u00ba) vai leiloar mais de 500 im\u00f3veis espalhados pelo Brasil com at\u00e9 40% de desconto.<\/p>\n","protected":false},"author":6,"featured_media":3982,"comment_status":"closed","ping_status":"closed","sticky":false,"template":"","format":"standard","meta":{"jnews-multi-image_gallery":[],"jnews_single_post":{"format":"standard"},"jnews_primary_category":[],"jnews_social_meta":[],"jnews_override_counter":[],"jnews_post_split":[],"footnotes":""},"categories":[1],"tags":[],"class_list":["post-17195","post","type-post","status-publish","format-standard","has-post-thumbnail","hentry","category-geral"],"_referencia":"","_links":{"self":[{"href":"https:\/\/diariodocomercio.com.br\/mix\/wp-json\/wp\/v2\/posts\/17195","targetHints":{"allow":["GET"]}}],"collection":[{"href":"https:\/\/diariodocomercio.com.br\/mix\/wp-json\/wp\/v2\/posts"}],"about":[{"href":"https:\/\/diariodocomercio.com.br\/mix\/wp-json\/wp\/v2\/types\/post"}],"author":[{"embeddable":true,"href":"https:\/\/diariodocomercio.com.br\/mix\/wp-json\/wp\/v2\/users\/6"}],"replies":[{"embeddable":true,"href":"https:\/\/diariodocomercio.com.br\/mix\/wp-json\/wp\/v2\/comments?post=17195"}],"version-history":[{"count":1,"href":"https:\/\/diariodocomercio.com.br\/mix\/wp-json\/wp\/v2\/posts\/17195\/revisions"}],"predecessor-version":[{"id":17200,"href":"https:\/\/diariodocomercio.com.br\/mix\/wp-json\/wp\/v2\/posts\/17195\/revisions\/17200"}],"wp:featuredmedia":[{"embeddable":true,"href":"https:\/\/diariodocomercio.com.br\/mix\/wp-json\/wp\/v2\/media\/3982"}],"wp:attachment":[{"href":"https:\/\/diariodocomercio.com.br\/mix\/wp-json\/wp\/v2\/media?parent=17195"}],"wp:term":[{"taxonomy":"category","embeddable":true,"href":"https:\/\/diariodocomercio.com.br\/mix\/wp-json\/wp\/v2\/categories?post=17195"},{"taxonomy":"post_tag","embeddable":true,"href":"https:\/\/diariodocomercio.com.br\/mix\/wp-json\/wp\/v2\/tags?post=17195"}],"curies":[{"name":"wp","href":"https:\/\/api.w.org\/{rel}","templated":true}]}}