{"id":17212,"date":"2025-08-31T20:09:00","date_gmt":"2025-08-31T23:09:00","guid":{"rendered":"https:\/\/diariodocomercio.com.br\/mix\/?p=17212"},"modified":"2025-08-26T19:18:05","modified_gmt":"2025-08-26T22:18:05","slug":"homem-que-instalou-o-primeiro-chip-cerebral-de-elon-musk-revela-seu-estado-apos-1-ano-e-meio","status":"publish","type":"post","link":"https:\/\/diariodocomercio.com.br\/mix\/homem-que-instalou-o-primeiro-chip-cerebral-de-elon-musk-revela-seu-estado-apos-1-ano-e-meio\/","title":{"rendered":"Homem que instalou o primeiro chip cerebral de Elon Musk revela seu estado ap\u00f3s 1 ano e meio"},"content":{"rendered":"\n<p>Um marco significativo na ci\u00eancia m\u00e9dica foi alcan\u00e7ado quando <strong>Noland Arbaugh, <\/strong>um americano de 30 anos, recebeu o <strong>primeiro implante cerebral da Neuralink<\/strong> em janeiro de 2024. Esta interven\u00e7\u00e3o seguiu-se a um acidente de mergulho em 2016 que o deixou tetrapl\u00e9gico.<\/p>\n\n\n\n<p>Localizada nos Estados Unidos, a empresa fundada por Elon Musk desenvolveu uma tecnologia inovadora que permite ao paciente <strong>controlar dispositivos eletr\u00f4nicos apenas com o pensamento<\/strong>. O projeto tem o apoio da Food and Drug Administration (FDA) e visa melhorar a qualidade de vida e a autonomia de pessoas com defici\u00eancia.<\/p>\n\n\n<div class=\"wp-block-image\">\n<figure class=\"aligncenter size-large is-resized\"><img decoding=\"async\" width=\"1200\" height=\"675\" src=\"https:\/\/diariodocomercio.com.br\/mix\/wp-content\/uploads\/2025\/08\/noland-arbaugh-foto-1200x675.webp\" alt=\"\" class=\"wp-image-17215\" style=\"width:628px;height:auto\" srcset=\"https:\/\/diariodocomercio.com.br\/mix\/wp-content\/uploads\/2025\/08\/noland-arbaugh-foto-1200x675.webp 1200w, https:\/\/diariodocomercio.com.br\/mix\/wp-content\/uploads\/2025\/08\/noland-arbaugh-foto-300x169.webp 300w, https:\/\/diariodocomercio.com.br\/mix\/wp-content\/uploads\/2025\/08\/noland-arbaugh-foto-768x432.webp 768w, https:\/\/diariodocomercio.com.br\/mix\/wp-content\/uploads\/2025\/08\/noland-arbaugh-foto-1536x864.webp 1536w, https:\/\/diariodocomercio.com.br\/mix\/wp-content\/uploads\/2025\/08\/noland-arbaugh-foto-150x84.webp 150w, https:\/\/diariodocomercio.com.br\/mix\/wp-content\/uploads\/2025\/08\/noland-arbaugh-foto-750x422.webp 750w, https:\/\/diariodocomercio.com.br\/mix\/wp-content\/uploads\/2025\/08\/noland-arbaugh-foto-1140x641.webp 1140w, https:\/\/diariodocomercio.com.br\/mix\/wp-content\/uploads\/2025\/08\/noland-arbaugh-foto.webp 1920w\" sizes=\"(max-width: 1200px) 100vw, 1200px\" \/><figcaption class=\"wp-element-caption\">Noland Arbaugh (Reprodu\u00e7\u00e3o\/Redes Sociais)<\/figcaption><\/figure>\n<\/div>\n\n\n<p>A Neuralink conquistou a aprova\u00e7\u00e3o da FDA para realizar testes cl\u00ednicos em humanos. Estes testes visam conectar c\u00e9rebros humanos a computadores, permitindo a pacientes tetrapl\u00e9gicos controlar cursores em telas de computador apenas com seus pensamentos.<\/p>\n\n\n\n<p>Eles s\u00e3o realizados nos Estados Unidos para avaliar a seguran\u00e7a e a efic\u00e1cia dos dispositivos e seu potencial para revolucionar a interface humano-m\u00e1quina.<\/p>\n\n\n\n<h2 class=\"wp-block-heading\">Como est\u00e1 Noland Arbaugh hoje<\/h2>\n\n\n\n<p>Dezoito meses ap\u00f3s receber o implante cerebral da Neuralink, Noland Arbaugh relatou \u00e0<strong> revista Fortune<\/strong> as mudan\u00e7as significativas que ocorreram em sua vida desde ent\u00e3o. Segundo ele, sua rotina se transformou completamente, refletindo um esfor\u00e7o intenso para recuperar o tempo que passou inativo ao longo de oito anos.<\/p>\n\n\n\n<p>Atualmente, Arbaugh est\u00e1 matriculado em um curso de neuroci\u00eancia no estado do Arizona, participa de eventos como palestrante profissional e atribui ao chip a recupera\u00e7\u00e3o de sua autonomia e a redescoberta de um prop\u00f3sito de vida.<\/p>\n\n\n\n<p>Desde a cirurgia, Arbaugh dedica at\u00e9 dez horas por dia ao<strong> uso do dispositivo para realizar atividades <\/strong>como trabalho, leitura e estudo, algo que, segundo ele, era inimagin\u00e1vel antes do implante. Sua rotina anterior era marcada por longos per\u00edodos de inatividade e aus\u00eancia de metas, em que permanecia acordado \u00e0 noite e dormia durante o dia, sem perspectivas claras.<\/p>\n\n\n\n<p>A percep\u00e7\u00e3o sobre si mesmo e suas capacidades tamb\u00e9m passou por uma mudan\u00e7a profunda. Ele afirma que voltou a enxergar seu pr\u00f3prio potencial e que, embora esse potencial sempre tenha existido, agora consegue direcion\u00e1-lo de forma concreta e significativa. O entusiasmo com essa nova fase o motivou a ingressar no ensino superior e a iniciar uma trajet\u00f3ria como <strong>palestrante.<\/strong><\/p>\n","protected":false},"excerpt":{"rendered":"<p>Americano de 30 anos recebeu o primeiro implante cerebral da Neuralink em janeiro de 2024. <\/p>\n","protected":false},"author":12,"featured_media":13279,"comment_status":"closed","ping_status":"closed","sticky":false,"template":"","format":"standard","meta":{"jnews-multi-image_gallery":[],"jnews_single_post":{"format":"standard"},"jnews_primary_category":[],"jnews_social_meta":[],"jnews_override_counter":[],"jnews_post_split":[],"footnotes":""},"categories":[1],"tags":[],"class_list":["post-17212","post","type-post","status-publish","format-standard","has-post-thumbnail","hentry","category-geral"],"_referencia":"","_links":{"self":[{"href":"https:\/\/diariodocomercio.com.br\/mix\/wp-json\/wp\/v2\/posts\/17212","targetHints":{"allow":["GET"]}}],"collection":[{"href":"https:\/\/diariodocomercio.com.br\/mix\/wp-json\/wp\/v2\/posts"}],"about":[{"href":"https:\/\/diariodocomercio.com.br\/mix\/wp-json\/wp\/v2\/types\/post"}],"author":[{"embeddable":true,"href":"https:\/\/diariodocomercio.com.br\/mix\/wp-json\/wp\/v2\/users\/12"}],"replies":[{"embeddable":true,"href":"https:\/\/diariodocomercio.com.br\/mix\/wp-json\/wp\/v2\/comments?post=17212"}],"version-history":[{"count":2,"href":"https:\/\/diariodocomercio.com.br\/mix\/wp-json\/wp\/v2\/posts\/17212\/revisions"}],"predecessor-version":[{"id":17216,"href":"https:\/\/diariodocomercio.com.br\/mix\/wp-json\/wp\/v2\/posts\/17212\/revisions\/17216"}],"wp:featuredmedia":[{"embeddable":true,"href":"https:\/\/diariodocomercio.com.br\/mix\/wp-json\/wp\/v2\/media\/13279"}],"wp:attachment":[{"href":"https:\/\/diariodocomercio.com.br\/mix\/wp-json\/wp\/v2\/media?parent=17212"}],"wp:term":[{"taxonomy":"category","embeddable":true,"href":"https:\/\/diariodocomercio.com.br\/mix\/wp-json\/wp\/v2\/categories?post=17212"},{"taxonomy":"post_tag","embeddable":true,"href":"https:\/\/diariodocomercio.com.br\/mix\/wp-json\/wp\/v2\/tags?post=17212"}],"curies":[{"name":"wp","href":"https:\/\/api.w.org\/{rel}","templated":true}]}}