{"id":17217,"date":"2025-08-31T21:05:00","date_gmt":"2025-09-01T00:05:00","guid":{"rendered":"https:\/\/diariodocomercio.com.br\/mix\/?p=17217"},"modified":"2025-08-26T19:37:03","modified_gmt":"2025-08-26T22:37:03","slug":"recadastramento-do-inss-prazo-final-termina-em-novembro-para-aposentados","status":"publish","type":"post","link":"https:\/\/diariodocomercio.com.br\/mix\/recadastramento-do-inss-prazo-final-termina-em-novembro-para-aposentados\/","title":{"rendered":"Recadastramento do INSS: Prazo final termina em novembro para aposentados"},"content":{"rendered":"\n<p>A partir de <strong>20 de novembro, <\/strong>todos os benefici\u00e1rios do INSS dever\u00e3o <strong>cadastrar sua biometria.<\/strong> O governo brasileiro instituiu essa medida para garantir a continuidade do pagamento de benef\u00edcios como aposentadorias, pens\u00f5es e o BPC (Benef\u00edcio de Presta\u00e7\u00e3o Continuada). O n\u00e3o cumprimento do prazo pode resultar na <strong>suspens\u00e3o tempor\u00e1ria<\/strong> dos benef\u00edcios.<\/p>\n\n\n\n<p>A implementa\u00e7\u00e3o do cadastro biom\u00e9trico tem como objetivo aumentar a seguran\u00e7a do sistema previdenci\u00e1rio e mitigar fraudes. Essa t\u00e9cnica \u00e9 uma camada adicional de prote\u00e7\u00e3o, garantindo que os benef\u00edcios sejam direcionados apenas aos verdadeiros titulares.<\/p>\n\n\n\n<p>J\u00e1 utilizada em documentos como CNH e RG, a biometria fortalece a integridade das informa\u00e7\u00f5es.<\/p>\n\n\n\n<h2 class=\"wp-block-heading\">Onde e como fazer o cadastro<\/h2>\n\n\n\n<p>O cadastro de biometria pode ser realizado em diversos locais, incluindo ag\u00eancias do INSS, centros de emiss\u00e3o de identidade estaduais, CRAS e bancos conveniados. Quem j\u00e1 possui biometria registrada em documentos como CNH precisa verificar se o registro est\u00e1 atualizado.<\/p>\n\n\n\n<p>O governo tem trabalhado para garantir que o processo seja acess\u00edvel, inclusive para quem tem dificuldades de locomo\u00e7\u00e3o.<\/p>\n\n\n\n<h2 class=\"wp-block-heading\">Consequ\u00eancias da falta de registro<\/h2>\n\n\n\n<p>Bene\ufb01ci\u00e1rios que n\u00e3o realizarem o cadastro correm o risco de ter seus <strong>benef\u00edcios suspensos<\/strong>. Essa exig\u00eancia tamb\u00e9m se aplica a novos solicitantes e a bene\ufb01ci\u00e1rios que precisem alterar dados cadastrais. Espera-se que a ado\u00e7\u00e3o gradual da medida minimize contratempos durante a transi\u00e7\u00e3o.<\/p>\n\n\n\n<p>Para aqueles que enfrentam limita\u00e7\u00f5es seja por quest\u00f5es estruturais ou pessoais, o governo est\u00e1 considerando dispensas tempor\u00e1rias at\u00e9 que as condi\u00e7\u00f5es necess\u00e1rias para o cadastro sejam plenamente acess\u00edveis.&nbsp;<\/p>\n","protected":false},"excerpt":{"rendered":"<p>O n\u00e3o cumprimento do prazo pode resultar na suspens\u00e3o dos benef\u00edcios.<\/p>\n","protected":false},"author":12,"featured_media":10504,"comment_status":"closed","ping_status":"closed","sticky":false,"template":"","format":"standard","meta":{"jnews-multi-image_gallery":[],"jnews_single_post":{"format":"standard"},"jnews_primary_category":[],"jnews_social_meta":[],"jnews_override_counter":[],"jnews_post_split":[],"footnotes":""},"categories":[1],"tags":[],"class_list":["post-17217","post","type-post","status-publish","format-standard","has-post-thumbnail","hentry","category-geral"],"_referencia":"","_links":{"self":[{"href":"https:\/\/diariodocomercio.com.br\/mix\/wp-json\/wp\/v2\/posts\/17217","targetHints":{"allow":["GET"]}}],"collection":[{"href":"https:\/\/diariodocomercio.com.br\/mix\/wp-json\/wp\/v2\/posts"}],"about":[{"href":"https:\/\/diariodocomercio.com.br\/mix\/wp-json\/wp\/v2\/types\/post"}],"author":[{"embeddable":true,"href":"https:\/\/diariodocomercio.com.br\/mix\/wp-json\/wp\/v2\/users\/12"}],"replies":[{"embeddable":true,"href":"https:\/\/diariodocomercio.com.br\/mix\/wp-json\/wp\/v2\/comments?post=17217"}],"version-history":[{"count":1,"href":"https:\/\/diariodocomercio.com.br\/mix\/wp-json\/wp\/v2\/posts\/17217\/revisions"}],"predecessor-version":[{"id":17218,"href":"https:\/\/diariodocomercio.com.br\/mix\/wp-json\/wp\/v2\/posts\/17217\/revisions\/17218"}],"wp:featuredmedia":[{"embeddable":true,"href":"https:\/\/diariodocomercio.com.br\/mix\/wp-json\/wp\/v2\/media\/10504"}],"wp:attachment":[{"href":"https:\/\/diariodocomercio.com.br\/mix\/wp-json\/wp\/v2\/media?parent=17217"}],"wp:term":[{"taxonomy":"category","embeddable":true,"href":"https:\/\/diariodocomercio.com.br\/mix\/wp-json\/wp\/v2\/categories?post=17217"},{"taxonomy":"post_tag","embeddable":true,"href":"https:\/\/diariodocomercio.com.br\/mix\/wp-json\/wp\/v2\/tags?post=17217"}],"curies":[{"name":"wp","href":"https:\/\/api.w.org\/{rel}","templated":true}]}}