{"id":17228,"date":"2025-08-30T10:24:00","date_gmt":"2025-08-30T13:24:00","guid":{"rendered":"https:\/\/diariodocomercio.com.br\/mix\/?p=17228"},"modified":"2025-08-27T10:29:23","modified_gmt":"2025-08-27T13:29:23","slug":"cerveja-do-bolsonaro-saiba-onde-comprar-a-bebida-oficial-do-ex-presidente-do-brasil","status":"publish","type":"post","link":"https:\/\/diariodocomercio.com.br\/mix\/cerveja-do-bolsonaro-saiba-onde-comprar-a-bebida-oficial-do-ex-presidente-do-brasil\/","title":{"rendered":"Cerveja do Bolsonaro: saiba onde comprar a bebida oficial do ex-presidente do Brasil"},"content":{"rendered":"\n<p>Latas da &#8220;<strong>Cerveja do Bolsonaro&#8221;<\/strong> est\u00e3o chamando a aten\u00e7\u00e3o em um mercado do bairro da Velha, em <strong>Blumenau<\/strong>. O produto homenageia o ex-presidente Jair Bolsonaro e se destaca ao lado de itens comuns. A bebida, produzida pela<strong> Linden Bier,<\/strong> vende o fardo de seis latas de 350 ml pelo site oficial da marca.<\/p>\n\n\n\n<p>A &#8220;Cerveja do Bolsonaro&#8221; \u00e9 uma <strong>puro malte<\/strong> que, em seu r\u00f3tulo, afirma ser &#8220;o sabor da liberdade&#8221;. Esta estrat\u00e9gia de marketing associa o produto ao ex-presidente, criando identifica\u00e7\u00e3o para os consumidores.<\/p>\n\n\n\n<p>Jair Bolsonaro foi visto em um v\u00eddeo descontra\u00eddo exibindo a cerveja, destacando ainda mais a bebida no mercado.<\/p>\n\n\n<div class=\"wp-block-image\">\n<figure class=\"aligncenter size-full is-resized\"><img decoding=\"async\" width=\"728\" height=\"578\" src=\"https:\/\/diariodocomercio.com.br\/mix\/wp-content\/uploads\/2025\/08\/Captura-de-tela-2025-08-27-101924.png\" alt=\"\" class=\"wp-image-17229\" style=\"width:380px;height:auto\" srcset=\"https:\/\/diariodocomercio.com.br\/mix\/wp-content\/uploads\/2025\/08\/Captura-de-tela-2025-08-27-101924.png 728w, https:\/\/diariodocomercio.com.br\/mix\/wp-content\/uploads\/2025\/08\/Captura-de-tela-2025-08-27-101924-300x238.png 300w, https:\/\/diariodocomercio.com.br\/mix\/wp-content\/uploads\/2025\/08\/Captura-de-tela-2025-08-27-101924-150x119.png 150w\" sizes=\"(max-width: 728px) 100vw, 728px\" \/><figcaption class=\"wp-element-caption\">Foto: Reprodu\u00e7\u00e3o\/@cervejando.1<\/figcaption><\/figure>\n<\/div>\n\n\n<h2 class=\"wp-block-heading\">Blumenau: capital da cerveja<\/h2>\n\n\n\n<p>Blumenau \u00e9 um centro importante para o setor cervejeiro. Santa Catarina \u00e9 um dos estados l\u00edderes nessa ind\u00fastria, com 175 cervejarias registradas at\u00e9 2024, segundo dados oficiais. A tradi\u00e7\u00e3o cervejeira \u00e9 refor\u00e7ada por eventos como o &#8220;Festival das Cervejarias de Timb\u00f3&#8221;, que atrai muitos visitantes e fomenta o turismo.<\/p>\n\n\n\n<h2 class=\"wp-block-heading\">Mercado&nbsp;<\/h2>\n\n\n\n<p>A introdu\u00e7\u00e3o da &#8220;Cerveja do Bolsonaro&#8221; em Blumenau \u00e9 um reflexo do dinamismo do setor na regi\u00e3o. Al\u00e9m disso, atesta a tend\u00eancia de ind\u00fastrias locais em explorar novos caminhos para engajar o p\u00fablico.<\/p>\n\n\n\n<p>A presen\u00e7a desse produto em supermercados j\u00e1 estimula debates locais, com um fardo vendido por <strong>R$ 59,90<\/strong>.&nbsp;<\/p>\n\n\n\n<p>Blumenau continua fortalecendo seu mercado cervejeiro. A introdu\u00e7\u00e3o de novidades como a &#8220;Cerveja do Bolsonaro&#8221; demonstra a capacidade das cervejarias locais de inovar.<\/p>\n","protected":false},"excerpt":{"rendered":"<p>A cerveja \u00e9 uma puro malte que, em seu r\u00f3tulo, afirma ser &#8220;o sabor da liberdade&#8221;.<\/p>\n","protected":false},"author":12,"featured_media":11596,"comment_status":"closed","ping_status":"closed","sticky":false,"template":"","format":"standard","meta":{"jnews-multi-image_gallery":[],"jnews_single_post":{"format":"standard"},"jnews_primary_category":[],"jnews_social_meta":[],"jnews_override_counter":[],"jnews_post_split":[],"footnotes":""},"categories":[1],"tags":[],"class_list":["post-17228","post","type-post","status-publish","format-standard","has-post-thumbnail","hentry","category-geral"],"_referencia":"","_links":{"self":[{"href":"https:\/\/diariodocomercio.com.br\/mix\/wp-json\/wp\/v2\/posts\/17228","targetHints":{"allow":["GET"]}}],"collection":[{"href":"https:\/\/diariodocomercio.com.br\/mix\/wp-json\/wp\/v2\/posts"}],"about":[{"href":"https:\/\/diariodocomercio.com.br\/mix\/wp-json\/wp\/v2\/types\/post"}],"author":[{"embeddable":true,"href":"https:\/\/diariodocomercio.com.br\/mix\/wp-json\/wp\/v2\/users\/12"}],"replies":[{"embeddable":true,"href":"https:\/\/diariodocomercio.com.br\/mix\/wp-json\/wp\/v2\/comments?post=17228"}],"version-history":[{"count":1,"href":"https:\/\/diariodocomercio.com.br\/mix\/wp-json\/wp\/v2\/posts\/17228\/revisions"}],"predecessor-version":[{"id":17230,"href":"https:\/\/diariodocomercio.com.br\/mix\/wp-json\/wp\/v2\/posts\/17228\/revisions\/17230"}],"wp:featuredmedia":[{"embeddable":true,"href":"https:\/\/diariodocomercio.com.br\/mix\/wp-json\/wp\/v2\/media\/11596"}],"wp:attachment":[{"href":"https:\/\/diariodocomercio.com.br\/mix\/wp-json\/wp\/v2\/media?parent=17228"}],"wp:term":[{"taxonomy":"category","embeddable":true,"href":"https:\/\/diariodocomercio.com.br\/mix\/wp-json\/wp\/v2\/categories?post=17228"},{"taxonomy":"post_tag","embeddable":true,"href":"https:\/\/diariodocomercio.com.br\/mix\/wp-json\/wp\/v2\/tags?post=17228"}],"curies":[{"name":"wp","href":"https:\/\/api.w.org\/{rel}","templated":true}]}}