{"id":17246,"date":"2025-08-27T14:25:26","date_gmt":"2025-08-27T17:25:26","guid":{"rendered":"https:\/\/diariodocomercio.com.br\/mix\/?p=17246"},"modified":"2025-08-27T14:25:28","modified_gmt":"2025-08-27T17:25:28","slug":"beneficiarios-do-inss-com-final-3-vao-ganhar-presentao-nesta-terca-feira-27-08","status":"publish","type":"post","link":"https:\/\/diariodocomercio.com.br\/mix\/beneficiarios-do-inss-com-final-3-vao-ganhar-presentao-nesta-terca-feira-27-08\/","title":{"rendered":"Benefici\u00e1rios do INSS com final 3 v\u00e3o ganhar present\u00e3o nesta ter\u00e7a-feira\u00a0(27\/08)"},"content":{"rendered":"\n<p>Milhares de brasileiros iniciaram o recebimento do pagamento do Instituto Nacional do Seguro Social (INSS) nesta ter\u00e7a-feira, 26 de agosto. O valor, correspondente ao <strong>sal\u00e1rio m\u00ednimo de R$ 1.518, <\/strong>ser\u00e1 creditado nas contas banc\u00e1rias registradas dos segurados.<\/p>\n\n\n\n<p>O dep\u00f3sito \u00e9 parte do benef\u00edcio de aposentadoria e pens\u00e3o, conforme o cronograma estabelecido pelo Minist\u00e9rio da Previd\u00eancia Social.<\/p>\n\n\n\n<p>O INSS segue seu m\u00e9todo organizado de pagamento, que come\u00e7ou em 25 de agosto e se estender\u00e1 at\u00e9 5 de setembro para os que recebem at\u00e9 um sal\u00e1rio m\u00ednimo.<\/p>\n\n\n\n<p>Para aqueles com benef\u00edcio acima desse valor, os dep\u00f3sitos ter\u00e3o in\u00edcio em 1\u00ba de setembro. Este calend\u00e1rio visa garantir que todos os benefici\u00e1rios obtenham seus valores sem atrasos.<\/p>\n\n\n\n<h2 class=\"wp-block-heading\">Calend\u00e1rio de pagamentos<\/h2>\n\n\n\n<p>Os pagamentos s\u00e3o organizados de acordo com o <strong>n\u00famero final do cart\u00e3o <\/strong>de benef\u00edcio, desprezando o d\u00edgito verificador. O cronograma para aqueles que recebem<strong> at\u00e9 um sal\u00e1rio m\u00ednimo<\/strong> \u00e9 o seguinte:<\/p>\n\n\n\n<ul class=\"wp-block-list\">\n<li>Final 1: 25 de agosto<\/li>\n\n\n\n<li>Final 2: 26 de agosto<\/li>\n\n\n\n<li>Final 3: 27 de agosto<\/li>\n\n\n\n<li>Final 4: 28 de agosto<\/li>\n\n\n\n<li>Final 5: 29 de agosto<\/li>\n\n\n\n<li>Final 6: 1\u00ba de setembro<\/li>\n\n\n\n<li>Final 7: 2 de setembro<\/li>\n\n\n\n<li>Final 8: 3 de setembro<\/li>\n\n\n\n<li>Final 9: 4 de setembro<\/li>\n\n\n\n<li>Final 0: 5 de setembro<\/li>\n<\/ul>\n\n\n\n<p>Para aqueles que recebem <strong>mais de um sal\u00e1rio m\u00ednimo,<\/strong> as datas s\u00e3o:<\/p>\n\n\n\n<ul class=\"wp-block-list\">\n<li>Finais 1 e 6: 1\u00ba de setembro<\/li>\n\n\n\n<li>Finais 2 e 7: 2 de setembro<\/li>\n\n\n\n<li>Finais 3 e 8: 3 de setembro<\/li>\n\n\n\n<li>Finais 4 e 9: 4 de setembro<\/li>\n\n\n\n<li>Finais 5 e 0: 5 de setembro<\/li>\n<\/ul>\n\n\n\n<p>O calend\u00e1rio de pagamentos do INSS \u00e9 crucial para que os benefici\u00e1rios possam planejar suas finan\u00e7as de maneira eficaz. Os segurados podem facilmente verificar os valores de seus benef\u00edcios atrav\u00e9s do<strong> aplicativo Meu INSS<\/strong>, dispon\u00edvel para dispositivos Android e iOS.<\/p>\n","protected":false},"excerpt":{"rendered":"<p>Valores j\u00e1 est\u00e3o dispon\u00edveis. Veja se voc\u00ea tem direito.<\/p>\n","protected":false},"author":12,"featured_media":15469,"comment_status":"closed","ping_status":"closed","sticky":false,"template":"","format":"standard","meta":{"jnews-multi-image_gallery":[],"jnews_single_post":{"format":"standard"},"jnews_primary_category":[],"jnews_social_meta":[],"jnews_override_counter":[],"jnews_post_split":[],"footnotes":""},"categories":[1],"tags":[],"class_list":["post-17246","post","type-post","status-publish","format-standard","has-post-thumbnail","hentry","category-geral"],"_referencia":"","_links":{"self":[{"href":"https:\/\/diariodocomercio.com.br\/mix\/wp-json\/wp\/v2\/posts\/17246","targetHints":{"allow":["GET"]}}],"collection":[{"href":"https:\/\/diariodocomercio.com.br\/mix\/wp-json\/wp\/v2\/posts"}],"about":[{"href":"https:\/\/diariodocomercio.com.br\/mix\/wp-json\/wp\/v2\/types\/post"}],"author":[{"embeddable":true,"href":"https:\/\/diariodocomercio.com.br\/mix\/wp-json\/wp\/v2\/users\/12"}],"replies":[{"embeddable":true,"href":"https:\/\/diariodocomercio.com.br\/mix\/wp-json\/wp\/v2\/comments?post=17246"}],"version-history":[{"count":1,"href":"https:\/\/diariodocomercio.com.br\/mix\/wp-json\/wp\/v2\/posts\/17246\/revisions"}],"predecessor-version":[{"id":17247,"href":"https:\/\/diariodocomercio.com.br\/mix\/wp-json\/wp\/v2\/posts\/17246\/revisions\/17247"}],"wp:featuredmedia":[{"embeddable":true,"href":"https:\/\/diariodocomercio.com.br\/mix\/wp-json\/wp\/v2\/media\/15469"}],"wp:attachment":[{"href":"https:\/\/diariodocomercio.com.br\/mix\/wp-json\/wp\/v2\/media?parent=17246"}],"wp:term":[{"taxonomy":"category","embeddable":true,"href":"https:\/\/diariodocomercio.com.br\/mix\/wp-json\/wp\/v2\/categories?post=17246"},{"taxonomy":"post_tag","embeddable":true,"href":"https:\/\/diariodocomercio.com.br\/mix\/wp-json\/wp\/v2\/tags?post=17246"}],"curies":[{"name":"wp","href":"https:\/\/api.w.org\/{rel}","templated":true}]}}