{"id":17252,"date":"2025-08-31T13:39:00","date_gmt":"2025-08-31T16:39:00","guid":{"rendered":"https:\/\/diariodocomercio.com.br\/mix\/?p=17252"},"modified":"2025-08-27T14:46:58","modified_gmt":"2025-08-27T17:46:58","slug":"lula-anuncia-parceria-com-o-4o-maior-pais-do-mundo-e-brasil-vai-lucrar-bilhoes","status":"publish","type":"post","link":"https:\/\/diariodocomercio.com.br\/mix\/lula-anuncia-parceria-com-o-4o-maior-pais-do-mundo-e-brasil-vai-lucrar-bilhoes\/","title":{"rendered":"Lula anuncia parceria com o 4\u00ba maior pa\u00eds do mundo e Brasil vai lucrar bilh\u00f5es"},"content":{"rendered":"\n<p>O Brasil, representado pelo governo Lula, formalizou um <strong>acordo de exporta\u00e7\u00e3o de carne bovina com a Indon\u00e9sia <\/strong>em 19 de agosto. Este contrato abrange carne bovina, incluindo carne com osso e mi\u00fados. O acerto responde ao crescente consumo de carne na Indon\u00e9sia, impulsionado pelo aumento da renda e da classe m\u00e9dia urbana no pa\u00eds asi\u00e1tico.<\/p>\n\n\n\n<p>Diante das tarifas impostas pelos Estados Unidos \u00e0s exporta\u00e7\u00f5es brasileiras, o movimento fortalece a posi\u00e7\u00e3o do Brasil como l\u00edder na exporta\u00e7\u00e3o de carne bovina. No contexto asi\u00e1tico, a Indon\u00e9sia, com cerca de<strong> 285 milh\u00f5es de habitantes<\/strong>, representa uma oportunidade valiosa para o agroneg\u00f3cio brasileiro, sustentando a diversifica\u00e7\u00e3o de mercados.<\/p>\n\n\n\n<h2 class=\"wp-block-heading\">Expans\u00e3o para mercados asi\u00e1ticos<\/h2>\n\n\n\n<p>A entrada no mercado indon\u00e9sio \u00e9 parte de uma estrat\u00e9gia do Brasil para <strong>aumentar sua presen\u00e7a no Sudeste Asi\u00e1tico.<\/strong> Al\u00e9m da Indon\u00e9sia, o Brasil come\u00e7ou negocia\u00e7\u00f5es para intensificar exporta\u00e7\u00f5es para o Jap\u00e3o. Este esfor\u00e7o visa expandir a base de clientes e reduzir a depend\u00eancia de grandes mercados, como os EUA e a China.<\/p>\n\n\n\n<p>Nos \u00faltimos anos, a Indon\u00e9sia aumentou suas importa\u00e7\u00f5es de produtos agropecu\u00e1rios. Em 2024, importou US$ 4,2 bilh\u00f5es em produtos brasileiros, com destaque para o setor sucroalcooleiro e a soja. Este novo acordo de exporta\u00e7\u00e3o de carne \u00e9 uma extens\u00e3o natural dessas rela\u00e7\u00f5es comerciais, refor\u00e7ando a parceria entre os pa\u00edses.<\/p>\n\n\n\n<h2 class=\"wp-block-heading\">Impacto sobre o com\u00e9rcio de carne<\/h2>\n\n\n\n<p>Com a efetiva\u00e7\u00e3o do acordo, espera-se que os embarques de carne bovina para a Indon\u00e9sia se iniciem em breve. Os produtos enviados ir\u00e3o incluir carne com osso, mi\u00fados e carnes preparadas, expandindo o portf\u00f3lio de exporta\u00e7\u00f5es para o pa\u00eds asi\u00e1tico.<\/p>\n\n\n\n<p>Para o Brasil, esta abertura de mercado representa um novo fluxo de receitas e ressalta a robustez do agroneg\u00f3cio nacional. Al\u00e9m da Indon\u00e9sia, as oportunidades no Sudeste Asi\u00e1tico continuam a crescer.<\/p>\n","protected":false},"excerpt":{"rendered":"<p>Diante das tarifas impostas pelos americanos \u00e0s exporta\u00e7\u00f5es brasileiras, o movimento fortalece a posi\u00e7\u00e3o do Brasil.<\/p>\n","protected":false},"author":12,"featured_media":15729,"comment_status":"closed","ping_status":"closed","sticky":false,"template":"","format":"standard","meta":{"jnews-multi-image_gallery":[],"jnews_single_post":{"format":"standard"},"jnews_primary_category":[],"jnews_social_meta":[],"jnews_override_counter":[],"jnews_post_split":[],"footnotes":""},"categories":[1],"tags":[],"class_list":["post-17252","post","type-post","status-publish","format-standard","has-post-thumbnail","hentry","category-geral"],"_referencia":"","_links":{"self":[{"href":"https:\/\/diariodocomercio.com.br\/mix\/wp-json\/wp\/v2\/posts\/17252","targetHints":{"allow":["GET"]}}],"collection":[{"href":"https:\/\/diariodocomercio.com.br\/mix\/wp-json\/wp\/v2\/posts"}],"about":[{"href":"https:\/\/diariodocomercio.com.br\/mix\/wp-json\/wp\/v2\/types\/post"}],"author":[{"embeddable":true,"href":"https:\/\/diariodocomercio.com.br\/mix\/wp-json\/wp\/v2\/users\/12"}],"replies":[{"embeddable":true,"href":"https:\/\/diariodocomercio.com.br\/mix\/wp-json\/wp\/v2\/comments?post=17252"}],"version-history":[{"count":2,"href":"https:\/\/diariodocomercio.com.br\/mix\/wp-json\/wp\/v2\/posts\/17252\/revisions"}],"predecessor-version":[{"id":17257,"href":"https:\/\/diariodocomercio.com.br\/mix\/wp-json\/wp\/v2\/posts\/17252\/revisions\/17257"}],"wp:featuredmedia":[{"embeddable":true,"href":"https:\/\/diariodocomercio.com.br\/mix\/wp-json\/wp\/v2\/media\/15729"}],"wp:attachment":[{"href":"https:\/\/diariodocomercio.com.br\/mix\/wp-json\/wp\/v2\/media?parent=17252"}],"wp:term":[{"taxonomy":"category","embeddable":true,"href":"https:\/\/diariodocomercio.com.br\/mix\/wp-json\/wp\/v2\/categories?post=17252"},{"taxonomy":"post_tag","embeddable":true,"href":"https:\/\/diariodocomercio.com.br\/mix\/wp-json\/wp\/v2\/tags?post=17252"}],"curies":[{"name":"wp","href":"https:\/\/api.w.org\/{rel}","templated":true}]}}