{"id":17281,"date":"2025-08-31T16:39:00","date_gmt":"2025-08-31T19:39:00","guid":{"rendered":"https:\/\/diariodocomercio.com.br\/mix\/?p=17281"},"modified":"2025-08-27T16:39:43","modified_gmt":"2025-08-27T19:39:43","slug":"senado-inclui-1-profissao-na-lista-de-aposentadorias-especiais","status":"publish","type":"post","link":"https:\/\/diariodocomercio.com.br\/mix\/senado-inclui-1-profissao-na-lista-de-aposentadorias-especiais\/","title":{"rendered":"Senado inclui + 1 profiss\u00e3o na lista de aposentadorias especiais"},"content":{"rendered":"\n<p>Os <strong>agentes de sa\u00fade e de combate a endemias<\/strong> no Brasil receberam uma not\u00edcia relevante: a Comiss\u00e3o de Assuntos Econ\u00f4micos aprovou, na \u00faltima ter\u00e7a-feira, o direito \u00e0<strong> aposentadoria especial.<\/strong> A medida permite que homens se aposentem aos 52 anos e mulheres, aos 50, desde que tenham ao menos 20 anos de servi\u00e7o nessas fun\u00e7\u00f5es.<\/p>\n\n\n\n<p>Aqueles que atuaram parcialmente em outras \u00e1reas poder\u00e3o se aposentar ap\u00f3s 15 anos de servi\u00e7o como agente e mais 10 anos em outras fun\u00e7\u00f5es. A decis\u00e3o reconhece os riscos e a dedica\u00e7\u00e3o desses profissionais na sa\u00fade p\u00fablica.<\/p>\n\n\n\n<p>Esta medida busca garantir justi\u00e7a aos agentes de sa\u00fade devido aos riscos enfrentados. O projeto n\u00e3o apenas antecipa a aposentadoria, mas tamb\u00e9m assegura que o valor dela <strong>ser\u00e1 equivalente ao \u00faltimo sal\u00e1rio,<\/strong> com reajustes garantidos.<\/p>\n\n\n\n<p>Para os mais de 400 mil agentes ativos, este \u00e9 um avan\u00e7o importante, prometendo al\u00edvio na carga de trabalho em fun\u00e7\u00f5es insalubres.<\/p>\n\n\n\n<h2 class=\"wp-block-heading\">Condi\u00e7\u00f5es da aposentadoria especial<\/h2>\n\n\n\n<p>Os agentes de sa\u00fade enfrentam riscos di\u00e1rios ao realizar seu trabalho em \u00e1reas vulner\u00e1veis. A regulamenta\u00e7\u00e3o considera a exposi\u00e7\u00e3o a agentes biol\u00f3gicos ao justificar a aposentadoria especial.<\/p>\n\n\n\n<p>Garantias de integralidade e paridade significam que o valor da aposentadoria permanece igual ao \u00faltimo sal\u00e1rio, com direito a reajustes anuais. Al\u00e9m disso, a proposta prev\u00ea condi\u00e7\u00f5es de readapta\u00e7\u00e3o funcional e pens\u00f5es para familiares em casos de morte.<\/p>\n\n\n\n<h2 class=\"wp-block-heading\">Tramita\u00e7\u00e3o&nbsp;<\/h2>\n\n\n\n<p>Ap\u00f3s a aprova\u00e7\u00e3o na Comiss\u00e3o de Assuntos Econ\u00f4micos, o projeto segue para an\u00e1lise da <strong>Comiss\u00e3o de Assuntos Sociais. <\/strong>Se aprovado, espera-se um impacto positivo imediato para os agentes de sa\u00fade. Essa proposta faz parte de um conjunto de esfor\u00e7os para melhorar as condi\u00e7\u00f5es de trabalho desses profissionais no Brasil.<\/p>\n","protected":false},"excerpt":{"rendered":"<p>Ap\u00f3s a aprova\u00e7\u00e3o na Comiss\u00e3o de Assuntos Econ\u00f4micos, o projeto segue para an\u00e1lise da Comiss\u00e3o de Assuntos Sociais. <\/p>\n","protected":false},"author":12,"featured_media":10310,"comment_status":"closed","ping_status":"closed","sticky":false,"template":"","format":"standard","meta":{"jnews-multi-image_gallery":[],"jnews_single_post":{"format":"standard"},"jnews_primary_category":[],"jnews_social_meta":[],"jnews_override_counter":[],"jnews_post_split":[],"footnotes":""},"categories":[1],"tags":[],"class_list":["post-17281","post","type-post","status-publish","format-standard","has-post-thumbnail","hentry","category-geral"],"_referencia":"","_links":{"self":[{"href":"https:\/\/diariodocomercio.com.br\/mix\/wp-json\/wp\/v2\/posts\/17281","targetHints":{"allow":["GET"]}}],"collection":[{"href":"https:\/\/diariodocomercio.com.br\/mix\/wp-json\/wp\/v2\/posts"}],"about":[{"href":"https:\/\/diariodocomercio.com.br\/mix\/wp-json\/wp\/v2\/types\/post"}],"author":[{"embeddable":true,"href":"https:\/\/diariodocomercio.com.br\/mix\/wp-json\/wp\/v2\/users\/12"}],"replies":[{"embeddable":true,"href":"https:\/\/diariodocomercio.com.br\/mix\/wp-json\/wp\/v2\/comments?post=17281"}],"version-history":[{"count":1,"href":"https:\/\/diariodocomercio.com.br\/mix\/wp-json\/wp\/v2\/posts\/17281\/revisions"}],"predecessor-version":[{"id":17282,"href":"https:\/\/diariodocomercio.com.br\/mix\/wp-json\/wp\/v2\/posts\/17281\/revisions\/17282"}],"wp:featuredmedia":[{"embeddable":true,"href":"https:\/\/diariodocomercio.com.br\/mix\/wp-json\/wp\/v2\/media\/10310"}],"wp:attachment":[{"href":"https:\/\/diariodocomercio.com.br\/mix\/wp-json\/wp\/v2\/media?parent=17281"}],"wp:term":[{"taxonomy":"category","embeddable":true,"href":"https:\/\/diariodocomercio.com.br\/mix\/wp-json\/wp\/v2\/categories?post=17281"},{"taxonomy":"post_tag","embeddable":true,"href":"https:\/\/diariodocomercio.com.br\/mix\/wp-json\/wp\/v2\/tags?post=17281"}],"curies":[{"name":"wp","href":"https:\/\/api.w.org\/{rel}","templated":true}]}}