{"id":17304,"date":"2025-08-30T19:18:00","date_gmt":"2025-08-30T22:18:00","guid":{"rendered":"https:\/\/diariodocomercio.com.br\/mix\/?p=17304"},"modified":"2025-08-27T19:03:51","modified_gmt":"2025-08-27T22:03:51","slug":"como-desligar-o-meta-ai-do-seu-whatsapp-e-por-que-isso-e-necessario","status":"publish","type":"post","link":"https:\/\/diariodocomercio.com.br\/mix\/como-desligar-o-meta-ai-do-seu-whatsapp-e-por-que-isso-e-necessario\/","title":{"rendered":"Como desligar o Meta AI do seu WhatsApp e por que isso \u00e9 necess\u00e1rio"},"content":{"rendered":"\n<p>Uma atualiza\u00e7\u00e3o do<strong> WhatsApp,<\/strong> desenvolvida pela Meta, trouxe a<strong> Meta AI, <\/strong>uma ferramenta que utiliza<strong> intelig\u00eancia artificial <\/strong>para ajudar os usu\u00e1rios em v\u00e1rias tarefas dentro do aplicativo. Anunciada em 2023, a Meta AI foi expandida para a Europa em mar\u00e7o de 2025.<\/p>\n\n\n\n<p>Dispon\u00edvel em 41 pa\u00edses europeus e 21 territ\u00f3rios ultramarinos, entre eles Espanha, Fran\u00e7a, It\u00e1lia, Alemanha e Portugal, essa funcionalidade visa facilitar o dia a dia, embora tamb\u00e9m traga preocupa\u00e7\u00f5es sobre<strong> privacidade <\/strong>e impacto na experi\u00eancia de uso.<\/p>\n\n\n\n<h2 class=\"wp-block-heading\">Como desativar a Meta AI<\/h2>\n\n\n\n<p>Para usu\u00e1rios que desejam um aplicativo mais limpo e sem a presen\u00e7a da Meta AI, \u00e9 poss\u00edvel diminuir sua visibilidade. No <strong>Android<\/strong>, a exclus\u00e3o de conversas pode ser feita pressionando e segurando a conversa e tocando no \u00edcone da lixeira.<\/p>\n\n\n\n<p>No <strong>iPhone,<\/strong> basta deslizar a conversa para a esquerda e selecionar a op\u00e7\u00e3o &#8220;Apagar&#8221;. O arquivamento tamb\u00e9m \u00e9 uma solu\u00e7\u00e3o, escondendo conversas da lista principal e mantendo o aplicativo visualmente organizado.<\/p>\n\n\n\n<h2 class=\"wp-block-heading\">Ajuste suas configura\u00e7\u00f5es no WhatsApp<\/h2>\n\n\n\n<p>Ocultar o bot\u00e3o da Meta AI nas configura\u00e7\u00f5es do WhatsApp \u00e9 outra forma de reduzir intera\u00e7\u00f5es indesejadas. Basta acessar as configura\u00e7\u00f5es, selecionar &#8220;<strong>Conversas&#8221; <\/strong>e desativar a op\u00e7\u00e3o &#8220;<strong>Mostrar bot\u00e3o Meta AI&#8221;.<\/strong><\/p>\n\n\n\n<p>Al\u00e9m disso, usu\u00e1rios preocupados com privacidade podem<strong> contestar o uso de seus dados, <\/strong>enviando um formul\u00e1rio com o n\u00famero de telefone associado \u00e0 conta no WhatsApp, o que ajuda a garantir que suas mensagens n\u00e3o sejam utilizadas para desenvolver ou melhorar os modelos de IA da Meta.<\/p>\n\n\n\n<h2 class=\"wp-block-heading\">Preocupa\u00e7\u00f5es com a Meta AI<\/h2>\n\n\n\n<p>A seguran\u00e7a das mensagens trocadas com a Meta AI<strong> n\u00e3o \u00e9 protegida por criptografia de ponta a ponta,<\/strong> ao contr\u00e1rio das conversas pessoais no WhatsApp. A Meta assegura que as mensagens s\u00e3o confidenciais e n\u00e3o as compartilha com terceiros.<\/p>\n\n\n\n<p>Cada intera\u00e7\u00e3o \u00e9 tratada de forma independente, sem armazenamento posterior. A AI n\u00e3o tem acesso a outros chats ou ao microfone. No entanto, o ponto crucial \u00e9 a <strong>aus\u00eancia de criptografia de ponta a ponta,<\/strong> o que \u00e9 relevante para aqueles mais cautelosos com a privacidade.<\/p>\n","protected":false},"excerpt":{"rendered":"<p>A Meta AI \u00e9 uma ferramenta que utiliza intelig\u00eancia artificial para ajudar os usu\u00e1rios.<\/p>\n","protected":false},"author":12,"featured_media":10294,"comment_status":"closed","ping_status":"closed","sticky":false,"template":"","format":"standard","meta":{"jnews-multi-image_gallery":[],"jnews_single_post":{"format":"standard"},"jnews_primary_category":[],"jnews_social_meta":[],"jnews_override_counter":[],"jnews_post_split":[],"footnotes":""},"categories":[1],"tags":[],"class_list":["post-17304","post","type-post","status-publish","format-standard","has-post-thumbnail","hentry","category-geral"],"_referencia":"","_links":{"self":[{"href":"https:\/\/diariodocomercio.com.br\/mix\/wp-json\/wp\/v2\/posts\/17304","targetHints":{"allow":["GET"]}}],"collection":[{"href":"https:\/\/diariodocomercio.com.br\/mix\/wp-json\/wp\/v2\/posts"}],"about":[{"href":"https:\/\/diariodocomercio.com.br\/mix\/wp-json\/wp\/v2\/types\/post"}],"author":[{"embeddable":true,"href":"https:\/\/diariodocomercio.com.br\/mix\/wp-json\/wp\/v2\/users\/12"}],"replies":[{"embeddable":true,"href":"https:\/\/diariodocomercio.com.br\/mix\/wp-json\/wp\/v2\/comments?post=17304"}],"version-history":[{"count":1,"href":"https:\/\/diariodocomercio.com.br\/mix\/wp-json\/wp\/v2\/posts\/17304\/revisions"}],"predecessor-version":[{"id":17306,"href":"https:\/\/diariodocomercio.com.br\/mix\/wp-json\/wp\/v2\/posts\/17304\/revisions\/17306"}],"wp:featuredmedia":[{"embeddable":true,"href":"https:\/\/diariodocomercio.com.br\/mix\/wp-json\/wp\/v2\/media\/10294"}],"wp:attachment":[{"href":"https:\/\/diariodocomercio.com.br\/mix\/wp-json\/wp\/v2\/media?parent=17304"}],"wp:term":[{"taxonomy":"category","embeddable":true,"href":"https:\/\/diariodocomercio.com.br\/mix\/wp-json\/wp\/v2\/categories?post=17304"},{"taxonomy":"post_tag","embeddable":true,"href":"https:\/\/diariodocomercio.com.br\/mix\/wp-json\/wp\/v2\/tags?post=17304"}],"curies":[{"name":"wp","href":"https:\/\/api.w.org\/{rel}","templated":true}]}}