{"id":17343,"date":"2025-08-30T09:42:00","date_gmt":"2025-08-30T12:42:00","guid":{"rendered":"https:\/\/diariodocomercio.com.br\/mix\/?p=17343"},"modified":"2025-08-28T12:11:21","modified_gmt":"2025-08-28T15:11:21","slug":"idosos-devem-ganhar-acrescimo-de-r-75-na-aposentadoria-ainda-em-2025","status":"publish","type":"post","link":"https:\/\/diariodocomercio.com.br\/mix\/idosos-devem-ganhar-acrescimo-de-r-75-na-aposentadoria-ainda-em-2025\/","title":{"rendered":"Idosos devem ganhar acr\u00e9scimo de R$ 75 na aposentadoria ainda em 2025"},"content":{"rendered":"\n<p>Quem recebe aposentadoria est\u00e1 de olho em um projeto de lei atualmente tramitando na C\u00e2mara dos Deputados. De autoria do deputado Pompeo de Mattos (PDT-RS),\u00a0o PL prop\u00f5e que seja criado um <strong><span style=\"text-decoration: underline\">adicional quinquenal &#8211; de cinco em cinco anos &#8211; de 5% nos benef\u00edcios pagos pelo INSS<\/span><\/strong> (Instituto Nacional do Seguro Social). Considerando o piso dos benef\u00edcios do INSS em 2025, esse adicional seria de, no m\u00ednimo, R$ 75 (5% do sal\u00e1rio m\u00ednimo de R$ 1.518).<\/p>\n\n\n\n<p><em>\u201cA Constitui\u00e7\u00e3o assegura o reajuste das aposentadorias para preservar-lhes, de maneira permanente, o valor real, mas infelizmente, ao longo dos \u00faltimos anos, essa determina\u00e7\u00e3o n\u00e3o tem sido obedecida\u201d,<\/em> afirmou o autor do projeto ao defender a proposta, de acordo com a <em>Ag\u00eancia C\u00e2mara de Not\u00edcias<\/em>.<\/p>\n\n\n\n<p>A atualiza\u00e7\u00e3o mais recente desse projeto de lei \u00e9 que ele foi aprovado pela Comiss\u00e3o de Previd\u00eancia, Assist\u00eancia Social, Inf\u00e2ncia, Adolesc\u00eancia e Fam\u00edlia da C\u00e2mara dos Deputados. Ele ainda precisa passar pelas comiss\u00f5es de Finan\u00e7as e Tributa\u00e7\u00e3o; e de Constitui\u00e7\u00e3o e Justi\u00e7a e de Cidadania, para ent\u00e3o poder ser votado pela Casa.<\/p>\n\n\n\n<h2 class=\"wp-block-heading\">Confira o calend\u00e1rio de pagamentos da aposentadoria de agosto:<\/h2>\n\n\n\n<p><strong>Para quem ganha at\u00e9 um sal\u00e1rio m\u00ednimo<\/strong><\/p>\n\n\n\n<figure class=\"wp-block-table\"><table class=\"has-fixed-layout\"><tbody><tr><td><strong>Final do n\u00famero do benef\u00edcio<\/strong><\/td><td><strong>Recebe no dia<\/strong><\/td><\/tr><tr><td>1<\/td><td>25 de agosto<\/td><\/tr><tr><td>2<\/td><td>26 de agosto<\/td><\/tr><tr><td>3<\/td><td>27 de agosto<\/td><\/tr><tr><td>4<\/td><td>28 de agosto<\/td><\/tr><tr><td>5<\/td><td>29 de setembro<\/td><\/tr><tr><td>6<\/td><td>1\u00ba de setembro<\/td><\/tr><tr><td>7<\/td><td>2 de setembro<\/td><\/tr><tr><td>8<\/td><td>3 de setembro<\/td><\/tr><tr><td>9<\/td><td>4 de setembro<\/td><\/tr><tr><td>0<\/td><td>5 de setembro<\/td><\/tr><\/tbody><\/table><\/figure>\n\n\n\n<p><strong>Para quem ganha acima de um sal\u00e1rio m\u00ednimo<\/strong><\/p>\n\n\n\n<figure class=\"wp-block-table\"><table class=\"has-fixed-layout\"><tbody><tr><td><strong>Final do n\u00famero do benef\u00edcio<\/strong><\/td><td><strong>Recebe no dia<\/strong><\/td><\/tr><tr><td>1 e 6<\/td><td>1\u00ba de setembro<\/td><\/tr><tr><td>2 e 7<\/td><td>2 de setembro<\/td><\/tr><tr><td>3 e 8<\/td><td>3 de setembro<\/td><\/tr><tr><td>4 e 9<\/td><td>4 de setembro<\/td><\/tr><tr><td>5 e 0<\/td><td>5 de setembro<\/td><\/tr><\/tbody><\/table><\/figure>\n\n\n\n<style>@media (min-width: 992px) {\n    .recomendadorV2Area1 {\n        width: 280px;\n    }\n    .recomendadorV2Area2 {\n        padding: 0px 20px;\n        width: calc(100% - 280px);\n    }\n}\n\n@media (max-width: 992px) {\n    .recomendadorV2Button {\n        margin: 0 auto;\n    }\n    .recomendadorV2Area {\n        flex-direction: column;\n        text-align: center;\n    }\n    .recomendadorV2Area2 {\n        padding: 0px 20px;\n    }\n}\n\n.recomendadorV2Area {\n    background: #eeeeee3d;\n    border-radius: 10px;\n    padding: 15px;\n    display: flex;\n    margin: 15px auto;\n    border: 1px solid #00000014;\n    max-width: 800px;\n}\n\n.recomendadorV2Area1 img {\n    width: 280px;\n    height: auto;\n    border-radius: 8px;\n}\n\n.linkrecomendadorv2 {\n    text-decoration: none !important;\n}\n\n.recomendadorV2Area2 .recomendadorV2Type {\n    text-transform: uppercase;\n    font-weight: 500;\n    font-size: 11px;\n    letter-spacing: 2px;\n    color: #666;\n    margin: 12px 0;\n    display: block;\n}\n\n.recomendadorV2Title h2 {\n    padding-top: 0px !important;\n    margin: 0px !important;\n    border-left: none !important;\n    padding-left: 0px !important;\n    line-height: 1.3;\n    color: #000 !important;\n    font-size: 24px;\n    margin-bottom: 12px !important;\n}\n\n.recomendadorV2Desc {\n    color: #333;\n    margin: 12px 0px !important;\n    font-size: 15px;\n    line-height: 1.5;\n}\n\n.recomendadorV2Button {\n    width: auto;\n    max-width: 200px;\n    margin: 0;\n    display: inline-flex;\n    align-items: center;\n    background: #1D3557;\n    border-radius: 8px;\n    color: #fff;\n    height: 36px;\n    justify-content: center;\n    text-align: center;\n    font-size: 14px;\n    padding: 0 20px;\n    transition: background-color 0.2s ease;\n}\n\n.recomendadorV2Button:hover {\n    background: #2a4d7a;\n}\n\n.recomendadorV2Button:after {\n    margin-top: -2px;\n    content: \"\u2192\";\n    padding: 0px 0px 0px 8px;\n}\n\n.recomendadorV2Alert {\n    text-align: left;\n    font-size: 11px;\n    margin-top: 8px;\n    color: #666;\n}\n\n.recomendadorFixedArea {\n    width: 100%;\n    display: flex;\n    justify-content: center;\n    align-items: center;\n}\n\n@media (min-width: 992px) {\n    #recomendadorFixed {\n        width: 32% !important;\n        left: 5%;\n    }\n    .recomendadorCloseFixed{\n        right: inherit !important;\n        left: 378px !important;\n    }\n}\n\n#recomendadorFixed {\n    width: 90%;\n    box-shadow: 0 10px 20px 0px #00000057;\n    display: none;\n    height: 90px;\n    background: #F6F6F6;\n    position: fixed;\n    flex-direction: row;\n    bottom: 10px;\n    z-index: 9999;\n    border-radius: 16px;\n    padding: 7px 10px;\n}\n\n.recomendadorLeftArea {\n    width: 160px;\n}\n\n.recomendadorRightArea h2 {\n    padding-top: 0px;\n    margin: 2px 0px 4px 0px !important;\n    font-weight: 400;\n    text-align: center;\n    padding-left: 0px !important;\n    color: #000 !important;\n    border-left: none !important;\n    line-height: 20px;\n    font-size: 12px !important;\n}\n\n.recomendadorImgFixed {\n    overflow: hidden;\n    padding: 8px 6px;\n    height: 100%;\n}\n\n.recomendadorImgFixed img {\n    height: 100% !important;\n    border-radius: 16px;\n}\n\n.recomendadorRightArea {\n    padding-top: 6px;\n    display: flex;\n    width: calc(100% - 130px);\n    justify-content: space-between;\n    align-items: center;\n    flex-direction: column;\n}\n\n.recomendadorButtonFixed {\n    margin: 0 auto;\n    background: #1D3557;\n    width: 80%;\n    text-align: center;\n    font-size: 10px;\n    color: #FFF;\n    padding: 2px 10px;\n    border-radius: 3px;\n}\n\n.recomendadorButtonFixed:after {\n    margin-top: -3px;\n    content: \"\u2192\";\n    padding: 0px 0px 0px 10px;\n}\n\n.recomendadorAlertFixed {\n    font-weight: 400;\n    text-align: center;\n    color: #484848;\n    font-size: 8px;\n}\n\n.recomendadorCloseFixed {\n    z-index: 99999;\n    display: none;\n    right: 0px;\n    left: inherit;\n    bottom: 99px;\n    position: fixed;\n    justify-content: center;\n    background: #F6F6F6;\n    width: 25px;\n    align-items: center;\n    height: 25px;\n    font-weight: 800;\n    border-radius: 50%;\n    border: 1px solid #EBEBEB;\n}\n\n.recomendadorV2Desc{\n    color: #000000;\n    margin: 20px 0px;\n}\n\n@media (max-width: 576px) {\n    .recomendadorV2Area {\n      padding: 10px;\n      max-width: 100%;\n    }\n  \n    .recomendadorV2Area1 img {\n      width: 100%;\n      border-radius: 6px;\n    }\n  \n    .recomendadorV2Area2 .recomendadorV2Type {\n      font-size: 9px;\n      letter-spacing: 1px;\n      margin: 8px 0;\n    }\n  \n    .recomendadorV2Title h2 {\n      font-size: 18px !important;\n      margin-bottom: 8px !important;\n      line-height: 1.2;\n    }\n  \n    .recomendadorV2Desc {\n      font-size: 14px;\n      margin: 8px 0 !important;\n      line-height: 1.4;\n    }\n  \n    .recomendadorV2Button {\n      font-size: 14px;\n      height: 40px;\n      padding: 0 12px;\n      max-width: 100%;\n      width: 100%;\n    }\n  \n    .recomendadorV2Button:after {\n      padding-left: 6px;\n    }\n  }\n  <\/style>\n        <div class=\"lazyblock-recomendador-v2-2jDGz wp-block-lazyblock-recomendador-v2\">\n        <a class=\"linkrecomendadorv2\" href=\"https:\/\/diariodocomercio.com.br\/mix\/3-filmes-de-terror-que-voce-jamais-vai-querer-assistir-sozinho-na-netflix\/\">\n            <div class=\"recomendadorV2Area\">\n            <div class=\"recomendadorV2Area1\">\n                <div class=\"recomendadorV2Img\">\n                <img class=\"lazyloaded\" decoding=\"async\" src=\"https:\/\/diariodocomercio.com.br\/mix\/wp-content\/uploads\/2025\/08\/pessoa-vendo-filme-de-terror.jpg\" data-src=\"https:\/\/diariodocomercio.com.br\/mix\/wp-content\/uploads\/2025\/08\/pessoa-vendo-filme-de-terror.jpg\" alt=\"\">\n                <\/div>\n            <\/div>\n            <div class=\"recomendadorV2Area2\">\n                <div class=\"recomendadorV2Type\">\n                    <span>NETFLIX<\/span>\n                <\/div>\n                <div class=\"recomendadorV2Title\">\n                <h2><span>3 filmes de terror que voc\u00ea jamais vai querer assistir sozinho na Netflix<\/span><\/h2>\n                <\/div>\n                <div class=\"recomendadorV2Desc\">\n                <span>Confira tr\u00eas filmes de terror horripilantes que est\u00e3o atualmente dispon\u00edveis l\u00e1 no cat\u00e1logo da Netflix (assista por sua conta e \u2026<\/span>\n                <\/div>\n                <div class=\"recomendadorV2Button\">Leia mais<\/div>\n                <div class=\"recomendadorV2Alert\"><\/div>\n            <\/div>\n            <\/div>\n        <\/a>\n        <div>\n            <div style=\"z-index:99999;\" id=\"buttonClose\" onclick=\"closeRecomendadorFixed()\">\n            <div class=\"recomendadorCloseFixed\">X<\/div>\n            <\/div>\n            <a href=\"https:\/\/diariodocomercio.com.br\/mix\/3-filmes-de-terror-que-voce-jamais-vai-querer-assistir-sozinho-na-netflix\/\">\n            <div class=\"recomendadorFixedArea\">\n                <div id=\"recomendadorFixed\">\n                <div class=\"recomendadorLeftArea\">\n                    <div class=\"recomendadorImgFixed\">\n                    <img class=\"lazyload\" decoding=\"async\" src=\"https:\/\/diariodocomercio.com.br\/mix\/wp-content\/uploads\/2025\/08\/pessoa-vendo-filme-de-terror.jpg\" alt=\"\">\n                    <\/div>\n                <\/div>\n                <div class=\"recomendadorRightArea\">\n                    <div class=\"recomendadorTitleFixed\">\n                    <h2><span>3 filmes de terror que voc\u00ea jamais vai querer assistir sozinho na Netflix<\/span><\/h2>\n                    <\/div>\n                    <div class=\"recomendadorButtonFixed\">Leia mais<\/div>\n                    <div class=\"recomendadorAlertFixed\"><\/div>\n                <\/div>\n                <\/div>\n            <\/div>\n            <\/a>\n        <\/div>\n        <\/div>\n","protected":false},"excerpt":{"rendered":"<p>Projeto de lei prop\u00f5e criar um adicional de 5%, a ser pago de forma quinquenal, na aposentadoria e outros benef\u00edcios pagos pelo INSS.<\/p>\n","protected":false},"author":6,"featured_media":3709,"comment_status":"closed","ping_status":"closed","sticky":false,"template":"","format":"standard","meta":{"jnews-multi-image_gallery":[],"jnews_single_post":{"format":"standard"},"jnews_primary_category":[],"jnews_social_meta":[],"jnews_override_counter":[],"jnews_post_split":[],"footnotes":""},"categories":[1],"tags":[],"class_list":["post-17343","post","type-post","status-publish","format-standard","has-post-thumbnail","hentry","category-geral"],"_referencia":"","_links":{"self":[{"href":"https:\/\/diariodocomercio.com.br\/mix\/wp-json\/wp\/v2\/posts\/17343","targetHints":{"allow":["GET"]}}],"collection":[{"href":"https:\/\/diariodocomercio.com.br\/mix\/wp-json\/wp\/v2\/posts"}],"about":[{"href":"https:\/\/diariodocomercio.com.br\/mix\/wp-json\/wp\/v2\/types\/post"}],"author":[{"embeddable":true,"href":"https:\/\/diariodocomercio.com.br\/mix\/wp-json\/wp\/v2\/users\/6"}],"replies":[{"embeddable":true,"href":"https:\/\/diariodocomercio.com.br\/mix\/wp-json\/wp\/v2\/comments?post=17343"}],"version-history":[{"count":1,"href":"https:\/\/diariodocomercio.com.br\/mix\/wp-json\/wp\/v2\/posts\/17343\/revisions"}],"predecessor-version":[{"id":17344,"href":"https:\/\/diariodocomercio.com.br\/mix\/wp-json\/wp\/v2\/posts\/17343\/revisions\/17344"}],"wp:featuredmedia":[{"embeddable":true,"href":"https:\/\/diariodocomercio.com.br\/mix\/wp-json\/wp\/v2\/media\/3709"}],"wp:attachment":[{"href":"https:\/\/diariodocomercio.com.br\/mix\/wp-json\/wp\/v2\/media?parent=17343"}],"wp:term":[{"taxonomy":"category","embeddable":true,"href":"https:\/\/diariodocomercio.com.br\/mix\/wp-json\/wp\/v2\/categories?post=17343"},{"taxonomy":"post_tag","embeddable":true,"href":"https:\/\/diariodocomercio.com.br\/mix\/wp-json\/wp\/v2\/tags?post=17343"}],"curies":[{"name":"wp","href":"https:\/\/api.w.org\/{rel}","templated":true}]}}