{"id":17345,"date":"2025-08-28T12:31:59","date_gmt":"2025-08-28T15:31:59","guid":{"rendered":"https:\/\/diariodocomercio.com.br\/mix\/?p=17345"},"modified":"2025-08-28T12:32:02","modified_gmt":"2025-08-28T15:32:02","slug":"mp-vai-abrir-o-concurso-mais-esperado-do-brasil-com-remuneracao-imediata-de-r-37-76555","status":"publish","type":"post","link":"https:\/\/diariodocomercio.com.br\/mix\/mp-vai-abrir-o-concurso-mais-esperado-do-brasil-com-remuneracao-imediata-de-r-37-76555\/","title":{"rendered":"MP vai abrir o concurso mais esperado do Brasil com remunera\u00e7\u00e3o imediata de R$ 37.765,55"},"content":{"rendered":"\n<p>O concurso p\u00fablico para <strong>promotor de justi\u00e7a no Esp\u00edrito Santo<\/strong> foi anunciado pelo Minist\u00e9rio P\u00fablico do Estado do Esp\u00edrito Santo (MPES). O edital oferece um <strong>sal\u00e1rio inicial de R$ 37.765,55.<\/strong> O certame, organizado pela Funda\u00e7\u00e3o Getulio Vargas (FGV), disponibiliza cinco vagas imediatas e forma\u00e7\u00e3o de cadastro de reserva. As inscri\u00e7\u00f5es estar\u00e3o abertas de 1\u00ba de setembro a 10 de outubro de 2025.<\/p>\n\n\n\n<p>As inscri\u00e7\u00f5es exigem pagamento de<strong> taxa de R$ 300,<\/strong> com isen\u00e7\u00e3o dispon\u00edvel entre 1\u00ba e 18 de setembro. As provas objetivas est\u00e3o agendadas para<strong> 30 de novembro<\/strong> de 2025, em <strong>Vit\u00f3ria<\/strong>, Esp\u00edrito Santo.<\/p>\n\n\n\n<p>Os candidatos enfrentar\u00e3o 100 quest\u00f5es divididas em quatro grupos tem\u00e1ticos: Direito Constitucional, Direitos Humanos, Direito Administrativo, Eleitoral, Civil, Empresarial, Processual Civil, Inf\u00e2ncia e Juventude, Penal, Processual Penal, Tutela Coletiva, Teoria Geral do Minist\u00e9rio P\u00fablico e Legisla\u00e7\u00e3o Institucional.<\/p>\n\n\n\n<h2 class=\"wp-block-heading\">Estrutura do concurso<\/h2>\n\n\n\n<p>O concurso inclui <strong>provas objetivas, discursivas e orais.<\/strong> A aprova\u00e7\u00e3o na prova objetiva requer no m\u00ednimo 50% de acertos por grupo tem\u00e1tico. As provas discursivas ser\u00e3o aplicadas posteriormente, aprofundando-se nos temas principais.<\/p>\n\n\n\n<p>Para participar, \u00e9 necess\u00e1rio ser bacharel em Direito e comprovar tr\u00eas anos de atividade jur\u00eddica ap\u00f3s a conclus\u00e3o do curso. Essa exig\u00eancia visa assegurar a experi\u00eancia pr\u00e1tica dos candidatos na \u00e1rea jur\u00eddica.<\/p>\n\n\n\n<p>Al\u00e9m do sal\u00e1rio, o concurso oferece benef\u00edcios como aux\u00edlio-alimenta\u00e7\u00e3o, creche e sa\u00fade. O edital reserva 10% das vagas para candidatos com defici\u00eancia, 20% para candidatos negros e 5% para ind\u00edgenas.&nbsp;<\/p>\n\n\n\n<p>Os candidatos devem seguir o cronograma e preparar-se para cada etapa meticulosamente. As provas objetivas representam um desafio significativo, demandando racioc\u00ednio r\u00e1pido e conhecimento s\u00f3lido nas \u00e1reas jur\u00eddicas.<\/p>\n","protected":false},"excerpt":{"rendered":"<p>Inscri\u00e7\u00f5es abrem em 1\u00ba de setembro. Confira detalhes da sele\u00e7\u00e3o.<\/p>\n","protected":false},"author":12,"featured_media":11817,"comment_status":"closed","ping_status":"closed","sticky":false,"template":"","format":"standard","meta":{"jnews-multi-image_gallery":[],"jnews_single_post":{"format":"standard"},"jnews_primary_category":[],"jnews_social_meta":[],"jnews_override_counter":[],"jnews_post_split":[],"footnotes":""},"categories":[1],"tags":[],"class_list":["post-17345","post","type-post","status-publish","format-standard","has-post-thumbnail","hentry","category-geral"],"_referencia":"","_links":{"self":[{"href":"https:\/\/diariodocomercio.com.br\/mix\/wp-json\/wp\/v2\/posts\/17345","targetHints":{"allow":["GET"]}}],"collection":[{"href":"https:\/\/diariodocomercio.com.br\/mix\/wp-json\/wp\/v2\/posts"}],"about":[{"href":"https:\/\/diariodocomercio.com.br\/mix\/wp-json\/wp\/v2\/types\/post"}],"author":[{"embeddable":true,"href":"https:\/\/diariodocomercio.com.br\/mix\/wp-json\/wp\/v2\/users\/12"}],"replies":[{"embeddable":true,"href":"https:\/\/diariodocomercio.com.br\/mix\/wp-json\/wp\/v2\/comments?post=17345"}],"version-history":[{"count":1,"href":"https:\/\/diariodocomercio.com.br\/mix\/wp-json\/wp\/v2\/posts\/17345\/revisions"}],"predecessor-version":[{"id":17346,"href":"https:\/\/diariodocomercio.com.br\/mix\/wp-json\/wp\/v2\/posts\/17345\/revisions\/17346"}],"wp:featuredmedia":[{"embeddable":true,"href":"https:\/\/diariodocomercio.com.br\/mix\/wp-json\/wp\/v2\/media\/11817"}],"wp:attachment":[{"href":"https:\/\/diariodocomercio.com.br\/mix\/wp-json\/wp\/v2\/media?parent=17345"}],"wp:term":[{"taxonomy":"category","embeddable":true,"href":"https:\/\/diariodocomercio.com.br\/mix\/wp-json\/wp\/v2\/categories?post=17345"},{"taxonomy":"post_tag","embeddable":true,"href":"https:\/\/diariodocomercio.com.br\/mix\/wp-json\/wp\/v2\/tags?post=17345"}],"curies":[{"name":"wp","href":"https:\/\/api.w.org\/{rel}","templated":true}]}}