{"id":17350,"date":"2025-08-28T13:19:05","date_gmt":"2025-08-28T16:19:05","guid":{"rendered":"https:\/\/diariodocomercio.com.br\/mix\/?p=17350"},"modified":"2025-08-28T13:19:07","modified_gmt":"2025-08-28T16:19:07","slug":"esse-suco-deixa-a-barriga-leve-e-ainda-faz-perder-bastante-peso","status":"publish","type":"post","link":"https:\/\/diariodocomercio.com.br\/mix\/esse-suco-deixa-a-barriga-leve-e-ainda-faz-perder-bastante-peso\/","title":{"rendered":"Esse suco deixa a barriga leve e ainda faz perder bastante peso"},"content":{"rendered":"\n<p>O\u00a0<strong>mam\u00e3o formosa<\/strong>\u00a0n\u00e3o \u00e9 apenas uma das frutas mais populares do Brasil, mas tamb\u00e9m um poderoso aliado da sa\u00fade. Vers\u00e1til e nutritivo, ele pode ser consumido in natura ou em sucos que ajudam a deixar a barriga mais leve, reduzir o incha\u00e7o e at\u00e9 contribuir para a\u00a0<strong>perda de peso<\/strong>.<\/p>\n\n\n\n<p>O mam\u00e3o formosa \u00e9 fonte de fibras alimentares e vitaminas A, B, C e E. Seu consumo regular promove a saciedade, auxilia no funcionamento do intestino e reduz o colesterol. Al\u00e9m disso, estudos apontam que a fruta ajuda a controlar os n\u00edveis de a\u00e7\u00facar no sangue, tornando-se uma op\u00e7\u00e3o saud\u00e1vel para quem busca preven\u00e7\u00e3o contra doen\u00e7as como&nbsp;<strong>diabetes<\/strong>&nbsp;e&nbsp;<strong>hipertens\u00e3o<\/strong>.<\/p>\n\n\n\n<p>Outro destaque \u00e9 a presen\u00e7a da&nbsp;<strong>papa\u00edna<\/strong>, enzima que melhora a digest\u00e3o, reduz inflama\u00e7\u00f5es e fortalece o sistema imunol\u00f3gico. Essa subst\u00e2ncia ainda contribui para aliviar sintomas de doen\u00e7as respirat\u00f3rias, como sinusite, e favorece a sa\u00fade das articula\u00e7\u00f5es.<\/p>\n\n\n\n<p>Por ser pouco cal\u00f3rico e rico em \u00e1gua, o suco da fruta pode ser inclu\u00eddo em dietas de emagrecimento, estimulando o organismo a eliminar toxinas e regular o tr\u00e2nsito intestinal.<\/p>\n\n\n\n<h2 class=\"wp-block-heading\"><strong>Um gigante da produ\u00e7\u00e3o agr\u00edcola<\/strong><\/h2>\n\n\n\n<p>O impacto do mam\u00e3o formosa vai al\u00e9m da mesa do consumidor. Segundo a&nbsp;<strong>Organiza\u00e7\u00e3o das Na\u00e7\u00f5es Unidas para Agricultura e Alimenta\u00e7\u00e3o (FAO)<\/strong>, o mundo produz 6,8 milh\u00f5es de toneladas da fruta por ano. O Brasil responde por cerca de 1,5 milh\u00e3o de toneladas anuais, ocupando o posto de&nbsp;<strong>segundo maior produtor global<\/strong>.<\/p>\n\n\n\n<p>Mais de 90% dessa produ\u00e7\u00e3o se concentra na Bahia, Esp\u00edrito Santo, Rio Grande do Norte e Cear\u00e1. O pa\u00eds ainda \u00e9 destaque nas exporta\u00e7\u00f5es:&nbsp;<strong>60% do mam\u00e3o vendido ao exterior \u00e9 da variedade formosa<\/strong>, com a Uni\u00e3o Europeia como principal destino.<\/p>\n\n\n\n<p>Mesmo com a redu\u00e7\u00e3o de \u00e1reas cultivadas ap\u00f3s a pandemia, a fruta segue em alta, sustentada pela demanda internacional e pelo interesse crescente em alimentos que unem sabor e benef\u00edcios \u00e0 sa\u00fade.<\/p>\n\n\n\n<p><\/p>\n","protected":false},"excerpt":{"rendered":"<p>O\u00a0mam\u00e3o formosa\u00a0n\u00e3o \u00e9 apenas uma das frutas mais populares do Brasil, mas tamb\u00e9m um poderoso aliado da sa\u00fade. Vers\u00e1til e nutritivo, ele pode ser consumido in natura ou em sucos que ajudam a deixar a barriga mais leve, reduzir o incha\u00e7o e at\u00e9 contribuir para a\u00a0perda de peso. O mam\u00e3o formosa \u00e9 fonte de fibras [&hellip;]<\/p>\n","protected":false},"author":9,"featured_media":17353,"comment_status":"closed","ping_status":"closed","sticky":false,"template":"","format":"standard","meta":{"jnews-multi-image_gallery":[],"jnews_single_post":{"format":"standard"},"jnews_primary_category":[],"jnews_social_meta":[],"jnews_override_counter":[],"jnews_post_split":[],"footnotes":""},"categories":[1],"tags":[],"class_list":["post-17350","post","type-post","status-publish","format-standard","has-post-thumbnail","hentry","category-geral"],"_referencia":"","_links":{"self":[{"href":"https:\/\/diariodocomercio.com.br\/mix\/wp-json\/wp\/v2\/posts\/17350","targetHints":{"allow":["GET"]}}],"collection":[{"href":"https:\/\/diariodocomercio.com.br\/mix\/wp-json\/wp\/v2\/posts"}],"about":[{"href":"https:\/\/diariodocomercio.com.br\/mix\/wp-json\/wp\/v2\/types\/post"}],"author":[{"embeddable":true,"href":"https:\/\/diariodocomercio.com.br\/mix\/wp-json\/wp\/v2\/users\/9"}],"replies":[{"embeddable":true,"href":"https:\/\/diariodocomercio.com.br\/mix\/wp-json\/wp\/v2\/comments?post=17350"}],"version-history":[{"count":1,"href":"https:\/\/diariodocomercio.com.br\/mix\/wp-json\/wp\/v2\/posts\/17350\/revisions"}],"predecessor-version":[{"id":17355,"href":"https:\/\/diariodocomercio.com.br\/mix\/wp-json\/wp\/v2\/posts\/17350\/revisions\/17355"}],"wp:featuredmedia":[{"embeddable":true,"href":"https:\/\/diariodocomercio.com.br\/mix\/wp-json\/wp\/v2\/media\/17353"}],"wp:attachment":[{"href":"https:\/\/diariodocomercio.com.br\/mix\/wp-json\/wp\/v2\/media?parent=17350"}],"wp:term":[{"taxonomy":"category","embeddable":true,"href":"https:\/\/diariodocomercio.com.br\/mix\/wp-json\/wp\/v2\/categories?post=17350"},{"taxonomy":"post_tag","embeddable":true,"href":"https:\/\/diariodocomercio.com.br\/mix\/wp-json\/wp\/v2\/tags?post=17350"}],"curies":[{"name":"wp","href":"https:\/\/api.w.org\/{rel}","templated":true}]}}