{"id":17441,"date":"2025-08-30T20:32:00","date_gmt":"2025-08-30T23:32:00","guid":{"rendered":"https:\/\/diariodocomercio.com.br\/mix\/?p=17441"},"modified":"2025-08-28T18:58:39","modified_gmt":"2025-08-28T21:58:39","slug":"ozempic-vulva-o-efeito-inusitado-da-popular-injecao-de-emagrecimento-que-ninguem-comenta","status":"publish","type":"post","link":"https:\/\/diariodocomercio.com.br\/mix\/ozempic-vulva-o-efeito-inusitado-da-popular-injecao-de-emagrecimento-que-ninguem-comenta\/","title":{"rendered":"\u201cOzempic vulva\u201d: o efeito inusitado da popular inje\u00e7\u00e3o de emagrecimento que ningu\u00e9m comenta"},"content":{"rendered":"\n<p>O medicamento <strong>Ozempic,<\/strong> inicialmente destinado ao tratamento do diabetes tipo 2, tem sido cada vez mais usado para a <strong>perda de peso. <\/strong>Desde sua r\u00e1pida aceita\u00e7\u00e3o no mercado, surgiram preocupa\u00e7\u00f5es sobre seus efeitos colaterais, especificamente na sa\u00fade \u00edntima feminina.<\/p>\n\n\n\n<p>Apelidado de<strong> &#8220;Vagina de Ozempic&#8221;<\/strong> nas redes sociais, este fen\u00f4meno chamou aten\u00e7\u00e3o nos consult\u00f3rios ginecol\u00f3gicos.<\/p>\n\n\n\n<p>Os compostos como Ozempic, Mounjaro e Wegovy podem levar \u00e0 redu\u00e7\u00e3o significativa da gordura corporal. Essa perda de gordura<strong> afeta a regi\u00e3o \u00edntima das mulheres<\/strong>, resultando em altera\u00e7\u00f5es na estrutura da vulva e gerando desconforto em atividades cotidianas.<\/p>\n\n\n\n<h2 class=\"wp-block-heading\">Efeitos colaterais relacionados ao uso de Ozempic<\/h2>\n\n\n\n<p>Entre os efeitos mais comuns do uso de Ozempic, est\u00e1 a sensa\u00e7\u00e3o de flacidez na \u00e1rea \u00edntima. A redu\u00e7\u00e3o da gordura subcut\u00e2nea <strong>altera a forma da vulva<\/strong>, dando um aspecto de envelhecimento.<\/p>\n\n\n\n<p>Al\u00e9m disso, h\u00e1 relatos de desconforto durante atividades f\u00edsicas e rela\u00e7\u00f5es sexuais. Esses fatores podem, por sua vez, impactar a autoestima feminina, configurando um problema de sa\u00fade mental ligado ao uso do medicamento.<\/p>\n\n\n\n<p>Al\u00e9m dos desafios est\u00e9ticos, o uso do Ozempic pode provocar outras rea\u00e7\u00f5es adversas. Entre os efeitos colaterais mais comuns, est\u00e3o enjoo, tontura e problemas gastrointestinais. Informar-se sobre esses efeitos \u00e9 crucial para que os usu\u00e1rios possam buscar orienta\u00e7\u00e3o m\u00e9dica e ajustar o tratamento conforme necess\u00e1rio.<\/p>\n\n\n\n<h2 class=\"wp-block-heading\">Maneiras de amenizar os efeitos<\/h2>\n\n\n\n<p>Algumas mulheres optam por <strong>tratamentos est\u00e9ticos<\/strong> para melhorar a apar\u00eancia e o conforto da regi\u00e3o \u00edntima. Op\u00e7\u00f5es incluem preenchimentos com \u00e1cido hialur\u00f4nico e o uso de bioestimuladores de col\u00e1geno.<\/p>\n\n\n\n<p>Essas interven\u00e7\u00f5es visam restaurar firmeza e volume. Entretanto, \u00e9 essencial que qualquer tratamento seja conduzido por profissionais, garantindo seguran\u00e7a e efic\u00e1cia.<\/p>\n","protected":false},"excerpt":{"rendered":"<p>Preocupa\u00e7\u00f5es sobre os efeitos colaterais da medica\u00e7\u00e3o crescem. Um em espec\u00edfico tem se destacado.<\/p>\n","protected":false},"author":12,"featured_media":16762,"comment_status":"closed","ping_status":"closed","sticky":false,"template":"","format":"standard","meta":{"jnews-multi-image_gallery":[],"jnews_single_post":{"format":"standard"},"jnews_primary_category":[],"jnews_social_meta":[],"jnews_override_counter":[],"jnews_post_split":[],"footnotes":""},"categories":[1],"tags":[],"class_list":["post-17441","post","type-post","status-publish","format-standard","has-post-thumbnail","hentry","category-geral"],"_referencia":"","_links":{"self":[{"href":"https:\/\/diariodocomercio.com.br\/mix\/wp-json\/wp\/v2\/posts\/17441","targetHints":{"allow":["GET"]}}],"collection":[{"href":"https:\/\/diariodocomercio.com.br\/mix\/wp-json\/wp\/v2\/posts"}],"about":[{"href":"https:\/\/diariodocomercio.com.br\/mix\/wp-json\/wp\/v2\/types\/post"}],"author":[{"embeddable":true,"href":"https:\/\/diariodocomercio.com.br\/mix\/wp-json\/wp\/v2\/users\/12"}],"replies":[{"embeddable":true,"href":"https:\/\/diariodocomercio.com.br\/mix\/wp-json\/wp\/v2\/comments?post=17441"}],"version-history":[{"count":2,"href":"https:\/\/diariodocomercio.com.br\/mix\/wp-json\/wp\/v2\/posts\/17441\/revisions"}],"predecessor-version":[{"id":17443,"href":"https:\/\/diariodocomercio.com.br\/mix\/wp-json\/wp\/v2\/posts\/17441\/revisions\/17443"}],"wp:featuredmedia":[{"embeddable":true,"href":"https:\/\/diariodocomercio.com.br\/mix\/wp-json\/wp\/v2\/media\/16762"}],"wp:attachment":[{"href":"https:\/\/diariodocomercio.com.br\/mix\/wp-json\/wp\/v2\/media?parent=17441"}],"wp:term":[{"taxonomy":"category","embeddable":true,"href":"https:\/\/diariodocomercio.com.br\/mix\/wp-json\/wp\/v2\/categories?post=17441"},{"taxonomy":"post_tag","embeddable":true,"href":"https:\/\/diariodocomercio.com.br\/mix\/wp-json\/wp\/v2\/tags?post=17441"}],"curies":[{"name":"wp","href":"https:\/\/api.w.org\/{rel}","templated":true}]}}