{"id":17465,"date":"2025-08-31T10:11:00","date_gmt":"2025-08-31T13:11:00","guid":{"rendered":"https:\/\/diariodocomercio.com.br\/mix\/?p=17465"},"modified":"2025-08-29T10:25:25","modified_gmt":"2025-08-29T13:25:25","slug":"lula-anuncia-deposito-de-r-2-40000-para-brasileiros-ate-o-ano-novo","status":"publish","type":"post","link":"https:\/\/diariodocomercio.com.br\/mix\/lula-anuncia-deposito-de-r-2-40000-para-brasileiros-ate-o-ano-novo\/","title":{"rendered":"Lula anuncia dep\u00f3sito de R$ 2.400,00 para brasileiros at\u00e9 o Ano Novo"},"content":{"rendered":"\n<p>At\u00e9 o fim do ano, o Bolsa Fam\u00edlia vai fazer um repasse de, no m\u00ednimo, R$ 2,4 mil para os milh\u00f5es de brasileiros atendidos pelo programa. Lembrando que o Bolsa paga, pelo menos, R$ 600 para cada fam\u00edlia cadastrada (faltam quatro meses para o ano terminar, ent\u00e3o 4&#215;600=2.400).<\/p>\n\n\n\n<p>E o valor recebido ainda pode aumentar dependendo da composi\u00e7\u00e3o familiar, que determinar quanto cada fam\u00edlia vai receber.<\/p>\n\n\n\n<h2 class=\"wp-block-heading\">Confira o calend\u00e1rio do Bolsa Fam\u00edlia pelo resto de 2025<\/h2>\n\n\n\n<p>Lembrando que o dia em que voc\u00ea vai receber o pagamento depende do \u00faltimo n\u00famero do seu NIS (N\u00famero de Identifica\u00e7\u00e3o Social).<\/p>\n\n\n\n<h3 class=\"wp-block-heading\">Setembro<\/h3>\n\n\n\n<ul class=\"wp-block-list\">\n<li>1 &#8211; 17 de setembro<\/li>\n\n\n\n<li>2 &#8211; 18 de setembro<\/li>\n\n\n\n<li>3 &#8211; 19 de setembro<\/li>\n\n\n\n<li>4 &#8211; 22 de setembro<\/li>\n\n\n\n<li>5 &#8211; 23 de setembro<\/li>\n\n\n\n<li>6 &#8211; 24 de setembro<\/li>\n\n\n\n<li>7 &#8211; 25 de setembro<\/li>\n\n\n\n<li>8 &#8211; 26 de setembro<\/li>\n\n\n\n<li>9 &#8211; 29 de setembro<\/li>\n\n\n\n<li>0 &#8211; 30 de setembro<\/li>\n<\/ul>\n\n\n\n<h3 class=\"wp-block-heading\">Outubro<\/h3>\n\n\n\n<ul class=\"wp-block-list\">\n<li>1 &#8211; 20 de outubro<\/li>\n\n\n\n<li>2 &#8211; 21 de outubro<\/li>\n\n\n\n<li>3 &#8211; 22 de outubro<\/li>\n\n\n\n<li>4 &#8211; 23 de outubro<\/li>\n\n\n\n<li>5 &#8211; 24 de outubro<\/li>\n\n\n\n<li>6 &#8211; 27 de outubro<\/li>\n\n\n\n<li>7 &#8211; 28 de outubro<\/li>\n\n\n\n<li>8 &#8211; 29 de outubro<\/li>\n\n\n\n<li>9 &#8211; 30 de outubro<\/li>\n\n\n\n<li>0 &#8211; 31 de outubro<\/li>\n<\/ul>\n\n\n\n<h3 class=\"wp-block-heading\">Novembro<\/h3>\n\n\n\n<ul class=\"wp-block-list\">\n<li>1 &#8211; 14 de novembro<\/li>\n\n\n\n<li>2 &#8211; 17 de novembro<\/li>\n\n\n\n<li>3 &#8211; 18 de novembro<\/li>\n\n\n\n<li>4 &#8211; 19 de novembro<\/li>\n\n\n\n<li>5 &#8211; 21 de novembro<\/li>\n\n\n\n<li>6 &#8211; 24 de novembro<\/li>\n\n\n\n<li>7 &#8211; 25 de novembro<\/li>\n\n\n\n<li>8 &#8211; 26 de novembro<\/li>\n\n\n\n<li>9 &#8211; 27 de novembro<\/li>\n\n\n\n<li>0 &#8211; 28 de novembro<\/li>\n<\/ul>\n\n\n\n<h3 class=\"wp-block-heading\">Dezembro<\/h3>\n\n\n\n<ul class=\"wp-block-list\">\n<li>1 &#8211; 10 de dezembro<\/li>\n\n\n\n<li>2 &#8211; 11 de dezembro<\/li>\n\n\n\n<li>3 &#8211; 12 de dezembro <\/li>\n\n\n\n<li>4 &#8211; 15 de dezembro<\/li>\n\n\n\n<li>5 &#8211; 16 de dezembro<\/li>\n\n\n\n<li>6 &#8211; 17 de dezembro<\/li>\n\n\n\n<li>7 &#8211; 18 de dezembro<\/li>\n\n\n\n<li>8 &#8211; 19 de dezembro<\/li>\n\n\n\n<li>9 &#8211; 22 de dezembro<\/li>\n\n\n\n<li>0 &#8211; 23 de dezembro<\/li>\n<\/ul>\n\n\n\n<style>@media (min-width: 992px) {\n    .recomendadorV2Area1 {\n        width: 280px;\n    }\n    .recomendadorV2Area2 {\n        padding: 0px 20px;\n        width: calc(100% - 280px);\n    }\n}\n\n@media (max-width: 992px) {\n    .recomendadorV2Button {\n        margin: 0 auto;\n    }\n    .recomendadorV2Area {\n        flex-direction: column;\n        text-align: center;\n    }\n    .recomendadorV2Area2 {\n        padding: 0px 20px;\n    }\n}\n\n.recomendadorV2Area {\n    background: #eeeeee3d;\n    border-radius: 10px;\n    padding: 15px;\n    display: flex;\n    margin: 15px auto;\n    border: 1px solid #00000014;\n    max-width: 800px;\n}\n\n.recomendadorV2Area1 img {\n    width: 280px;\n    height: auto;\n    border-radius: 8px;\n}\n\n.linkrecomendadorv2 {\n    text-decoration: none !important;\n}\n\n.recomendadorV2Area2 .recomendadorV2Type {\n    text-transform: uppercase;\n    font-weight: 500;\n    font-size: 11px;\n    letter-spacing: 2px;\n    color: #666;\n    margin: 12px 0;\n    display: block;\n}\n\n.recomendadorV2Title h2 {\n    padding-top: 0px !important;\n    margin: 0px !important;\n    border-left: none !important;\n    padding-left: 0px !important;\n    line-height: 1.3;\n    color: #000 !important;\n    font-size: 24px;\n    margin-bottom: 12px !important;\n}\n\n.recomendadorV2Desc {\n    color: #333;\n    margin: 12px 0px !important;\n    font-size: 15px;\n    line-height: 1.5;\n}\n\n.recomendadorV2Button {\n    width: auto;\n    max-width: 200px;\n    margin: 0;\n    display: inline-flex;\n    align-items: center;\n    background: #1D3557;\n    border-radius: 8px;\n    color: #fff;\n    height: 36px;\n    justify-content: center;\n    text-align: center;\n    font-size: 14px;\n    padding: 0 20px;\n    transition: background-color 0.2s ease;\n}\n\n.recomendadorV2Button:hover {\n    background: #2a4d7a;\n}\n\n.recomendadorV2Button:after {\n    margin-top: -2px;\n    content: \"\u2192\";\n    padding: 0px 0px 0px 8px;\n}\n\n.recomendadorV2Alert {\n    text-align: left;\n    font-size: 11px;\n    margin-top: 8px;\n    color: #666;\n}\n\n.recomendadorFixedArea {\n    width: 100%;\n    display: flex;\n    justify-content: center;\n    align-items: center;\n}\n\n@media (min-width: 992px) {\n    #recomendadorFixed {\n        width: 32% !important;\n        left: 5%;\n    }\n    .recomendadorCloseFixed{\n        right: inherit !important;\n        left: 378px !important;\n    }\n}\n\n#recomendadorFixed {\n    width: 90%;\n    box-shadow: 0 10px 20px 0px #00000057;\n    display: none;\n    height: 90px;\n    background: #F6F6F6;\n    position: fixed;\n    flex-direction: row;\n    bottom: 10px;\n    z-index: 9999;\n    border-radius: 16px;\n    padding: 7px 10px;\n}\n\n.recomendadorLeftArea {\n    width: 160px;\n}\n\n.recomendadorRightArea h2 {\n    padding-top: 0px;\n    margin: 2px 0px 4px 0px !important;\n    font-weight: 400;\n    text-align: center;\n    padding-left: 0px !important;\n    color: #000 !important;\n    border-left: none !important;\n    line-height: 20px;\n    font-size: 12px !important;\n}\n\n.recomendadorImgFixed {\n    overflow: hidden;\n    padding: 8px 6px;\n    height: 100%;\n}\n\n.recomendadorImgFixed img {\n    height: 100% !important;\n    border-radius: 16px;\n}\n\n.recomendadorRightArea {\n    padding-top: 6px;\n    display: flex;\n    width: calc(100% - 130px);\n    justify-content: space-between;\n    align-items: center;\n    flex-direction: column;\n}\n\n.recomendadorButtonFixed {\n    margin: 0 auto;\n    background: #1D3557;\n    width: 80%;\n    text-align: center;\n    font-size: 10px;\n    color: #FFF;\n    padding: 2px 10px;\n    border-radius: 3px;\n}\n\n.recomendadorButtonFixed:after {\n    margin-top: -3px;\n    content: \"\u2192\";\n    padding: 0px 0px 0px 10px;\n}\n\n.recomendadorAlertFixed {\n    font-weight: 400;\n    text-align: center;\n    color: #484848;\n    font-size: 8px;\n}\n\n.recomendadorCloseFixed {\n    z-index: 99999;\n    display: none;\n    right: 0px;\n    left: inherit;\n    bottom: 99px;\n    position: fixed;\n    justify-content: center;\n    background: #F6F6F6;\n    width: 25px;\n    align-items: center;\n    height: 25px;\n    font-weight: 800;\n    border-radius: 50%;\n    border: 1px solid #EBEBEB;\n}\n\n.recomendadorV2Desc{\n    color: #000000;\n    margin: 20px 0px;\n}\n\n@media (max-width: 576px) {\n    .recomendadorV2Area {\n      padding: 10px;\n      max-width: 100%;\n    }\n  \n    .recomendadorV2Area1 img {\n      width: 100%;\n      border-radius: 6px;\n    }\n  \n    .recomendadorV2Area2 .recomendadorV2Type {\n      font-size: 9px;\n      letter-spacing: 1px;\n      margin: 8px 0;\n    }\n  \n    .recomendadorV2Title h2 {\n      font-size: 18px !important;\n      margin-bottom: 8px !important;\n      line-height: 1.2;\n    }\n  \n    .recomendadorV2Desc {\n      font-size: 14px;\n      margin: 8px 0 !important;\n      line-height: 1.4;\n    }\n  \n    .recomendadorV2Button {\n      font-size: 14px;\n      height: 40px;\n      padding: 0 12px;\n      max-width: 100%;\n      width: 100%;\n    }\n  \n    .recomendadorV2Button:after {\n      padding-left: 6px;\n    }\n  }\n  <\/style>\n        <div class=\"lazyblock-recomendador-v2-2jDGz wp-block-lazyblock-recomendador-v2\">\n        <a class=\"linkrecomendadorv2\" href=\"https:\/\/diariodocomercio.com.br\/mix\/empresa-do-chatgpt-esta-sendo-acusada-de-homicidio-entenda-o-caso\/\">\n            <div class=\"recomendadorV2Area\">\n            <div class=\"recomendadorV2Area1\">\n                <div class=\"recomendadorV2Img\">\n                <img class=\"lazyloaded\" decoding=\"async\" src=\"https:\/\/diariodocomercio.com.br\/mix\/wp-content\/uploads\/2025\/01\/chat-gpt.jpg\" data-src=\"https:\/\/diariodocomercio.com.br\/mix\/wp-content\/uploads\/2025\/01\/chat-gpt.jpg\" alt=\"\">\n                <\/div>\n            <\/div>\n            <div class=\"recomendadorV2Area2\">\n                <div class=\"recomendadorV2Type\">\n                    <span>CHATGPT<\/span>\n                <\/div>\n                <div class=\"recomendadorV2Title\">\n                <h2><span>Empresa do ChatGPT est\u00e1 sendo acusada de homic\u00eddio, entenda o caso<\/span><\/h2>\n                <\/div>\n                <div class=\"recomendadorV2Desc\">\n                <span>A OpenAI, empresa que criou o ChatGPT, est\u00e1 sendo processada por um casal na Calif\u00f3rnia, que acusa a ferramenta de \u2026<\/span>\n                <\/div>\n                <div class=\"recomendadorV2Button\">Leia mais<\/div>\n                <div class=\"recomendadorV2Alert\"><\/div>\n            <\/div>\n            <\/div>\n        <\/a>\n        <div>\n            <div style=\"z-index:99999;\" id=\"buttonClose\" onclick=\"closeRecomendadorFixed()\">\n            <div class=\"recomendadorCloseFixed\">X<\/div>\n            <\/div>\n            <a href=\"https:\/\/diariodocomercio.com.br\/mix\/empresa-do-chatgpt-esta-sendo-acusada-de-homicidio-entenda-o-caso\/\">\n            <div class=\"recomendadorFixedArea\">\n                <div id=\"recomendadorFixed\">\n                <div class=\"recomendadorLeftArea\">\n                    <div class=\"recomendadorImgFixed\">\n                    <img class=\"lazyload\" decoding=\"async\" src=\"https:\/\/diariodocomercio.com.br\/mix\/wp-content\/uploads\/2025\/01\/chat-gpt.jpg\" alt=\"\">\n                    <\/div>\n                <\/div>\n                <div class=\"recomendadorRightArea\">\n                    <div class=\"recomendadorTitleFixed\">\n                    <h2><span>Empresa do ChatGPT est\u00e1 sendo acusada de homic\u00eddio, entenda o caso<\/span><\/h2>\n                    <\/div>\n                    <div class=\"recomendadorButtonFixed\">Leia mais<\/div>\n                    <div class=\"recomendadorAlertFixed\"><\/div>\n                <\/div>\n                <\/div>\n            <\/div>\n            <\/a>\n        <\/div>\n        <\/div>\n","protected":false},"excerpt":{"rendered":"<p>At\u00e9 o fim do ano, o Bolsa Fam\u00edlia vai fazer um repasse de, no m\u00ednimo, R$ 2,4 mil para os milh\u00f5es de brasileiros atendidos pelo programa. Lembrando que o Bolsa paga, pelo menos, R$ 600 para cada fam\u00edlia cadastrada (faltam quatro meses para o ano terminar, ent\u00e3o 4&#215;600=2.400). E o valor recebido ainda pode aumentar [&hellip;]<\/p>\n","protected":false},"author":6,"featured_media":2659,"comment_status":"closed","ping_status":"closed","sticky":false,"template":"","format":"standard","meta":{"jnews-multi-image_gallery":[],"jnews_single_post":{"format":"standard"},"jnews_primary_category":[],"jnews_social_meta":[],"jnews_override_counter":[],"jnews_post_split":[],"footnotes":""},"categories":[1],"tags":[],"class_list":["post-17465","post","type-post","status-publish","format-standard","has-post-thumbnail","hentry","category-geral"],"_referencia":"","_links":{"self":[{"href":"https:\/\/diariodocomercio.com.br\/mix\/wp-json\/wp\/v2\/posts\/17465","targetHints":{"allow":["GET"]}}],"collection":[{"href":"https:\/\/diariodocomercio.com.br\/mix\/wp-json\/wp\/v2\/posts"}],"about":[{"href":"https:\/\/diariodocomercio.com.br\/mix\/wp-json\/wp\/v2\/types\/post"}],"author":[{"embeddable":true,"href":"https:\/\/diariodocomercio.com.br\/mix\/wp-json\/wp\/v2\/users\/6"}],"replies":[{"embeddable":true,"href":"https:\/\/diariodocomercio.com.br\/mix\/wp-json\/wp\/v2\/comments?post=17465"}],"version-history":[{"count":1,"href":"https:\/\/diariodocomercio.com.br\/mix\/wp-json\/wp\/v2\/posts\/17465\/revisions"}],"predecessor-version":[{"id":17466,"href":"https:\/\/diariodocomercio.com.br\/mix\/wp-json\/wp\/v2\/posts\/17465\/revisions\/17466"}],"wp:featuredmedia":[{"embeddable":true,"href":"https:\/\/diariodocomercio.com.br\/mix\/wp-json\/wp\/v2\/media\/2659"}],"wp:attachment":[{"href":"https:\/\/diariodocomercio.com.br\/mix\/wp-json\/wp\/v2\/media?parent=17465"}],"wp:term":[{"taxonomy":"category","embeddable":true,"href":"https:\/\/diariodocomercio.com.br\/mix\/wp-json\/wp\/v2\/categories?post=17465"},{"taxonomy":"post_tag","embeddable":true,"href":"https:\/\/diariodocomercio.com.br\/mix\/wp-json\/wp\/v2\/tags?post=17465"}],"curies":[{"name":"wp","href":"https:\/\/api.w.org\/{rel}","templated":true}]}}