{"id":17468,"date":"2025-08-31T09:38:00","date_gmt":"2025-08-31T12:38:00","guid":{"rendered":"https:\/\/diariodocomercio.com.br\/mix\/?p=17468"},"modified":"2025-08-29T10:43:56","modified_gmt":"2025-08-29T13:43:56","slug":"conheca-a-gigante-ilha-brasileira-com-mais-de-40-praias-e-centenas-de-cachoeiras","status":"publish","type":"post","link":"https:\/\/diariodocomercio.com.br\/mix\/conheca-a-gigante-ilha-brasileira-com-mais-de-40-praias-e-centenas-de-cachoeiras\/","title":{"rendered":"Conhe\u00e7a a gigante ilha brasileira com mais de 40 praias e centenas de cachoeiras"},"content":{"rendered":"\n<p><strong>Ilhabela<\/strong>, no litoral norte de <strong>S\u00e3o Paulo<\/strong>, destaca-se como um not\u00e1vel destino de ecoturismo, combinando praias e cachoeiras em uma experi\u00eancia \u00fanica. Acess\u00edvel via balsa a partir de <strong>S\u00e3o Sebasti\u00e3o,<\/strong> a ilha \u00e9 um ref\u00fagio natural, com 41 praias e mais de 300 cachoeiras confirmadas.<\/p>\n\n\n\n<p>O turismo sustent\u00e1vel \u00e9 altamente incentivado, promovendo a preserva\u00e7\u00e3o ambiental combinada com aventuras ao ar livre.<\/p>\n\n\n\n<p>A ilha de Ilhabela n\u00e3o \u00e9 apenas um destino comum; \u00e9 um local onde a rica biodiversidade da Mata Atl\u00e2ntica, que cobre 85% do territ\u00f3rio, se encontra com comunidades cai\u00e7aras tradicionais. Estes grupos mant\u00eam vivas suas ra\u00edzes e tradi\u00e7\u00f5es, enriquecendo ainda mais a experi\u00eancia dos visitantes.&nbsp;<\/p>\n\n\n\n<p>No sul da ilha, praias quase intocadas e densas florestas oferecem um contato direto com a natureza, longe dos centros urbanos.<\/p>\n\n\n\n<h2 class=\"wp-block-heading\">Trilhas e esportes ao ar livre<\/h2>\n\n\n\n<p>Para os amantes da aventura, Ilhabela oferece diversas trilhas no Parque Estadual de Ilhabela. Estas trilhas interligam praias isoladas, cachoeiras impressionantes e mirantes excepcionais.<\/p>\n\n\n\n<p>O <strong>Pico do Baepi<\/strong> \u00e9 uma das trilhas mais procuradas. Os visitantes, ao alcan\u00e7arem o pico, s\u00e3o recompensados com vistas deslumbrantes da costa. Al\u00e9m das trilhas, o canal entre a ilha e o continente proporciona condi\u00e7\u00f5es ideais para a pr\u00e1tica de esportes aqu\u00e1ticos como vela e mergulho.<\/p>\n\n\n<div class=\"wp-block-image\">\n<figure class=\"aligncenter size-full is-resized\"><img decoding=\"async\" width=\"960\" height=\"719\" src=\"https:\/\/diariodocomercio.com.br\/mix\/wp-content\/uploads\/2025\/08\/7e51c5a0-59e4-4567-9ede-d3f39e377693.large_.jpg\" alt=\"\" class=\"wp-image-17469\" style=\"width:533px;height:auto\" srcset=\"https:\/\/diariodocomercio.com.br\/mix\/wp-content\/uploads\/2025\/08\/7e51c5a0-59e4-4567-9ede-d3f39e377693.large_.jpg 960w, https:\/\/diariodocomercio.com.br\/mix\/wp-content\/uploads\/2025\/08\/7e51c5a0-59e4-4567-9ede-d3f39e377693.large_-300x225.jpg 300w, https:\/\/diariodocomercio.com.br\/mix\/wp-content\/uploads\/2025\/08\/7e51c5a0-59e4-4567-9ede-d3f39e377693.large_-768x575.jpg 768w, https:\/\/diariodocomercio.com.br\/mix\/wp-content\/uploads\/2025\/08\/7e51c5a0-59e4-4567-9ede-d3f39e377693.large_-150x112.jpg 150w, https:\/\/diariodocomercio.com.br\/mix\/wp-content\/uploads\/2025\/08\/7e51c5a0-59e4-4567-9ede-d3f39e377693.large_-750x562.jpg 750w\" sizes=\"(max-width: 960px) 100vw, 960px\" \/><figcaption class=\"wp-element-caption\">Trilha Pico do Baepi (Foto: Go Passeios\/Divulga\u00e7\u00e3o)<\/figcaption><\/figure>\n<\/div>\n\n\n<h2 class=\"wp-block-heading\">Cachoeiras de Ilhabela<\/h2>\n\n\n\n<p>Ilhabela \u00e9 tamb\u00e9m celebrada por suas cachoeiras, com destaque para a <strong>Cachoeira da Toca<\/strong> e a do<strong> Gato.<\/strong> Esses locais, al\u00e9m de encantadores, s\u00e3o acess\u00edveis e oferecem uma oportunidade \u00fanica para aqueles que buscam se conectar mais profundamente com o ambiente natural.<\/p>\n\n\n<div class=\"wp-block-image\">\n<figure class=\"aligncenter size-full is-resized\"><img decoding=\"async\" width=\"654\" height=\"410\" src=\"https:\/\/diariodocomercio.com.br\/mix\/wp-content\/uploads\/2025\/08\/cachoeira-da-toca_4.jpg\" alt=\"\" class=\"wp-image-17470\" style=\"width:545px;height:auto\" srcset=\"https:\/\/diariodocomercio.com.br\/mix\/wp-content\/uploads\/2025\/08\/cachoeira-da-toca_4.jpg 654w, https:\/\/diariodocomercio.com.br\/mix\/wp-content\/uploads\/2025\/08\/cachoeira-da-toca_4-300x188.jpg 300w, https:\/\/diariodocomercio.com.br\/mix\/wp-content\/uploads\/2025\/08\/cachoeira-da-toca_4-150x94.jpg 150w\" sizes=\"(max-width: 654px) 100vw, 654px\" \/><figcaption class=\"wp-element-caption\">Cachoeira da Toca (Foto: Guia Vale do Para\u00edba)<\/figcaption><\/figure>\n<\/div>\n\n\n<p>As trilhas at\u00e9 as cachoeiras permitem a observa\u00e7\u00e3o de uma incr\u00edvel biodiversidade, oferecendo uma experi\u00eancia rica em termos ambientais.<\/p>\n\n\n\n<p>Comprometida com a sustentabilidade, Ilhabela se destaca como um exemplo de pr\u00e1ticas tur\u00edsticas respons\u00e1veis. Incentiva-se o uso de produtos ecologicamente corretos e a correta gest\u00e3o de res\u00edduos. O objetivo \u00e9 garantir que a beleza natural da ilha seja preservada para as futuras gera\u00e7\u00f5es.&nbsp;<\/p>\n","protected":false},"excerpt":{"rendered":"<p>Acess\u00edvel via balsa, a ilha \u00e9 um ref\u00fagio natural. Veja imagens.<\/p>\n","protected":false},"author":12,"featured_media":13933,"comment_status":"closed","ping_status":"closed","sticky":false,"template":"","format":"standard","meta":{"jnews-multi-image_gallery":[],"jnews_single_post":{"format":"standard"},"jnews_primary_category":[],"jnews_social_meta":[],"jnews_override_counter":[],"jnews_post_split":[],"footnotes":""},"categories":[1],"tags":[],"class_list":["post-17468","post","type-post","status-publish","format-standard","has-post-thumbnail","hentry","category-geral"],"_referencia":"","_links":{"self":[{"href":"https:\/\/diariodocomercio.com.br\/mix\/wp-json\/wp\/v2\/posts\/17468","targetHints":{"allow":["GET"]}}],"collection":[{"href":"https:\/\/diariodocomercio.com.br\/mix\/wp-json\/wp\/v2\/posts"}],"about":[{"href":"https:\/\/diariodocomercio.com.br\/mix\/wp-json\/wp\/v2\/types\/post"}],"author":[{"embeddable":true,"href":"https:\/\/diariodocomercio.com.br\/mix\/wp-json\/wp\/v2\/users\/12"}],"replies":[{"embeddable":true,"href":"https:\/\/diariodocomercio.com.br\/mix\/wp-json\/wp\/v2\/comments?post=17468"}],"version-history":[{"count":1,"href":"https:\/\/diariodocomercio.com.br\/mix\/wp-json\/wp\/v2\/posts\/17468\/revisions"}],"predecessor-version":[{"id":17473,"href":"https:\/\/diariodocomercio.com.br\/mix\/wp-json\/wp\/v2\/posts\/17468\/revisions\/17473"}],"wp:featuredmedia":[{"embeddable":true,"href":"https:\/\/diariodocomercio.com.br\/mix\/wp-json\/wp\/v2\/media\/13933"}],"wp:attachment":[{"href":"https:\/\/diariodocomercio.com.br\/mix\/wp-json\/wp\/v2\/media?parent=17468"}],"wp:term":[{"taxonomy":"category","embeddable":true,"href":"https:\/\/diariodocomercio.com.br\/mix\/wp-json\/wp\/v2\/categories?post=17468"},{"taxonomy":"post_tag","embeddable":true,"href":"https:\/\/diariodocomercio.com.br\/mix\/wp-json\/wp\/v2\/tags?post=17468"}],"curies":[{"name":"wp","href":"https:\/\/api.w.org\/{rel}","templated":true}]}}