{"id":17472,"date":"2025-08-31T07:35:00","date_gmt":"2025-08-31T10:35:00","guid":{"rendered":"https:\/\/diariodocomercio.com.br\/mix\/?p=17472"},"modified":"2025-08-29T11:12:14","modified_gmt":"2025-08-29T14:12:14","slug":"nova-isencao-cai-como-uma-luva-no-colo-de-aposentados-com-65-anos","status":"publish","type":"post","link":"https:\/\/diariodocomercio.com.br\/mix\/nova-isencao-cai-como-uma-luva-no-colo-de-aposentados-com-65-anos\/","title":{"rendered":"Nova isen\u00e7\u00e3o cai como uma luva no colo de aposentados com 65+ anos"},"content":{"rendered":"\n<p>A Comiss\u00e3o de Defesa dos Direitos da Pessoa Idosa da C\u00e2mara dos Deputados aprovou proposta que pode ampliar a isen\u00e7\u00e3o do Imposto de Renda (IR) para aposentados com 65 anos ou mais que tenham comorbidades. O texto aprovado, de autoria do deputado Castro Neto (PSD-PI), unifica dois projetos (PLs 4425\/23 e 2642\/24) e altera a Lei 7.713\/88, que j\u00e1 prev\u00ea isen\u00e7\u00e3o parcial para idosos em situa\u00e7\u00f5es espec\u00edficas.<\/p>\n\n\n\n<p>Segundo o relator, o objetivo \u00e9 reduzir o peso financeiro enfrentado por quem precisa arcar com tratamentos m\u00e9dicos cont\u00ednuos. \u201cAposentados e pessoas idosas com comorbidades necessitam arcar com elevados custos em rela\u00e7\u00e3o ao tratamento das doen\u00e7as, o que reduz ainda mais a receita acumulada ao longo de toda uma vida de presta\u00e7\u00e3o de servi\u00e7o\u201d, justificou Castro Neto.<\/p>\n\n\n\n<p>A proposta ainda precisa passar pelas comiss\u00f5es de Finan\u00e7as e Tributa\u00e7\u00e3o e de Constitui\u00e7\u00e3o e Justi\u00e7a (CCJ), em car\u00e1ter conclusivo, antes de seguir ao Plen\u00e1rio da C\u00e2mara e, posteriormente, ao Senado.<\/p>\n\n\n\n<h2 class=\"wp-block-heading\"><strong>Quem ter\u00e1 direito \u00e0 isen\u00e7\u00e3o integral<\/strong><\/h2>\n\n\n\n<p>Se aprovada, a medida caber\u00e1 ao&nbsp;<strong>Minist\u00e9rio da Sa\u00fade<\/strong>&nbsp;regulamentar a lista de comorbidades que dar\u00e3o direito \u00e0 isen\u00e7\u00e3o. Algumas doen\u00e7as j\u00e1 est\u00e3o previstas de forma obrigat\u00f3ria, como:<\/p>\n\n\n\n<ul class=\"wp-block-list\">\n<li>problemas cardiovasculares graves;<\/li>\n\n\n\n<li><strong>diabetes tipo 1<\/strong>\u00a0(mellitus insulino-dependente);<\/li>\n\n\n\n<li><strong>c\u00e2ncer<\/strong>;<\/li>\n\n\n\n<li>doen\u00e7as respirat\u00f3rias cr\u00f4nicas;<\/li>\n\n\n\n<li>doen\u00e7as renais cr\u00f4nicas.<\/li>\n<\/ul>\n\n\n\n<p>Hoje, a legisla\u00e7\u00e3o j\u00e1 prev\u00ea isen\u00e7\u00e3o para 16 doen\u00e7as espec\u00edficas, mas o novo projeto amplia a cobertura e direciona o benef\u00edcio para um p\u00fablico mais vulner\u00e1vel.<\/p>\n\n\n\n<h2 class=\"wp-block-heading\"><strong>Isen\u00e7\u00e3o adicional j\u00e1 garantida em lei<\/strong><\/h2>\n\n\n\n<p>Paralelamente \u00e0 proposta em tramita\u00e7\u00e3o, aposentados e pensionistas com\u00a065 anos ou mais\u00a0j\u00e1 contam, desde a\u00a0declara\u00e7\u00e3o de 2025, com uma\u00a0isen\u00e7\u00e3o adicional de IR\u00a0sobre rendimentos de aposentadoria, pens\u00e3o, reforma ou reserva remunerada.<\/p>\n\n\n\n<p>Esse benef\u00edcio vale a partir do m\u00eas de anivers\u00e1rio do contribuinte e chega ao limite de\u00a0R$ 27.692,31 por ano\u00a0\u2014 equivalente a\u00a012 parcelas de R$ 2.130,18\u00a0mais o\u00a013\u00ba sal\u00e1rio.<\/p>\n\n\n\n<p>A isen\u00e7\u00e3o, no entanto, n\u00e3o se aplica a outras fontes de renda, como sal\u00e1rios, alugu\u00e9is ou previd\u00eancia privada.<\/p>\n\n\n\n<h2 class=\"wp-block-heading\"><strong>Declara\u00e7\u00e3o continua obrigat\u00f3ria<\/strong><\/h2>\n\n\n\n<p>Mesmo isentos, os contribuintes precisam apresentar a declara\u00e7\u00e3o se tiveram rendimentos tribut\u00e1veis acima de\u00a0R$ 33.888 em 2024\u00a0ou valores isentos que ultrapassem\u00a0R$ 200 mil. O prazo para entrega vai at\u00e9\u00a030 de maio de 2025.<\/p>\n\n\n\n<p>Na hora de declarar, o aposentado deve consultar o informe de rendimentos emitido pelo\u00a0INSS\u00a0ou pelo \u00f3rg\u00e3o pagador. A parcela isenta deve ser registrada na se\u00e7\u00e3o de\u00a0\u201cRendimentos Isentos e N\u00e3o Tribut\u00e1veis\u201d.<\/p>\n","protected":false},"excerpt":{"rendered":"<p>A Comiss\u00e3o de Defesa dos Direitos da Pessoa Idosa da C\u00e2mara dos Deputados aprovou proposta que pode ampliar a isen\u00e7\u00e3o do Imposto de Renda (IR) para aposentados com 65 anos ou mais que tenham comorbidades. O texto aprovado, de autoria do deputado Castro Neto (PSD-PI), unifica dois projetos (PLs 4425\/23 e 2642\/24) e altera a [&hellip;]<\/p>\n","protected":false},"author":9,"featured_media":6434,"comment_status":"closed","ping_status":"closed","sticky":false,"template":"","format":"standard","meta":{"jnews-multi-image_gallery":[],"jnews_single_post":{"format":"standard"},"jnews_primary_category":[],"jnews_social_meta":[],"jnews_override_counter":[],"jnews_post_split":[],"footnotes":""},"categories":[1],"tags":[],"class_list":["post-17472","post","type-post","status-publish","format-standard","has-post-thumbnail","hentry","category-geral"],"_referencia":"","_links":{"self":[{"href":"https:\/\/diariodocomercio.com.br\/mix\/wp-json\/wp\/v2\/posts\/17472","targetHints":{"allow":["GET"]}}],"collection":[{"href":"https:\/\/diariodocomercio.com.br\/mix\/wp-json\/wp\/v2\/posts"}],"about":[{"href":"https:\/\/diariodocomercio.com.br\/mix\/wp-json\/wp\/v2\/types\/post"}],"author":[{"embeddable":true,"href":"https:\/\/diariodocomercio.com.br\/mix\/wp-json\/wp\/v2\/users\/9"}],"replies":[{"embeddable":true,"href":"https:\/\/diariodocomercio.com.br\/mix\/wp-json\/wp\/v2\/comments?post=17472"}],"version-history":[{"count":1,"href":"https:\/\/diariodocomercio.com.br\/mix\/wp-json\/wp\/v2\/posts\/17472\/revisions"}],"predecessor-version":[{"id":17480,"href":"https:\/\/diariodocomercio.com.br\/mix\/wp-json\/wp\/v2\/posts\/17472\/revisions\/17480"}],"wp:featuredmedia":[{"embeddable":true,"href":"https:\/\/diariodocomercio.com.br\/mix\/wp-json\/wp\/v2\/media\/6434"}],"wp:attachment":[{"href":"https:\/\/diariodocomercio.com.br\/mix\/wp-json\/wp\/v2\/media?parent=17472"}],"wp:term":[{"taxonomy":"category","embeddable":true,"href":"https:\/\/diariodocomercio.com.br\/mix\/wp-json\/wp\/v2\/categories?post=17472"},{"taxonomy":"post_tag","embeddable":true,"href":"https:\/\/diariodocomercio.com.br\/mix\/wp-json\/wp\/v2\/tags?post=17472"}],"curies":[{"name":"wp","href":"https:\/\/api.w.org\/{rel}","templated":true}]}}