{"id":17481,"date":"2025-08-31T08:41:00","date_gmt":"2025-08-31T11:41:00","guid":{"rendered":"https:\/\/diariodocomercio.com.br\/mix\/?p=17481"},"modified":"2025-08-29T11:31:45","modified_gmt":"2025-08-29T14:31:45","slug":"quem-recebe-algum-beneficio-do-governo-agora-devera-realizar-recadastramento-facial","status":"publish","type":"post","link":"https:\/\/diariodocomercio.com.br\/mix\/quem-recebe-algum-beneficio-do-governo-agora-devera-realizar-recadastramento-facial\/","title":{"rendered":"Quem recebe algum benef\u00edcio do Governo agora dever\u00e1 realizar recadastramento facial"},"content":{"rendered":"\n<p>O Governo Federal determinou que todos os cidad\u00e3os que recebem&nbsp;<strong>benef\u00edcios sociais<\/strong>&nbsp;dever\u00e3o realizar&nbsp;<strong>recadastramento facial<\/strong>&nbsp;para manter o acesso aos programas. A medida foi anunciada ap\u00f3s reuni\u00f5es do presidente&nbsp;<strong>Luiz In\u00e1cio Lula da Silva<\/strong>&nbsp;com ministros, dentro de um plano que tamb\u00e9m busca acelerar a emiss\u00e3o da&nbsp;<strong>Carteira de Identidade Nacional (CIN)<\/strong>, o novo modelo de documento de identidade.<\/p>\n\n\n\n<p>O novo documento, que re\u00fane diferentes informa\u00e7\u00f5es em um \u00fanico registro, j\u00e1 foi emitido para\u00a0mais de 31,5 milh\u00f5es de pessoas em oito estados. Os destaques de ades\u00e3o s\u00e3o\u00a0Piau\u00ed (38,4%),\u00a0Acre (28%)\u00a0e\u00a0Alagoas (24,6%). Nos grandes centros, S\u00e3o Paulo e Minas Gerais lideram em volume absoluto de emiss\u00f5es.<\/p>\n\n\n\n<p>O governo argumenta que a biometria facial ajudar\u00e1 a\u00a0garantir os direitos\u00a0de quem realmente necessita dos aux\u00edlios e, ao mesmo tempo, reduzir\u00e1 o risco de\u00a0fraudes e golpes. O recadastramento estar\u00e1 vinculado \u00e0 nova CIN, documento que j\u00e1 re\u00fane informa\u00e7\u00f5es biom\u00e9tricas, possui\u00a0QR Code\u00a0e \u00e9 v\u00e1lido em todo o pa\u00eds.<\/p>\n\n\n\n<p>A CIN substitui gradualmente o RG e pode ser utilizada tamb\u00e9m em&nbsp;<strong>pa\u00edses do Mercosul<\/strong>&nbsp;(Argentina, Paraguai e Uruguai), trazendo maior praticidade para quem viaja.<\/p>\n\n\n\n<p>Segundo a ministra da Gest\u00e3o e da Inova\u00e7\u00e3o em Servi\u00e7os P\u00fablicos,&nbsp;<strong>Esther Dweck<\/strong>, a implanta\u00e7\u00e3o ser\u00e1 feita de forma&nbsp;<strong>gradual<\/strong>. \u201cA implementa\u00e7\u00e3o come\u00e7ar\u00e1 com as novas concess\u00f5es. Para quem j\u00e1 tem o benef\u00edcio, o prazo para se adequar ser\u00e1 um pouco maior\u201d, explicou. Pessoas com mais de&nbsp;<strong>80 anos<\/strong>&nbsp;ou com&nbsp;<strong>dificuldade de mobilidade<\/strong>&nbsp;ter\u00e3o&nbsp;<strong>exce\u00e7\u00f5es<\/strong>&nbsp;\u00e0 obrigatoriedade.<\/p>\n\n\n\n<h2 class=\"wp-block-heading\"><strong>Como tirar o novo documento<\/strong><\/h2>\n\n\n\n<p>Para obter a CIN, o cidad\u00e3o deve procurar um&nbsp;<strong>posto de emiss\u00e3o de documentos do seu estado<\/strong>, levando o RG atual e comprovante de resid\u00eancia. Em alguns locais, h\u00e1 a possibilidade de agendamento online.<\/p>\n\n\n\n<p>O documento \u00e9 gratuito na primeira emiss\u00e3o e, al\u00e9m da foto e dados pessoais, traz informa\u00e7\u00f5es como CPF, biometria e registro de seguran\u00e7a digital.<\/p>\n","protected":false},"excerpt":{"rendered":"<p>O Governo Federal determinou que todos os cidad\u00e3os que recebem&nbsp;benef\u00edcios sociais&nbsp;dever\u00e3o realizar&nbsp;recadastramento facial&nbsp;para manter o acesso aos programas. A medida foi anunciada ap\u00f3s reuni\u00f5es do presidente&nbsp;Luiz In\u00e1cio Lula da Silva&nbsp;com ministros, dentro de um plano que tamb\u00e9m busca acelerar a emiss\u00e3o da&nbsp;Carteira de Identidade Nacional (CIN), o novo modelo de documento de identidade. O novo [&hellip;]<\/p>\n","protected":false},"author":9,"featured_media":17482,"comment_status":"closed","ping_status":"closed","sticky":false,"template":"","format":"standard","meta":{"jnews-multi-image_gallery":[],"jnews_single_post":{"format":"standard"},"jnews_primary_category":[],"jnews_social_meta":[],"jnews_override_counter":[],"jnews_post_split":[],"footnotes":""},"categories":[1],"tags":[],"class_list":["post-17481","post","type-post","status-publish","format-standard","has-post-thumbnail","hentry","category-geral"],"_referencia":"","_links":{"self":[{"href":"https:\/\/diariodocomercio.com.br\/mix\/wp-json\/wp\/v2\/posts\/17481","targetHints":{"allow":["GET"]}}],"collection":[{"href":"https:\/\/diariodocomercio.com.br\/mix\/wp-json\/wp\/v2\/posts"}],"about":[{"href":"https:\/\/diariodocomercio.com.br\/mix\/wp-json\/wp\/v2\/types\/post"}],"author":[{"embeddable":true,"href":"https:\/\/diariodocomercio.com.br\/mix\/wp-json\/wp\/v2\/users\/9"}],"replies":[{"embeddable":true,"href":"https:\/\/diariodocomercio.com.br\/mix\/wp-json\/wp\/v2\/comments?post=17481"}],"version-history":[{"count":1,"href":"https:\/\/diariodocomercio.com.br\/mix\/wp-json\/wp\/v2\/posts\/17481\/revisions"}],"predecessor-version":[{"id":17484,"href":"https:\/\/diariodocomercio.com.br\/mix\/wp-json\/wp\/v2\/posts\/17481\/revisions\/17484"}],"wp:featuredmedia":[{"embeddable":true,"href":"https:\/\/diariodocomercio.com.br\/mix\/wp-json\/wp\/v2\/media\/17482"}],"wp:attachment":[{"href":"https:\/\/diariodocomercio.com.br\/mix\/wp-json\/wp\/v2\/media?parent=17481"}],"wp:term":[{"taxonomy":"category","embeddable":true,"href":"https:\/\/diariodocomercio.com.br\/mix\/wp-json\/wp\/v2\/categories?post=17481"},{"taxonomy":"post_tag","embeddable":true,"href":"https:\/\/diariodocomercio.com.br\/mix\/wp-json\/wp\/v2\/tags?post=17481"}],"curies":[{"name":"wp","href":"https:\/\/api.w.org\/{rel}","templated":true}]}}