{"id":17502,"date":"2025-08-31T11:14:00","date_gmt":"2025-08-31T14:14:00","guid":{"rendered":"https:\/\/diariodocomercio.com.br\/mix\/?p=17502"},"modified":"2025-08-29T14:21:58","modified_gmt":"2025-08-29T17:21:58","slug":"apos-meses-de-discussao-governo-bate-o-martelo-sobre-lei-do-bebe-reborn","status":"publish","type":"post","link":"https:\/\/diariodocomercio.com.br\/mix\/apos-meses-de-discussao-governo-bate-o-martelo-sobre-lei-do-bebe-reborn\/","title":{"rendered":"Ap\u00f3s meses de discuss\u00e3o, governo bate o martelo sobre \u201cLei do Beb\u00ea Reborn\u201d"},"content":{"rendered":"\n<p>Depois de semanas de debates e pol\u00eamicas, a C\u00e2mara Municipal do Rio de Janeiro decidiu manter o veto do prefeito\u00a0<strong>Eduardo Paes (PSD)<\/strong>\u00a0ao projeto de lei que institu\u00eda o\u00a0<strong>Dia da Cegonha Reborn<\/strong>, data que seria comemorada em 4 de setembro em homenagem \u00e0s artes\u00e3s que produzem os chamados beb\u00eas reborn \u2014 bonecas hiper-realistas usadas em cole\u00e7\u00f5es e at\u00e9 em terapias.<\/p>\n\n\n\n<p>Na sess\u00e3o desta ter\u00e7a-feira (5),&nbsp;<strong>21 vereadores votaram para derrubar o veto<\/strong>&nbsp;e outros 14 pela manuten\u00e7\u00e3o. Para que a proposta fosse promulgada, seriam necess\u00e1rios ao menos 26 votos favor\u00e1veis. O projeto, de autoria do vereador&nbsp;<strong>Vitor Hugo (MDB)<\/strong>, havia sido aprovado em plen\u00e1rio no semestre passado, mas recebeu veto integral de Paes em 4 de junho.<\/p>\n\n\n\n<p>Em publica\u00e7\u00e3o nas redes sociais, o prefeito ironizou a proposta:&nbsp;<em>\u201cCom todo respeito aos interessados, mas n\u00e3o d\u00e1\u2026\u201d<\/em>, escreveu ao divulgar a imagem do documento.<\/p>\n\n\n\n<h2 class=\"wp-block-heading\"><strong>Autor defendeu impacto positivo das bonecas<\/strong><\/h2>\n\n\n\n<p>O vereador Vitor Hugo justificou a cria\u00e7\u00e3o da data como forma de valoriza\u00e7\u00e3o das artes\u00e3s e de reconhecimento ao papel dos reborns em tratamentos terap\u00eauticos.<\/p>\n\n\n\n<blockquote class=\"wp-block-quote is-layout-flow wp-block-quote-is-layout-flow\">\n<p><em>\u201c\u00c9 uma homenagem emocionante a mulheres incr\u00edveis da nossa cidade. S\u00e3o artes\u00e3s que criam bonecas realistas usadas em terapias. Muitas delas passaram por momentos dif\u00edceis, como depress\u00e3o, luto, dores profundas, e encontraram nesse trabalho uma forma de cura e amor\u201d<\/em>, afirmou.<\/p>\n<\/blockquote>\n\n\n\n<h2 class=\"wp-block-heading\"><strong>Pol\u00eamica ultrapassa o Rio<\/strong><\/h2>\n\n\n\n<p>O debate sobre os reborns tem extrapolado os limites da C\u00e2mara carioca. Em&nbsp;<strong>Minas Gerais<\/strong>, o deputado estadual&nbsp;<strong>Cristiano Caporezzo (PL)<\/strong>&nbsp;apresentou projeto para proibir o atendimento \u00e0s bonecas em unidades de sa\u00fade, ap\u00f3s o caso de uma mulher que levou um reborn a um posto m\u00e9dico.<\/p>\n\n\n\n<p>No&nbsp;<strong>Congresso Nacional<\/strong>, o deputado&nbsp;<strong>Zacharias Calil (Uni\u00e3o-GO)<\/strong>&nbsp;prop\u00f4s multa de at\u00e9&nbsp;<strong>R$ 30 mil<\/strong>&nbsp;para quem usar bonecas reborn a fim de obter benef\u00edcios indevidos, como prioridade em filas ou assentos no transporte p\u00fablico.<\/p>\n\n\n\n<p>J\u00e1 na&nbsp;<strong>Assembleia Legislativa do Rio (Alerj)<\/strong>, o deputado&nbsp;<strong>Rodrigo Amorim (Uni\u00e3o)<\/strong>&nbsp;apresentou projeto sugerindo a cria\u00e7\u00e3o de um programa de apoio \u00e0 sa\u00fade mental voltado para pessoas que se identificam como m\u00e3es ou pais de reborns.<\/p>\n\n\n\n<p><\/p>\n","protected":false},"excerpt":{"rendered":"<p>Depois de semanas de debates e pol\u00eamicas, a C\u00e2mara Municipal do Rio de Janeiro decidiu manter o veto do prefeito\u00a0Eduardo Paes (PSD)\u00a0ao projeto de lei que institu\u00eda o\u00a0Dia da Cegonha Reborn, data que seria comemorada em 4 de setembro em homenagem \u00e0s artes\u00e3s que produzem os chamados beb\u00eas reborn \u2014 bonecas hiper-realistas usadas em cole\u00e7\u00f5es [&hellip;]<\/p>\n","protected":false},"author":9,"featured_media":7721,"comment_status":"closed","ping_status":"closed","sticky":false,"template":"","format":"standard","meta":{"jnews-multi-image_gallery":[],"jnews_single_post":{"format":"standard"},"jnews_primary_category":[],"jnews_social_meta":[],"jnews_override_counter":[],"jnews_post_split":[],"footnotes":""},"categories":[1],"tags":[],"class_list":["post-17502","post","type-post","status-publish","format-standard","has-post-thumbnail","hentry","category-geral"],"_referencia":"","_links":{"self":[{"href":"https:\/\/diariodocomercio.com.br\/mix\/wp-json\/wp\/v2\/posts\/17502","targetHints":{"allow":["GET"]}}],"collection":[{"href":"https:\/\/diariodocomercio.com.br\/mix\/wp-json\/wp\/v2\/posts"}],"about":[{"href":"https:\/\/diariodocomercio.com.br\/mix\/wp-json\/wp\/v2\/types\/post"}],"author":[{"embeddable":true,"href":"https:\/\/diariodocomercio.com.br\/mix\/wp-json\/wp\/v2\/users\/9"}],"replies":[{"embeddable":true,"href":"https:\/\/diariodocomercio.com.br\/mix\/wp-json\/wp\/v2\/comments?post=17502"}],"version-history":[{"count":1,"href":"https:\/\/diariodocomercio.com.br\/mix\/wp-json\/wp\/v2\/posts\/17502\/revisions"}],"predecessor-version":[{"id":17510,"href":"https:\/\/diariodocomercio.com.br\/mix\/wp-json\/wp\/v2\/posts\/17502\/revisions\/17510"}],"wp:featuredmedia":[{"embeddable":true,"href":"https:\/\/diariodocomercio.com.br\/mix\/wp-json\/wp\/v2\/media\/7721"}],"wp:attachment":[{"href":"https:\/\/diariodocomercio.com.br\/mix\/wp-json\/wp\/v2\/media?parent=17502"}],"wp:term":[{"taxonomy":"category","embeddable":true,"href":"https:\/\/diariodocomercio.com.br\/mix\/wp-json\/wp\/v2\/categories?post=17502"},{"taxonomy":"post_tag","embeddable":true,"href":"https:\/\/diariodocomercio.com.br\/mix\/wp-json\/wp\/v2\/tags?post=17502"}],"curies":[{"name":"wp","href":"https:\/\/api.w.org\/{rel}","templated":true}]}}