{"id":17562,"date":"2025-08-31T15:44:00","date_gmt":"2025-08-31T18:44:00","guid":{"rendered":"https:\/\/diariodocomercio.com.br\/mix\/?p=17562"},"modified":"2025-08-29T17:46:43","modified_gmt":"2025-08-29T20:46:43","slug":"ex-bbb-faz-transplante-capilar-e-praticamente-nasce-de-novo","status":"publish","type":"post","link":"https:\/\/diariodocomercio.com.br\/mix\/ex-bbb-faz-transplante-capilar-e-praticamente-nasce-de-novo\/","title":{"rendered":"Ex-BBB faz transplante capilar e praticamente \u201cnasce de novo\u201d"},"content":{"rendered":"\n<p><strong>Gustavo Marsengo<\/strong>, de 35 anos, ex-participante do <strong>Big Brother Brasil 22, <\/strong>vem chamando aten\u00e7\u00e3o nas redes sociais com os resultados de seu transplante capilar e harmoniza\u00e7\u00e3o facial. O procedimento capilar ocorreu em S\u00e3o Paulo sob a supervis\u00e3o da cirurgi\u00e3 pl\u00e1stica Cintia Carvalho, envolvendo o implante de mais de 17 mil fios em um \u00fanico dia.<\/p>\n\n\n<div class=\"wp-block-image\">\n<figure class=\"aligncenter size-full is-resized\"><img decoding=\"async\" width=\"888\" height=\"603\" src=\"https:\/\/diariodocomercio.com.br\/mix\/wp-content\/uploads\/2025\/08\/befunky-collage-2025-08-29t113912.530.avif\" alt=\"\" class=\"wp-image-17568\" style=\"width:535px;height:auto\" srcset=\"https:\/\/diariodocomercio.com.br\/mix\/wp-content\/uploads\/2025\/08\/befunky-collage-2025-08-29t113912.530.avif 888w, https:\/\/diariodocomercio.com.br\/mix\/wp-content\/uploads\/2025\/08\/befunky-collage-2025-08-29t113912.530-300x204.avif 300w, https:\/\/diariodocomercio.com.br\/mix\/wp-content\/uploads\/2025\/08\/befunky-collage-2025-08-29t113912.530-768x522.avif 768w, https:\/\/diariodocomercio.com.br\/mix\/wp-content\/uploads\/2025\/08\/befunky-collage-2025-08-29t113912.530-150x102.avif 150w, https:\/\/diariodocomercio.com.br\/mix\/wp-content\/uploads\/2025\/08\/befunky-collage-2025-08-29t113912.530-750x509.avif 750w\" sizes=\"(max-width: 888px) 100vw, 888px\" \/><figcaption class=\"wp-element-caption\">Antes e depois de Gustavo Marsengo (Foto: Reprodu\u00e7\u00e3o\/Instagram)<\/figcaption><\/figure>\n<\/div>\n\n\n<p>Essa transforma\u00e7\u00e3o est\u00e9tica foi planejada para coincidir com um evento especial: o casamento religioso de Gustavo, marcado para 24 de setembro, em S\u00e3o Jos\u00e9 do Rio Preto, com<strong> La\u00eds Caldas, <\/strong>que tamb\u00e9m participou do mesmo reality show.<\/p>\n\n\n\n<p>Gustavo e La\u00eds, que deram in\u00edcio ao relacionamento durante suas participa\u00e7\u00f5es no Big Brother Brasil,<strong> j\u00e1 oficializaram a uni\u00e3o no civil <\/strong>em fevereiro deste ano, em S\u00e3o Paulo. A cerim\u00f4nia religiosa, aguardada para setembro, re\u00fane amigos, familiares e colegas do reality show.\u00a0<\/p>\n\n\n\n<h2 class=\"wp-block-heading\">Procedimentos de transforma\u00e7\u00e3o<\/h2>\n\n\n\n<p>Al\u00e9m do procedimento capilar, Gustavo Marsengo realizou uma harmoniza\u00e7\u00e3o facial, uma pr\u00e1tica cada vez mais comum entre celebridades no Brasil. Esses procedimentos foram projetados para enfatizar a est\u00e9tica pessoal de Marsengo.<\/p>\n\n\n\n<p>O cuidado foi meticuloso, garantindo que cada interven\u00e7\u00e3o real\u00e7asse sua imagem de forma natural.<\/p>\n\n\n\n<h2 class=\"wp-block-heading\">Interven\u00e7\u00f5es est\u00e9ticas<\/h2>\n\n\n\n<p>A decis\u00e3o de Marsengo levanta quest\u00f5es sobre o crescente interesse por interven\u00e7\u00f5es est\u00e9ticas entre figuras p\u00fablicas. Esses procedimentos s\u00e3o buscados para<strong> melhorar a autoimagem <\/strong>e <strong>aumentar a confian\u00e7a.<\/strong><\/p>\n\n\n\n<p>A import\u00e2ncia de interven\u00e7\u00f5es bem planejadas \u00e9 destacada, com resultados que atendem \u00e0s expectativas pessoais e profissionais. Marsengo continua na prepara\u00e7\u00e3o para o t\u00e3o esperado evento de casamento.&nbsp;<\/p>\n","protected":false},"excerpt":{"rendered":"<p>Transforma\u00e7\u00e3o est\u00e9tica foi planejada para coincidir com evento. Veja imagens.<\/p>\n","protected":false},"author":12,"featured_media":17563,"comment_status":"closed","ping_status":"closed","sticky":false,"template":"","format":"standard","meta":{"jnews-multi-image_gallery":[],"jnews_single_post":{"format":"standard"},"jnews_primary_category":[],"jnews_social_meta":[],"jnews_override_counter":[],"jnews_post_split":[],"footnotes":""},"categories":[1],"tags":[],"class_list":["post-17562","post","type-post","status-publish","format-standard","has-post-thumbnail","hentry","category-geral"],"_referencia":"","_links":{"self":[{"href":"https:\/\/diariodocomercio.com.br\/mix\/wp-json\/wp\/v2\/posts\/17562","targetHints":{"allow":["GET"]}}],"collection":[{"href":"https:\/\/diariodocomercio.com.br\/mix\/wp-json\/wp\/v2\/posts"}],"about":[{"href":"https:\/\/diariodocomercio.com.br\/mix\/wp-json\/wp\/v2\/types\/post"}],"author":[{"embeddable":true,"href":"https:\/\/diariodocomercio.com.br\/mix\/wp-json\/wp\/v2\/users\/12"}],"replies":[{"embeddable":true,"href":"https:\/\/diariodocomercio.com.br\/mix\/wp-json\/wp\/v2\/comments?post=17562"}],"version-history":[{"count":1,"href":"https:\/\/diariodocomercio.com.br\/mix\/wp-json\/wp\/v2\/posts\/17562\/revisions"}],"predecessor-version":[{"id":17569,"href":"https:\/\/diariodocomercio.com.br\/mix\/wp-json\/wp\/v2\/posts\/17562\/revisions\/17569"}],"wp:featuredmedia":[{"embeddable":true,"href":"https:\/\/diariodocomercio.com.br\/mix\/wp-json\/wp\/v2\/media\/17563"}],"wp:attachment":[{"href":"https:\/\/diariodocomercio.com.br\/mix\/wp-json\/wp\/v2\/media?parent=17562"}],"wp:term":[{"taxonomy":"category","embeddable":true,"href":"https:\/\/diariodocomercio.com.br\/mix\/wp-json\/wp\/v2\/categories?post=17562"},{"taxonomy":"post_tag","embeddable":true,"href":"https:\/\/diariodocomercio.com.br\/mix\/wp-json\/wp\/v2\/tags?post=17562"}],"curies":[{"name":"wp","href":"https:\/\/api.w.org\/{rel}","templated":true}]}}