{"id":17582,"date":"2025-08-31T16:04:00","date_gmt":"2025-08-31T19:04:00","guid":{"rendered":"https:\/\/diariodocomercio.com.br\/mix\/?p=17582"},"modified":"2025-08-29T18:39:26","modified_gmt":"2025-08-29T21:39:26","slug":"governo-abre-vagas-de-emprego-e-vai-pagar-r-4-50000-mensais-bonus","status":"publish","type":"post","link":"https:\/\/diariodocomercio.com.br\/mix\/governo-abre-vagas-de-emprego-e-vai-pagar-r-4-50000-mensais-bonus\/","title":{"rendered":"Governo abre vagas de emprego e vai pagar R$ 4.500,00 mensais + b\u00f4nus"},"content":{"rendered":"\n<p>Com o mercado de trabalho em constante transforma\u00e7\u00e3o, o <strong>Distrito Federal <\/strong>surge com oportunidades para quem est\u00e1 em busca de novos desafios profissionais. Na \u00faltima sexta-feira, 29 de agosto, as ag\u00eancias do trabalhador abriram <strong>628 vagas de emprego, <\/strong>abrangendo diversas \u00e1reas e n\u00edveis de forma\u00e7\u00e3o.<\/p>\n\n\n\n<p>Estas posi\u00e7\u00f5es, distribu\u00eddas por todo o DF, variam desde fun\u00e7\u00f5es b\u00e1sicas, que n\u00e3o exigem experi\u00eancia, at\u00e9 cargos especializados, como <strong>mec\u00e2nico de ve\u00edculos a diesel, <\/strong>com remunera\u00e7\u00e3o de <strong>R$ 4.500<\/strong>, al\u00e9m de benef\u00edcios, no Guar\u00e1 I.<\/p>\n\n\n\n<p>As oportunidades disponibilizadas visam atender \u00e0s demandas do mercado atual, que busca tanto m\u00e3o de obra qualificada quanto novos talentos sem experi\u00eancia pr\u00e9via.<\/p>\n\n\n\n<p>Em <strong>Sobradinho<\/strong>, destacam-se 90 vagas para ajudante de obras, oferecendo um sal\u00e1rio de R$ 1.639. No <strong>Recanto das Emas<\/strong>, est\u00e3o dispon\u00edveis 40 vagas para servente de obras, com a mesma remunera\u00e7\u00e3o.<\/p>\n\n\n\n<p>Para profissionais com qualifica\u00e7\u00e3o, h\u00e1 33 vagas para bombeiros hidr\u00e1ulicos e outras 33 para eletricistas, com sal\u00e1rios de R$ 2.424; todas as posi\u00e7\u00f5es incluem benef\u00edcios.<\/p>\n\n\n\n<h2 class=\"wp-block-heading\">Processo seletivo aberto&nbsp;<\/h2>\n\n\n\n<p>Para se candidatar, os interessados devem cadastrar seus curr\u00edculos no <strong>aplicativo Carteira de Trabalho Digital <\/strong>(CTPS) ou dirigir-se a uma das 15 <strong>ag\u00eancias do trabalhador <\/strong>espalhadas pelo Distrito Federal, no hor\u00e1rio das 8h \u00e0s 17h.<\/p>\n\n\n\n<p>Mesmo sem uma vaga imediata, o cadastro permanece ativo, facilitando futura compatibiliza\u00e7\u00e3o entre perfis e oportunidades dispon\u00edveis no mercado.<\/p>\n\n\n\n<h2 class=\"wp-block-heading\">Facilidades para empregadores<\/h2>\n\n\n\n<p>Al\u00e9m de candidatos, as ag\u00eancias do trabalhador oferecem suporte a <strong>empresas<\/strong> que desejam registrar suas ofertas. Os empregadores podem se cadastrar pessoalmente nas ag\u00eancias, via e-mail ou atrav\u00e9s do Canal do Empregador, que est\u00e1 dispon\u00edvel no site da Secretaria de Desenvolvimento Econ\u00f4mico, Trabalho e Renda.&nbsp;<\/p>\n","protected":false},"excerpt":{"rendered":"<p>Centenas de vagas est\u00e3o dispon\u00edveis. Veja como participar.<\/p>\n","protected":false},"author":12,"featured_media":13825,"comment_status":"closed","ping_status":"closed","sticky":false,"template":"","format":"standard","meta":{"jnews-multi-image_gallery":[],"jnews_single_post":{"format":"standard"},"jnews_primary_category":[],"jnews_social_meta":[],"jnews_override_counter":[],"jnews_post_split":[],"footnotes":""},"categories":[1],"tags":[],"class_list":["post-17582","post","type-post","status-publish","format-standard","has-post-thumbnail","hentry","category-geral"],"_referencia":"","_links":{"self":[{"href":"https:\/\/diariodocomercio.com.br\/mix\/wp-json\/wp\/v2\/posts\/17582","targetHints":{"allow":["GET"]}}],"collection":[{"href":"https:\/\/diariodocomercio.com.br\/mix\/wp-json\/wp\/v2\/posts"}],"about":[{"href":"https:\/\/diariodocomercio.com.br\/mix\/wp-json\/wp\/v2\/types\/post"}],"author":[{"embeddable":true,"href":"https:\/\/diariodocomercio.com.br\/mix\/wp-json\/wp\/v2\/users\/12"}],"replies":[{"embeddable":true,"href":"https:\/\/diariodocomercio.com.br\/mix\/wp-json\/wp\/v2\/comments?post=17582"}],"version-history":[{"count":1,"href":"https:\/\/diariodocomercio.com.br\/mix\/wp-json\/wp\/v2\/posts\/17582\/revisions"}],"predecessor-version":[{"id":17583,"href":"https:\/\/diariodocomercio.com.br\/mix\/wp-json\/wp\/v2\/posts\/17582\/revisions\/17583"}],"wp:featuredmedia":[{"embeddable":true,"href":"https:\/\/diariodocomercio.com.br\/mix\/wp-json\/wp\/v2\/media\/13825"}],"wp:attachment":[{"href":"https:\/\/diariodocomercio.com.br\/mix\/wp-json\/wp\/v2\/media?parent=17582"}],"wp:term":[{"taxonomy":"category","embeddable":true,"href":"https:\/\/diariodocomercio.com.br\/mix\/wp-json\/wp\/v2\/categories?post=17582"},{"taxonomy":"post_tag","embeddable":true,"href":"https:\/\/diariodocomercio.com.br\/mix\/wp-json\/wp\/v2\/tags?post=17582"}],"curies":[{"name":"wp","href":"https:\/\/api.w.org\/{rel}","templated":true}]}}