{"id":17586,"date":"2025-08-31T18:08:00","date_gmt":"2025-08-31T21:08:00","guid":{"rendered":"https:\/\/diariodocomercio.com.br\/mix\/?p=17586"},"modified":"2025-08-29T18:56:30","modified_gmt":"2025-08-29T21:56:30","slug":"alimento-numero-1-na-asia-foi-trazido-ao-brasil-e-e-delicioso","status":"publish","type":"post","link":"https:\/\/diariodocomercio.com.br\/mix\/alimento-numero-1-na-asia-foi-trazido-ao-brasil-e-e-delicioso\/","title":{"rendered":"Alimento n\u00famero 1 na \u00c1sia foi trazido ao Brasil e \u00e9 delicioso"},"content":{"rendered":"\n<p>A<strong> hist\u00f3ria do arroz no Brasil,<\/strong> introduzido pelos portugueses no s\u00e9culo XVI, destaca-se como um exemplo de transforma\u00e7\u00f5es significativas na agricultura. Este cereal n\u00e3o apenas enriquece a dieta nacional, mas tamb\u00e9m se afirma como um componente essencial para a economia e sociedade brasileiras.<\/p>\n\n\n\n<p>Verifica\u00e7\u00f5es hist\u00f3ricas revelam que, mesmo antes dos europeus, ind\u00edgenas tupis cultivavam o &#8220;<strong>milho d&#8217;\u00e1gua&#8221;<\/strong>, refletindo a versatilidade do arroz em climas tropicais.<\/p>\n\n\n\n<p>Com o decorrer dos s\u00e9culos, as t\u00e9cnicas de cultivo evolu\u00edram, resultando em variedades mais adaptadas \u00e0s condi\u00e7\u00f5es clim\u00e1ticas e resistentes a pragas.<\/p>\n\n\n<div class=\"wp-block-image\">\n<figure class=\"aligncenter size-large is-resized\"><img decoding=\"async\" width=\"1200\" height=\"800\" src=\"https:\/\/diariodocomercio.com.br\/mix\/wp-content\/uploads\/2025\/08\/rice-2380808_1280-1200x800.jpg\" alt=\"\" class=\"wp-image-16209\" style=\"width:417px;height:auto\" srcset=\"https:\/\/diariodocomercio.com.br\/mix\/wp-content\/uploads\/2025\/08\/rice-2380808_1280-1200x800.jpg 1200w, https:\/\/diariodocomercio.com.br\/mix\/wp-content\/uploads\/2025\/08\/rice-2380808_1280-300x200.jpg 300w, https:\/\/diariodocomercio.com.br\/mix\/wp-content\/uploads\/2025\/08\/rice-2380808_1280-768x512.jpg 768w, https:\/\/diariodocomercio.com.br\/mix\/wp-content\/uploads\/2025\/08\/rice-2380808_1280-150x100.jpg 150w, https:\/\/diariodocomercio.com.br\/mix\/wp-content\/uploads\/2025\/08\/rice-2380808_1280-750x500.jpg 750w, https:\/\/diariodocomercio.com.br\/mix\/wp-content\/uploads\/2025\/08\/rice-2380808_1280-1140x760.jpg 1140w, https:\/\/diariodocomercio.com.br\/mix\/wp-content\/uploads\/2025\/08\/rice-2380808_1280.jpg 1280w\" sizes=\"(max-width: 1200px) 100vw, 1200px\" \/><figcaption class=\"wp-element-caption\">Imagem de g\u00fcnter por Pixabay<\/figcaption><\/figure>\n<\/div>\n\n\n<p>A origem do arroz, um dos gr\u00e3os mais cultivados no mundo, \u00e9 a<strong> \u00c1sia<\/strong>. L\u00e1, \u00e9 o alimento mais consumido, geralmente acompanhado de vegetais, carnes e frutos do mar.<\/p>\n\n\n\n<h2 class=\"wp-block-heading\">Trajet\u00f3ria do arroz no Brasil<\/h2>\n\n\n\n<p>Introduzido no per\u00edodo colonial, o arroz rapidamente se integrou \u00e0 agricultura local, competindo com outras culturas como a cana-de-a\u00e7\u00facar. Dados hist\u00f3ricos mostram que colonos portugueses rapidamente reconheceram o potencial do arroz no Brasil.<\/p>\n\n\n\n<p>Al\u00e9m de atender ao mercado interno, o arroz brasileiro se tornou importante no mercado externo, sustentando pr\u00e1ticas econ\u00f4micas e sociais.<\/p>\n\n\n\n<p>A rizicultura avan\u00e7ou no s\u00e9culo XX com <strong>melhoramentos gen\u00e9ticos<\/strong> e introdu\u00e7\u00e3o de<strong> t\u00e9cnicas modernas de cultivo<\/strong>. Isso garantiu a produtividade e elevou o status do arroz como pilar econ\u00f4mico. A Embrapa, por exemplo, foi crucial ao desenvolver novas cultivares que atendem \u00e0 demanda nacional e internacional, consolidando a posi\u00e7\u00e3o do Brasil na rizicultura global.<\/p>\n\n\n\n<p>Ao longo do tempo, o arroz no Brasil evoluiu com tecnologias que incrementaram sua produ\u00e7\u00e3o. Pr\u00e1ticas como irriga\u00e7\u00e3o eficiente e uso seguro de defensivos qu\u00edmicos otimizaram o cultivo. As pr\u00e1ticas sustent\u00e1veis s\u00e3o essenciais, pois equilibram a produtividade com a preserva\u00e7\u00e3o ambiental.&nbsp;<\/p>\n","protected":false},"excerpt":{"rendered":"<p>Trazido por estrangeiros, alimento hoje \u00e9 indispens\u00e1vel no Brasil.<\/p>\n","protected":false},"author":12,"featured_media":17587,"comment_status":"closed","ping_status":"closed","sticky":false,"template":"","format":"standard","meta":{"jnews-multi-image_gallery":[],"jnews_single_post":{"format":"standard"},"jnews_primary_category":[],"jnews_social_meta":[],"jnews_override_counter":[],"jnews_post_split":[],"footnotes":""},"categories":[1],"tags":[],"class_list":["post-17586","post","type-post","status-publish","format-standard","has-post-thumbnail","hentry","category-geral"],"_referencia":"","_links":{"self":[{"href":"https:\/\/diariodocomercio.com.br\/mix\/wp-json\/wp\/v2\/posts\/17586","targetHints":{"allow":["GET"]}}],"collection":[{"href":"https:\/\/diariodocomercio.com.br\/mix\/wp-json\/wp\/v2\/posts"}],"about":[{"href":"https:\/\/diariodocomercio.com.br\/mix\/wp-json\/wp\/v2\/types\/post"}],"author":[{"embeddable":true,"href":"https:\/\/diariodocomercio.com.br\/mix\/wp-json\/wp\/v2\/users\/12"}],"replies":[{"embeddable":true,"href":"https:\/\/diariodocomercio.com.br\/mix\/wp-json\/wp\/v2\/comments?post=17586"}],"version-history":[{"count":1,"href":"https:\/\/diariodocomercio.com.br\/mix\/wp-json\/wp\/v2\/posts\/17586\/revisions"}],"predecessor-version":[{"id":17589,"href":"https:\/\/diariodocomercio.com.br\/mix\/wp-json\/wp\/v2\/posts\/17586\/revisions\/17589"}],"wp:featuredmedia":[{"embeddable":true,"href":"https:\/\/diariodocomercio.com.br\/mix\/wp-json\/wp\/v2\/media\/17587"}],"wp:attachment":[{"href":"https:\/\/diariodocomercio.com.br\/mix\/wp-json\/wp\/v2\/media?parent=17586"}],"wp:term":[{"taxonomy":"category","embeddable":true,"href":"https:\/\/diariodocomercio.com.br\/mix\/wp-json\/wp\/v2\/categories?post=17586"},{"taxonomy":"post_tag","embeddable":true,"href":"https:\/\/diariodocomercio.com.br\/mix\/wp-json\/wp\/v2\/tags?post=17586"}],"curies":[{"name":"wp","href":"https:\/\/api.w.org\/{rel}","templated":true}]}}