{"id":17602,"date":"2025-08-31T17:05:00","date_gmt":"2025-08-31T20:05:00","guid":{"rendered":"https:\/\/diariodocomercio.com.br\/mix\/?p=17602"},"modified":"2025-08-29T22:32:51","modified_gmt":"2025-08-30T01:32:51","slug":"cientistas-descobrem-um-dos-crustaceos-mais-antigos-do-mundo","status":"publish","type":"post","link":"https:\/\/diariodocomercio.com.br\/mix\/cientistas-descobrem-um-dos-crustaceos-mais-antigos-do-mundo\/","title":{"rendered":"Cientistas descobrem um dos crust\u00e1ceos mais antigos do mundo"},"content":{"rendered":"\n<p>Um grupo de pesquisadores brasileiros encontrou um dos f\u00f3sseis de crust\u00e1ceos mais antigos do mundo. O f\u00f3ssil em quest\u00e3o \u00e9 de um caranguejo que teria vivido h\u00e1 cerca de 85 milh\u00f5es de anos. O item foi encontrado na Ilha James Ross, na Art\u00e1rtica.<\/p>\n\n\n\n<p>De acordo com o <em>UOL<\/em>, a descoberta aconteceu durante a 41\u00aa Opera\u00e7\u00e3o Ant\u00e1rtica Brasileira, em que um grupo de pesquisadores ficou isolado por 32 dias em um acampamento cient\u00edfico. O grupo inclu\u00eda cientistas da Unesp (Universidade Estadual Paulista), Ufes (Universidade Federal do Esp\u00edrito Santo) e da USP (Universidade de S\u00e3o Paulo), com apoio log\u00edstico da Marinha do Brasil.<\/p>\n\n\n\n<p><em>&#8220;A descoberta levanta quest\u00f5es sobre quantas esp\u00e9cies semelhantes habitaram a Ant\u00e1rtica e por quais rotas marinhas chegaram at\u00e9 o continente&#8221;<\/em>, destaca o <em>UOL<\/em>.<\/p>\n\n\n\n<h2 class=\"wp-block-heading\">F\u00f3ssil de crust\u00e1ceo se destaca por estado de preserva\u00e7\u00e3o<\/h2>\n\n\n\n<p>Al\u00e9m do fato de ser t\u00e3o antigo, o que chamou muita aten\u00e7\u00e3o nesse f\u00f3ssil descoberto \u00e9 o estado de preserva\u00e7\u00e3o incomum do crust\u00e1ceo. <em>&#8220;Ele est\u00e1 bem preservado, incluindo partes raras como o ventre e as patas traseiras, detalhes dificilmente encontrados em f\u00f3sseis de caranguejos&#8221;<\/em>, explicou Daniel Lima, paleont\u00f3logo da Universidade Regional do Cariri (Urca), \u00e0 <em>Superinteressante<\/em>.<\/p>\n\n\n\n<p>O caranguejo, batizado de <em>Sabellidromites santamarta<\/em>, vivia em uma Ant\u00e1rtica muito diferente da que conhecemos hoje. A Ant\u00e1rtica em que ele viva era quente, \u00famida e cobertas por rios, mares e florestas. O animal encontrado pertence \u00e0 fam\u00edlia <em>Dynomenidae<\/em>, que antigamente era muito mais diversa e abundante no passado, mas, atualmente, esp\u00e9cies da fam\u00edlia sobrevivem apenas em locais restritos.<\/p>\n\n\n\n<p>De acordo com o paleont\u00f3logo Daniel Lima, atualmente existem apenas 22 esp\u00e9cies viventes e 42 f\u00f3sseis dessa fam\u00edlia.<\/p>\n\n\n\n<style>@media (min-width: 992px) {\n    .recomendadorV2Area1 {\n        width: 280px;\n    }\n    .recomendadorV2Area2 {\n        padding: 0px 20px;\n        width: calc(100% - 280px);\n    }\n}\n\n@media (max-width: 992px) {\n    .recomendadorV2Button {\n        margin: 0 auto;\n    }\n    .recomendadorV2Area {\n        flex-direction: column;\n        text-align: center;\n    }\n    .recomendadorV2Area2 {\n        padding: 0px 20px;\n    }\n}\n\n.recomendadorV2Area {\n    background: #eeeeee3d;\n    border-radius: 10px;\n    padding: 15px;\n    display: flex;\n    margin: 15px auto;\n    border: 1px solid #00000014;\n    max-width: 800px;\n}\n\n.recomendadorV2Area1 img {\n    width: 280px;\n    height: auto;\n    border-radius: 8px;\n}\n\n.linkrecomendadorv2 {\n    text-decoration: none !important;\n}\n\n.recomendadorV2Area2 .recomendadorV2Type {\n    text-transform: uppercase;\n    font-weight: 500;\n    font-size: 11px;\n    letter-spacing: 2px;\n    color: #666;\n    margin: 12px 0;\n    display: block;\n}\n\n.recomendadorV2Title h2 {\n    padding-top: 0px !important;\n    margin: 0px !important;\n    border-left: none !important;\n    padding-left: 0px !important;\n    line-height: 1.3;\n    color: #000 !important;\n    font-size: 24px;\n    margin-bottom: 12px !important;\n}\n\n.recomendadorV2Desc {\n    color: #333;\n    margin: 12px 0px !important;\n    font-size: 15px;\n    line-height: 1.5;\n}\n\n.recomendadorV2Button {\n    width: auto;\n    max-width: 200px;\n    margin: 0;\n    display: inline-flex;\n    align-items: center;\n    background: #1D3557;\n    border-radius: 8px;\n    color: #fff;\n    height: 36px;\n    justify-content: center;\n    text-align: center;\n    font-size: 14px;\n    padding: 0 20px;\n    transition: background-color 0.2s ease;\n}\n\n.recomendadorV2Button:hover {\n    background: #2a4d7a;\n}\n\n.recomendadorV2Button:after {\n    margin-top: -2px;\n    content: \"\u2192\";\n    padding: 0px 0px 0px 8px;\n}\n\n.recomendadorV2Alert {\n    text-align: left;\n    font-size: 11px;\n    margin-top: 8px;\n    color: #666;\n}\n\n.recomendadorFixedArea {\n    width: 100%;\n    display: flex;\n    justify-content: center;\n    align-items: center;\n}\n\n@media (min-width: 992px) {\n    #recomendadorFixed {\n        width: 32% !important;\n        left: 5%;\n    }\n    .recomendadorCloseFixed{\n        right: inherit !important;\n        left: 378px !important;\n    }\n}\n\n#recomendadorFixed {\n    width: 90%;\n    box-shadow: 0 10px 20px 0px #00000057;\n    display: none;\n    height: 90px;\n    background: #F6F6F6;\n    position: fixed;\n    flex-direction: row;\n    bottom: 10px;\n    z-index: 9999;\n    border-radius: 16px;\n    padding: 7px 10px;\n}\n\n.recomendadorLeftArea {\n    width: 160px;\n}\n\n.recomendadorRightArea h2 {\n    padding-top: 0px;\n    margin: 2px 0px 4px 0px !important;\n    font-weight: 400;\n    text-align: center;\n    padding-left: 0px !important;\n    color: #000 !important;\n    border-left: none !important;\n    line-height: 20px;\n    font-size: 12px !important;\n}\n\n.recomendadorImgFixed {\n    overflow: hidden;\n    padding: 8px 6px;\n    height: 100%;\n}\n\n.recomendadorImgFixed img {\n    height: 100% !important;\n    border-radius: 16px;\n}\n\n.recomendadorRightArea {\n    padding-top: 6px;\n    display: flex;\n    width: calc(100% - 130px);\n    justify-content: space-between;\n    align-items: center;\n    flex-direction: column;\n}\n\n.recomendadorButtonFixed {\n    margin: 0 auto;\n    background: #1D3557;\n    width: 80%;\n    text-align: center;\n    font-size: 10px;\n    color: #FFF;\n    padding: 2px 10px;\n    border-radius: 3px;\n}\n\n.recomendadorButtonFixed:after {\n    margin-top: -3px;\n    content: \"\u2192\";\n    padding: 0px 0px 0px 10px;\n}\n\n.recomendadorAlertFixed {\n    font-weight: 400;\n    text-align: center;\n    color: #484848;\n    font-size: 8px;\n}\n\n.recomendadorCloseFixed {\n    z-index: 99999;\n    display: none;\n    right: 0px;\n    left: inherit;\n    bottom: 99px;\n    position: fixed;\n    justify-content: center;\n    background: #F6F6F6;\n    width: 25px;\n    align-items: center;\n    height: 25px;\n    font-weight: 800;\n    border-radius: 50%;\n    border: 1px solid #EBEBEB;\n}\n\n.recomendadorV2Desc{\n    color: #000000;\n    margin: 20px 0px;\n}\n\n@media (max-width: 576px) {\n    .recomendadorV2Area {\n      padding: 10px;\n      max-width: 100%;\n    }\n  \n    .recomendadorV2Area1 img {\n      width: 100%;\n      border-radius: 6px;\n    }\n  \n    .recomendadorV2Area2 .recomendadorV2Type {\n      font-size: 9px;\n      letter-spacing: 1px;\n      margin: 8px 0;\n    }\n  \n    .recomendadorV2Title h2 {\n      font-size: 18px !important;\n      margin-bottom: 8px !important;\n      line-height: 1.2;\n    }\n  \n    .recomendadorV2Desc {\n      font-size: 14px;\n      margin: 8px 0 !important;\n      line-height: 1.4;\n    }\n  \n    .recomendadorV2Button {\n      font-size: 14px;\n      height: 40px;\n      padding: 0 12px;\n      max-width: 100%;\n      width: 100%;\n    }\n  \n    .recomendadorV2Button:after {\n      padding-left: 6px;\n    }\n  }\n  <\/style>\n        <div class=\"lazyblock-recomendador-v2-2jDGz wp-block-lazyblock-recomendador-v2\">\n        <a class=\"linkrecomendadorv2\" href=\"https:\/\/diariodocomercio.com.br\/mix\/esse-aliado-poderoso-para-cuidar-de-plantas-esta-na-sua-cozinha\/\">\n            <div class=\"recomendadorV2Area\">\n            <div class=\"recomendadorV2Area1\">\n                <div class=\"recomendadorV2Img\">\n                <img class=\"lazyloaded\" decoding=\"async\" src=\"https:\/\/diariodocomercio.com.br\/mix\/wp-content\/uploads\/2025\/08\/plantas.jpg\" data-src=\"https:\/\/diariodocomercio.com.br\/mix\/wp-content\/uploads\/2025\/08\/plantas.jpg\" alt=\"\">\n                <\/div>\n            <\/div>\n            <div class=\"recomendadorV2Area2\">\n                <div class=\"recomendadorV2Type\">\n                    <span>PLANTAS<\/span>\n                <\/div>\n                <div class=\"recomendadorV2Title\">\n                <h2><span>Esse aliado poderoso para cuidar de plantas est\u00e1 na sua cozinha<\/span><\/h2>\n                <\/div>\n                <div class=\"recomendadorV2Desc\">\n                <span>Voc\u00ea sabia que o bicarbonato de s\u00f3dio pode ser um \u00f3timo aliado para cuidar das suas plantas? Entenda melhor como \u2026<\/span>\n                <\/div>\n                <div class=\"recomendadorV2Button\">Leia mais<\/div>\n                <div class=\"recomendadorV2Alert\"><\/div>\n            <\/div>\n            <\/div>\n        <\/a>\n        <div>\n            <div style=\"z-index:99999;\" id=\"buttonClose\" onclick=\"closeRecomendadorFixed()\">\n            <div class=\"recomendadorCloseFixed\">X<\/div>\n            <\/div>\n            <a href=\"https:\/\/diariodocomercio.com.br\/mix\/esse-aliado-poderoso-para-cuidar-de-plantas-esta-na-sua-cozinha\/\">\n            <div class=\"recomendadorFixedArea\">\n                <div id=\"recomendadorFixed\">\n                <div class=\"recomendadorLeftArea\">\n                    <div class=\"recomendadorImgFixed\">\n                    <img class=\"lazyload\" decoding=\"async\" src=\"https:\/\/diariodocomercio.com.br\/mix\/wp-content\/uploads\/2025\/08\/plantas.jpg\" alt=\"\">\n                    <\/div>\n                <\/div>\n                <div class=\"recomendadorRightArea\">\n                    <div class=\"recomendadorTitleFixed\">\n                    <h2><span>Esse aliado poderoso para cuidar de plantas est\u00e1 na sua cozinha<\/span><\/h2>\n                    <\/div>\n                    <div class=\"recomendadorButtonFixed\">Leia mais<\/div>\n                    <div class=\"recomendadorAlertFixed\"><\/div>\n                <\/div>\n                <\/div>\n            <\/div>\n            <\/a>\n        <\/div>\n        <\/div>\n","protected":false},"excerpt":{"rendered":"<p>Um grupo de pesquisadores brasileiros encontrou um dos f\u00f3sseis de crust\u00e1ceos mais antigos do mundo. O f\u00f3ssil em quest\u00e3o \u00e9 de um caranguejo que teria vivido h\u00e1 cerca de 85 milh\u00f5es de anos. O item foi encontrado na Ilha James Ross, na Art\u00e1rtica. De acordo com o UOL, a descoberta aconteceu durante a 41\u00aa Opera\u00e7\u00e3o [&hellip;]<\/p>\n","protected":false},"author":6,"featured_media":17603,"comment_status":"closed","ping_status":"closed","sticky":false,"template":"","format":"standard","meta":{"jnews-multi-image_gallery":[],"jnews_single_post":{"format":"standard"},"jnews_primary_category":[],"jnews_social_meta":[],"jnews_override_counter":[],"jnews_post_split":[],"footnotes":""},"categories":[1],"tags":[],"class_list":["post-17602","post","type-post","status-publish","format-standard","has-post-thumbnail","hentry","category-geral"],"_referencia":"","_links":{"self":[{"href":"https:\/\/diariodocomercio.com.br\/mix\/wp-json\/wp\/v2\/posts\/17602","targetHints":{"allow":["GET"]}}],"collection":[{"href":"https:\/\/diariodocomercio.com.br\/mix\/wp-json\/wp\/v2\/posts"}],"about":[{"href":"https:\/\/diariodocomercio.com.br\/mix\/wp-json\/wp\/v2\/types\/post"}],"author":[{"embeddable":true,"href":"https:\/\/diariodocomercio.com.br\/mix\/wp-json\/wp\/v2\/users\/6"}],"replies":[{"embeddable":true,"href":"https:\/\/diariodocomercio.com.br\/mix\/wp-json\/wp\/v2\/comments?post=17602"}],"version-history":[{"count":1,"href":"https:\/\/diariodocomercio.com.br\/mix\/wp-json\/wp\/v2\/posts\/17602\/revisions"}],"predecessor-version":[{"id":17604,"href":"https:\/\/diariodocomercio.com.br\/mix\/wp-json\/wp\/v2\/posts\/17602\/revisions\/17604"}],"wp:featuredmedia":[{"embeddable":true,"href":"https:\/\/diariodocomercio.com.br\/mix\/wp-json\/wp\/v2\/media\/17603"}],"wp:attachment":[{"href":"https:\/\/diariodocomercio.com.br\/mix\/wp-json\/wp\/v2\/media?parent=17602"}],"wp:term":[{"taxonomy":"category","embeddable":true,"href":"https:\/\/diariodocomercio.com.br\/mix\/wp-json\/wp\/v2\/categories?post=17602"},{"taxonomy":"post_tag","embeddable":true,"href":"https:\/\/diariodocomercio.com.br\/mix\/wp-json\/wp\/v2\/tags?post=17602"}],"curies":[{"name":"wp","href":"https:\/\/api.w.org\/{rel}","templated":true}]}}