{"id":1872,"date":"2025-02-01T09:30:00","date_gmt":"2025-02-01T12:30:00","guid":{"rendered":"https:\/\/diariodocomercio.com.br\/mix\/?p=1872"},"modified":"2025-01-31T19:57:55","modified_gmt":"2025-01-31T22:57:55","slug":"red-dye-3-corante-vermelho-que-foi-proibido-nos-estados-unidos-e-permitido-no-brasil","status":"publish","type":"post","link":"https:\/\/diariodocomercio.com.br\/mix\/red-dye-3-corante-vermelho-que-foi-proibido-nos-estados-unidos-e-permitido-no-brasil\/","title":{"rendered":"Red Dye 3: corante vermelho que foi proibido nos Estados Unidos \u00e9 permitido no Brasil?"},"content":{"rendered":"\n<p>A Ag\u00eancia de Alimentos e Medicamentos dos Estados Unidos, FDA, proibiu o uso de mais um corante vermelho sint\u00e9tico, que era usado para colorir alimentos e bebidas para dar-lhes uma tonalidade vermelho-cereja brilhante. De acordo com a ag\u00eancia, o componente era conhecido pelo nome Red Dye 3, que tamb\u00e9m pode ser encontrado por vermelho n\u00ba 3 ou corante vermelho 3.&nbsp;<\/p>\n\n\n\n<p>Ap\u00f3s resultados preocupantes com ratos, a legisla\u00e7\u00e3o norte-americana exige a proibi\u00e7\u00e3o caso seja encontrada qualquer liga\u00e7\u00e3o com o c\u00e2ncer. Apesar da exposi\u00e7\u00e3o com esse componente em humanos ser menor do que nos animais testados, a lei obriga a FDA a emitir um comunicado para as empresas. Esse corante era usado principalmente em\u00a0doces, bolos, biscoitos, sobremesas congeladas e coberturas, al\u00e9m de alguns medicamentos.<\/p>\n\n\n\n<h2 class=\"wp-block-heading\">Conhe\u00e7a melhor o componente Red Dye 3<\/h2>\n\n\n\n<p>Essa movimenta\u00e7\u00e3o contra esse corante come\u00e7ou em 2022, quando alguns grupos de defesa do consumidor, incluindo Center for Science in the Public Interest, se preocuparam com os resultados dos testes. Desde ent\u00e3o, argumentaram que o corante deveria ser proibido devido \u00e0s suas liga\u00e7\u00f5es com o c\u00e2ncer e seu uso generalizado por consumidores dos EUA, especialmente crian\u00e7as.<\/p>\n\n\n\n<p>A FDA j\u00e1 tinha proibido esse composto na produ\u00e7\u00e3o de cosm\u00e9ticos, h\u00e1 35 anos atr\u00e1s. A Calif\u00f3rnia tamb\u00e9m baniu o aditivo em produtos aliment\u00edcios em outubro de 2023 <em>&#8220;Finalmente, a FDA est\u00e1 acabando com o paradoxo regulat\u00f3rio de que o Red 3 \u00e9 ilegal para uso em batons, mas perfeitamente legal para dar \u00e0s crian\u00e7as na forma de doces&#8221;<\/em>, disse o presidente do grupo, Dr. Peter Lurie, em uma declara\u00e7\u00e3o na quarta-feira.<\/p>\n","protected":false},"excerpt":{"rendered":"<p>A Ag\u00eancia de Alimentos e Medicamentos dos Estados Unidos, FDA, proibiu o uso de mais um corante vermelho sint\u00e9tico, que era usado para colorir alimentos e bebidas para dar-lhes uma tonalidade vermelho-cereja brilhante. De acordo com a ag\u00eancia, o componente era conhecido pelo nome Red Dye 3, que tamb\u00e9m pode ser encontrado por vermelho n\u00ba [&hellip;]<\/p>\n","protected":false},"author":7,"featured_media":1873,"comment_status":"closed","ping_status":"closed","sticky":false,"template":"","format":"standard","meta":{"jnews-multi-image_gallery":[],"jnews_single_post":{"format":"standard"},"jnews_primary_category":[],"jnews_social_meta":[],"jnews_override_counter":[],"jnews_post_split":[],"footnotes":""},"categories":[1],"tags":[],"class_list":["post-1872","post","type-post","status-publish","format-standard","has-post-thumbnail","hentry","category-geral"],"_referencia":"","_links":{"self":[{"href":"https:\/\/diariodocomercio.com.br\/mix\/wp-json\/wp\/v2\/posts\/1872","targetHints":{"allow":["GET"]}}],"collection":[{"href":"https:\/\/diariodocomercio.com.br\/mix\/wp-json\/wp\/v2\/posts"}],"about":[{"href":"https:\/\/diariodocomercio.com.br\/mix\/wp-json\/wp\/v2\/types\/post"}],"author":[{"embeddable":true,"href":"https:\/\/diariodocomercio.com.br\/mix\/wp-json\/wp\/v2\/users\/7"}],"replies":[{"embeddable":true,"href":"https:\/\/diariodocomercio.com.br\/mix\/wp-json\/wp\/v2\/comments?post=1872"}],"version-history":[{"count":1,"href":"https:\/\/diariodocomercio.com.br\/mix\/wp-json\/wp\/v2\/posts\/1872\/revisions"}],"predecessor-version":[{"id":1874,"href":"https:\/\/diariodocomercio.com.br\/mix\/wp-json\/wp\/v2\/posts\/1872\/revisions\/1874"}],"wp:featuredmedia":[{"embeddable":true,"href":"https:\/\/diariodocomercio.com.br\/mix\/wp-json\/wp\/v2\/media\/1873"}],"wp:attachment":[{"href":"https:\/\/diariodocomercio.com.br\/mix\/wp-json\/wp\/v2\/media?parent=1872"}],"wp:term":[{"taxonomy":"category","embeddable":true,"href":"https:\/\/diariodocomercio.com.br\/mix\/wp-json\/wp\/v2\/categories?post=1872"},{"taxonomy":"post_tag","embeddable":true,"href":"https:\/\/diariodocomercio.com.br\/mix\/wp-json\/wp\/v2\/tags?post=1872"}],"curies":[{"name":"wp","href":"https:\/\/api.w.org\/{rel}","templated":true}]}}