{"id":1919,"date":"2025-02-01T20:49:49","date_gmt":"2025-02-01T23:49:49","guid":{"rendered":"https:\/\/diariodocomercio.com.br\/mix\/?p=1919"},"modified":"2025-01-31T19:58:13","modified_gmt":"2025-01-31T22:58:13","slug":"brasil-tem-2-dos-10-melhores-destinos-de-viagem-da-america-do-sul","status":"publish","type":"post","link":"https:\/\/diariodocomercio.com.br\/mix\/brasil-tem-2-dos-10-melhores-destinos-de-viagem-da-america-do-sul\/","title":{"rendered":"Brasil tem 2 dos 10 melhores destinos de viagem da Am\u00e9rica do Sul"},"content":{"rendered":"\n<p>Como o Brasil \u00e9 um pa\u00eds tur\u00edstico, \u00e9 poss\u00edvel destacar diversas cidades que s\u00e3o consideradas as melhores para serem visitadas. Pensando nisso, o site de viagem TripAdvisor analisou as op\u00e7\u00f5es, atrav\u00e9s das avalia\u00e7\u00f5es e determinou que a cidade de Gramado, na Serra Ga\u00facha, \u00e9 o segundo melhor destino da Am\u00e9rica do Sul, de acordo com o Travellers\u2019 Choice 2025.&nbsp;<\/p>\n\n\n\n<p>Na lista, a cidade ga\u00facha ganhou de Lima, Rio de Janeiro e Cartagena, que ficam no Top 5, ficando atr\u00e1s apenas de Cusco, no Peru. No TripAdvisor, Gramado \u00e9 descrito como \u201cum ref\u00fagio pitoresco e arborizado que traz algumas surpresas deliciosas\u201d e ainda \u00e9 destacado os parques em\u00e1ticos e atra\u00e7\u00f5es como o Lago Negro e o Mini Mundo. O turismo \u00e9 algo fundamental para a cidade, pois 86% da economia se deve aos turistas.<\/p>\n\n\n\n<p>Diante da alta procura, o setor possui cerca de 216 op\u00e7\u00f5es de hospedagem e mais de 26 mil leitos dispon\u00edveis. Para receber essas pessoas, os visitantes tem uma vasta cartela de restaurantes, com cerca de 300 pelas cidade, para atender com excel\u00eancia turistas de todas as partes do mundo.<\/p>\n\n\n\n<h2 class=\"wp-block-heading\">Rio de Janeiro \u00e9 a 2\u00aa cidade melhor cidade para se visitar no Brasil<\/h2>\n\n\n\n<p>Al\u00e9m de Gramado, a capital carioca segue sendo um dos melhores destinos do pa\u00eds. Para quem procura belas praias e noites animadas, o Rio de Janeiro \u00e9 a op\u00e7\u00e3o favorita para os brasileiros e para turistas internacionais, visto que existem in\u00fameras op\u00e7\u00f5es de hospedagens e de restaurantes.&nbsp;<\/p>\n\n\n\n<h2 class=\"wp-block-heading\">Confira abaixo o Top 10 dos melhores destinos da Am\u00e9rica do Sul\u00a0<\/h2>\n\n\n\n<ol class=\"wp-block-list\">\n<li>Cusco, Peru<\/li>\n\n\n\n<li>Gramado, Brasil<\/li>\n\n\n\n<li>Lima, Peru<\/li>\n\n\n\n<li>Rio de Janeiro, Brasil<\/li>\n\n\n\n<li>Cartagena, Col\u00f4mbia<\/li>\n\n\n\n<li>Medell\u00edn, Col\u00f4mbia<\/li>\n\n\n\n<li>Bogot\u00e1, Col\u00f4mbia<\/li>\n\n\n\n<li>Buenos Aires, Argentina<\/li>\n\n\n\n<li>Quito, Equador<\/li>\n\n\n\n<li>Santiago, Chile<\/li>\n<\/ol>\n","protected":false},"excerpt":{"rendered":"<p>Como o Brasil \u00e9 um pa\u00eds tur\u00edstico, \u00e9 poss\u00edvel destacar diversas cidades que s\u00e3o consideradas as melhores para serem visitadas. Pensando nisso, o site de viagem TripAdvisor analisou as op\u00e7\u00f5es, atrav\u00e9s das avalia\u00e7\u00f5es e determinou que a cidade de Gramado, na Serra Ga\u00facha, \u00e9 o segundo melhor destino da Am\u00e9rica do Sul, de acordo com [&hellip;]<\/p>\n","protected":false},"author":7,"featured_media":1898,"comment_status":"closed","ping_status":"closed","sticky":false,"template":"","format":"standard","meta":{"jnews-multi-image_gallery":[],"jnews_single_post":{"format":"standard"},"jnews_primary_category":[],"jnews_social_meta":[],"jnews_override_counter":[],"jnews_post_split":[],"footnotes":""},"categories":[1],"tags":[],"class_list":["post-1919","post","type-post","status-publish","format-standard","has-post-thumbnail","hentry","category-geral"],"_referencia":"","_links":{"self":[{"href":"https:\/\/diariodocomercio.com.br\/mix\/wp-json\/wp\/v2\/posts\/1919","targetHints":{"allow":["GET"]}}],"collection":[{"href":"https:\/\/diariodocomercio.com.br\/mix\/wp-json\/wp\/v2\/posts"}],"about":[{"href":"https:\/\/diariodocomercio.com.br\/mix\/wp-json\/wp\/v2\/types\/post"}],"author":[{"embeddable":true,"href":"https:\/\/diariodocomercio.com.br\/mix\/wp-json\/wp\/v2\/users\/7"}],"replies":[{"embeddable":true,"href":"https:\/\/diariodocomercio.com.br\/mix\/wp-json\/wp\/v2\/comments?post=1919"}],"version-history":[{"count":1,"href":"https:\/\/diariodocomercio.com.br\/mix\/wp-json\/wp\/v2\/posts\/1919\/revisions"}],"predecessor-version":[{"id":1920,"href":"https:\/\/diariodocomercio.com.br\/mix\/wp-json\/wp\/v2\/posts\/1919\/revisions\/1920"}],"wp:featuredmedia":[{"embeddable":true,"href":"https:\/\/diariodocomercio.com.br\/mix\/wp-json\/wp\/v2\/media\/1898"}],"wp:attachment":[{"href":"https:\/\/diariodocomercio.com.br\/mix\/wp-json\/wp\/v2\/media?parent=1919"}],"wp:term":[{"taxonomy":"category","embeddable":true,"href":"https:\/\/diariodocomercio.com.br\/mix\/wp-json\/wp\/v2\/categories?post=1919"},{"taxonomy":"post_tag","embeddable":true,"href":"https:\/\/diariodocomercio.com.br\/mix\/wp-json\/wp\/v2\/tags?post=1919"}],"curies":[{"name":"wp","href":"https:\/\/api.w.org\/{rel}","templated":true}]}}