{"id":1983,"date":"2025-02-01T11:20:20","date_gmt":"2025-02-01T14:20:20","guid":{"rendered":"https:\/\/diariodocomercio.com.br\/mix\/?p=1983"},"modified":"2025-01-31T19:51:18","modified_gmt":"2025-01-31T22:51:18","slug":"o-que-e-a-iris-do-olho-entenda-produto-que-esta-sendo-vendido-por-brasileiros","status":"publish","type":"post","link":"https:\/\/diariodocomercio.com.br\/mix\/o-que-e-a-iris-do-olho-entenda-produto-que-esta-sendo-vendido-por-brasileiros\/","title":{"rendered":"O que \u00e9 a \u00edris do olho: entenda &#8220;produto&#8221; que est\u00e1 sendo vendido por brasileiros"},"content":{"rendered":"\n<p>O mercado consegue ser diversificado para tudo e uma novidade est\u00e1 intrigando as pessoas, que \u00e9 a possibilidade de \u201cvender a \u00edris do olho\u201d. Nas \u00faltimas semanas, esse assunto viralizou no TikTok brasileiro, com pessoas mostrando como vender a \u00edris. No entanto, \u00e9 preciso ter cuidado e entender o que est\u00e1 por tr\u00e1s disso, al\u00e9m do benef\u00edcio de receber dinheiro.&nbsp;<\/p>\n\n\n\n<p>Diante da repercuss\u00e3o, diversos portais nacionais est\u00e3o alertando sobre as controv\u00e9rsias dessa promessa de benef\u00edcios financeiros e maior seguran\u00e7a online, que est\u00e3o por tr\u00e1s da ideia de vender a biometria. De acordo com as apura\u00e7\u00f5es, as pessoas passaram a ter acesso ao aplicativo de informa\u00e7\u00f5es de como vender e se locomovem para regi\u00f5es como a Avenida Paulista para aceitarem o acordo.&nbsp;<\/p>\n\n\n\n<h2 class=\"wp-block-heading\">Quais os riscos de vender \u00edris do olho?<\/h2>\n\n\n\n<p>A \u00edris \u00e9 a parte colorida do olho e possui um padr\u00e3o \u00fanico para cada indiv\u00edduo, o que torna ainda mais valiosos esse mecanismo, ainda mais com o avan\u00e7o da tecnologia que usa a biometria facial como forma de seguran\u00e7a para acessar celulares, institui\u00e7\u00f5es financeiras e outros documentos importantes.&nbsp;<\/p>\n\n\n\n<p>Quem est\u00e1 comandando esse mecanismo \u00e9 a empresa World Foundation, que tem como um de seus fundadores o CEO da OpenAI, Sam Altman. O projeto intitulado World ID tem como objetivo criar uma identidade biom\u00e9trica \u201cuniversal\u201d com a promessa de oferecer maior seguran\u00e7a nas redes. No entanto, a empresa n\u00e3o \u00e9 transparente em alguns pontos, mesmo afirmando que n\u00e3o usar\u00e1 os dados das pessoas que est\u00e3o se comprometendo em vender suas iris.&nbsp;<\/p>\n\n\n\n<p>No Brasil, as pessoas interessadas recebem a quantia em bitcoins, o que tamb\u00e9m gera desconfian\u00e7a dos especialistas, no valor equivalente a R$ 700.&nbsp;<\/p>\n","protected":false},"excerpt":{"rendered":"<p>O mercado consegue ser diversificado para tudo e uma novidade est\u00e1 intrigando as pessoas, que \u00e9 a possibilidade de \u201cvender a \u00edris do olho\u201d. Nas \u00faltimas semanas, esse assunto viralizou no TikTok brasileiro, com pessoas mostrando como vender a \u00edris. No entanto, \u00e9 preciso ter cuidado e entender o que est\u00e1 por tr\u00e1s disso, al\u00e9m [&hellip;]<\/p>\n","protected":false},"author":7,"featured_media":1984,"comment_status":"closed","ping_status":"closed","sticky":false,"template":"","format":"standard","meta":{"jnews-multi-image_gallery":[],"jnews_single_post":{"format":"standard"},"jnews_primary_category":[],"jnews_social_meta":[],"jnews_override_counter":[],"jnews_post_split":[],"footnotes":""},"categories":[1],"tags":[],"class_list":["post-1983","post","type-post","status-publish","format-standard","has-post-thumbnail","hentry","category-geral"],"_referencia":"","_links":{"self":[{"href":"https:\/\/diariodocomercio.com.br\/mix\/wp-json\/wp\/v2\/posts\/1983","targetHints":{"allow":["GET"]}}],"collection":[{"href":"https:\/\/diariodocomercio.com.br\/mix\/wp-json\/wp\/v2\/posts"}],"about":[{"href":"https:\/\/diariodocomercio.com.br\/mix\/wp-json\/wp\/v2\/types\/post"}],"author":[{"embeddable":true,"href":"https:\/\/diariodocomercio.com.br\/mix\/wp-json\/wp\/v2\/users\/7"}],"replies":[{"embeddable":true,"href":"https:\/\/diariodocomercio.com.br\/mix\/wp-json\/wp\/v2\/comments?post=1983"}],"version-history":[{"count":1,"href":"https:\/\/diariodocomercio.com.br\/mix\/wp-json\/wp\/v2\/posts\/1983\/revisions"}],"predecessor-version":[{"id":1985,"href":"https:\/\/diariodocomercio.com.br\/mix\/wp-json\/wp\/v2\/posts\/1983\/revisions\/1985"}],"wp:featuredmedia":[{"embeddable":true,"href":"https:\/\/diariodocomercio.com.br\/mix\/wp-json\/wp\/v2\/media\/1984"}],"wp:attachment":[{"href":"https:\/\/diariodocomercio.com.br\/mix\/wp-json\/wp\/v2\/media?parent=1983"}],"wp:term":[{"taxonomy":"category","embeddable":true,"href":"https:\/\/diariodocomercio.com.br\/mix\/wp-json\/wp\/v2\/categories?post=1983"},{"taxonomy":"post_tag","embeddable":true,"href":"https:\/\/diariodocomercio.com.br\/mix\/wp-json\/wp\/v2\/tags?post=1983"}],"curies":[{"name":"wp","href":"https:\/\/api.w.org\/{rel}","templated":true}]}}