{"id":19897,"date":"2025-09-27T18:37:00","date_gmt":"2025-09-27T21:37:00","guid":{"rendered":"https:\/\/diariodocomercio.com.br\/mix\/?p=19897"},"modified":"2025-09-22T16:44:30","modified_gmt":"2025-09-22T19:44:30","slug":"esse-lugar-no-nordeste-e-um-dos-mais-perigosos-do-mundo","status":"publish","type":"post","link":"https:\/\/diariodocomercio.com.br\/mix\/esse-lugar-no-nordeste-e-um-dos-mais-perigosos-do-mundo\/","title":{"rendered":"Esse lugar no Nordeste \u00e9 um dos mais perigosos do mundo"},"content":{"rendered":"\n<p>A 645 km de Salvador, no sert\u00e3o da Bahia, est\u00e1 Caetit\u00e9, um munic\u00edpio de pouco mais de 54 mil habitantes que se tornou estrat\u00e9gico \u2013 e tamb\u00e9m pol\u00eamico \u2013 no mapa da minera\u00e7\u00e3o mundial. \u00c9 ali que funciona a\u00a0<strong>\u00fanica mina de ur\u00e2nio em opera\u00e7\u00e3o no Brasil<\/strong>, conhecida como Lagoa Real, respons\u00e1vel por toda a produ\u00e7\u00e3o nacional de um dos minerais mais radioativos e valiosos do planeta.<\/p>\n\n\n\n<p>Segundo o Instituto Brasileiro de Minera\u00e7\u00e3o (IBRAM), a mina de Caetit\u00e9 produz cerca de&nbsp;<strong>400 toneladas de ur\u00e2nio por ano<\/strong>, em forma de concentrado conhecido como&nbsp;<em>yellowcake<\/em>. O volume pode dobrar, chegando a 800 toneladas anuais, com a abertura de novas frentes de explora\u00e7\u00e3o, como a Mina do Engenho e um projeto de lavra subterr\u00e2nea.<\/p>\n\n\n\n<p>Ap\u00f3s um per\u00edodo de paralisa\u00e7\u00e3o, as opera\u00e7\u00f5es foram retomadas em 2020, com novos licenciamentos ambientais e expans\u00e3o da capacidade produtiva. O munic\u00edpio concentra as duas primeiras etapas do ciclo do combust\u00edvel nuclear: a lavra e o beneficiamento.<\/p>\n\n\n\n<h2 class=\"wp-block-heading\"><strong>Brasil no ranking mundial<\/strong><\/h2>\n\n\n\n<p>De acordo com o&nbsp;<strong>Red Book 2024 (IAEA\/NEA)<\/strong>, o Brasil possui 167,8 mil toneladas de ur\u00e2nio em reservas conhecidas, o que representa cerca de&nbsp;<strong>3% do total mundial<\/strong>. Esse volume coloca o pa\u00eds na&nbsp;<strong>9\u00aa posi\u00e7\u00e3o global<\/strong>, atr\u00e1s de pot\u00eancias como Austr\u00e1lia, Cazaquist\u00e3o e Canad\u00e1. S\u00f3 em Lagoa Real, os estudos j\u00e1 apontam recursos de mais de 99 mil toneladas, refor\u00e7ando o potencial estrat\u00e9gico da regi\u00e3o.<\/p>\n\n\n\n<p>O&nbsp;<strong>Plano Decenal de Geologia (PLANGEO 2026\u20132035)<\/strong>&nbsp;prev\u00ea novos levantamentos para ampliar a explora\u00e7\u00e3o mineral e elevar o Brasil no ranking internacional.<\/p>\n\n\n\n<h2 class=\"wp-block-heading\"><strong>Projetos futuros<\/strong><\/h2>\n\n\n\n<p>Al\u00e9m da Bahia, outro polo pode ganhar destaque: o projeto de\u00a0<strong>Santa Quit\u00e9ria, no Cear\u00e1<\/strong>, que prev\u00ea produ\u00e7\u00e3o de 2,3 mil toneladas de concentrado de ur\u00e2nio por ano. <\/p>\n\n\n\n<p>A iniciativa, em parceria da Ind\u00fastrias Nucleares do Brasil (INB) com a Galvani, ainda est\u00e1 em fase de licenciamento ambiental. Caso avance, reduzir\u00e1 a depend\u00eancia de importa\u00e7\u00f5es e ampliar\u00e1 a oferta de fertilizantes fosfatados.<\/p>\n\n\n\n<h2 class=\"wp-block-heading\"><strong>Riqueza e risco<\/strong><\/h2>\n\n\n\n<p>Embora Caetit\u00e9 seja refer\u00eancia mundial em ur\u00e2nio, a presen\u00e7a do mineral altamente radioativo desperta preocupa\u00e7\u00f5es. Ambientalistas e moradores questionam os impactos da minera\u00e7\u00e3o sobre a sa\u00fade da popula\u00e7\u00e3o e os recursos h\u00eddricos da regi\u00e3o.<\/p>\n\n\n\n<p>Para o governo e o setor mineral, entretanto, a explora\u00e7\u00e3o \u00e9 vista como&nbsp;<strong>estrat\u00e9gica para o futuro energ\u00e9tico e agr\u00edcola do pa\u00eds<\/strong>, especialmente diante da expans\u00e3o da energia nuclear e da demanda por fertilizantes.<\/p>\n","protected":false},"excerpt":{"rendered":"<p>A 645 km de Salvador, no sert\u00e3o da Bahia, est\u00e1 Caetit\u00e9, um munic\u00edpio de pouco mais de 54 mil habitantes que se tornou estrat\u00e9gico \u2013 e tamb\u00e9m pol\u00eamico \u2013 no mapa da minera\u00e7\u00e3o mundial. \u00c9 ali que funciona a\u00a0\u00fanica mina de ur\u00e2nio em opera\u00e7\u00e3o no Brasil, conhecida como Lagoa Real, respons\u00e1vel por toda a produ\u00e7\u00e3o [&hellip;]<\/p>\n","protected":false},"author":9,"featured_media":19898,"comment_status":"closed","ping_status":"closed","sticky":false,"template":"","format":"standard","meta":{"jnews-multi-image_gallery":[],"jnews_single_post":{"format":"standard"},"jnews_primary_category":[],"jnews_social_meta":[],"jnews_override_counter":[],"jnews_post_split":[],"footnotes":""},"categories":[1],"tags":[],"class_list":["post-19897","post","type-post","status-publish","format-standard","has-post-thumbnail","hentry","category-geral"],"_referencia":"","_links":{"self":[{"href":"https:\/\/diariodocomercio.com.br\/mix\/wp-json\/wp\/v2\/posts\/19897","targetHints":{"allow":["GET"]}}],"collection":[{"href":"https:\/\/diariodocomercio.com.br\/mix\/wp-json\/wp\/v2\/posts"}],"about":[{"href":"https:\/\/diariodocomercio.com.br\/mix\/wp-json\/wp\/v2\/types\/post"}],"author":[{"embeddable":true,"href":"https:\/\/diariodocomercio.com.br\/mix\/wp-json\/wp\/v2\/users\/9"}],"replies":[{"embeddable":true,"href":"https:\/\/diariodocomercio.com.br\/mix\/wp-json\/wp\/v2\/comments?post=19897"}],"version-history":[{"count":1,"href":"https:\/\/diariodocomercio.com.br\/mix\/wp-json\/wp\/v2\/posts\/19897\/revisions"}],"predecessor-version":[{"id":19899,"href":"https:\/\/diariodocomercio.com.br\/mix\/wp-json\/wp\/v2\/posts\/19897\/revisions\/19899"}],"wp:featuredmedia":[{"embeddable":true,"href":"https:\/\/diariodocomercio.com.br\/mix\/wp-json\/wp\/v2\/media\/19898"}],"wp:attachment":[{"href":"https:\/\/diariodocomercio.com.br\/mix\/wp-json\/wp\/v2\/media?parent=19897"}],"wp:term":[{"taxonomy":"category","embeddable":true,"href":"https:\/\/diariodocomercio.com.br\/mix\/wp-json\/wp\/v2\/categories?post=19897"},{"taxonomy":"post_tag","embeddable":true,"href":"https:\/\/diariodocomercio.com.br\/mix\/wp-json\/wp\/v2\/tags?post=19897"}],"curies":[{"name":"wp","href":"https:\/\/api.w.org\/{rel}","templated":true}]}}