{"id":19908,"date":"2025-09-27T19:32:00","date_gmt":"2025-09-27T22:32:00","guid":{"rendered":"https:\/\/diariodocomercio.com.br\/mix\/?p=19908"},"modified":"2025-09-22T18:58:43","modified_gmt":"2025-09-22T21:58:43","slug":"80-anos-veja-qual-a-expectativa-de-vida-atual-no-brasil","status":"publish","type":"post","link":"https:\/\/diariodocomercio.com.br\/mix\/80-anos-veja-qual-a-expectativa-de-vida-atual-no-brasil\/","title":{"rendered":"80 anos? Veja qual a expectativa de vida atual no Brasil"},"content":{"rendered":"\n<p>A expectativa de vida no Brasil em 2023 alcan\u00e7ou <strong>76,4 anos<\/strong>, conforme dados do Instituto Brasileiro de Geografia e Estat\u00edstica (IBGE). Este aumento significativo em rela\u00e7\u00e3o ao ano anterior, quando a m\u00e9dia era de 75,5 anos, reflete melhorias concretas na sa\u00fade p\u00fablica e em pol\u00edticas sociais.<\/p>\n\n\n\n<p>Essas mudan\u00e7as s\u00e3o fundamentais para entender a transforma\u00e7\u00e3o demogr\u00e1fica no pa\u00eds. A recupera\u00e7\u00e3o dos n\u00edveis pr\u00e9-pandemia \u2014 de 76,2 anos em 2019 \u2014 \u00e9 um marco crucial n\u00e3o apenas para o Brasil, mas possui repercuss\u00f5es em esfor\u00e7os globais de planejamento de pol\u00edticas p\u00fablicas.<\/p>\n\n\n\n<h2 class=\"wp-block-heading\">An\u00e1lise de g\u00eanero<\/h2>\n\n\n\n<p>No cen\u00e1rio de 2023, persistem as diferen\u00e7as consider\u00e1veis entre os g\u00eaneros. As mulheres brasileiras t\u00eam uma expectativa m\u00e9dia de vida de <strong>79,7 anos, <\/strong>enquanto os homens vivem aproximadamente <strong>73,1 anos<\/strong>.<\/p>\n\n\n\n<p>Essa diverg\u00eancia de 6,6 anos se deve a fatores como estilos de vida e maior exposi\u00e7\u00e3o dos homens a riscos, incluindo viol\u00eancia e acidentes de tr\u00e2nsito.<\/p>\n\n\n\n<h2 class=\"wp-block-heading\">Urbaniza\u00e7\u00e3o<\/h2>\n\n\n\n<p>A crescente urbaniza\u00e7\u00e3o afeta diretamente a qualidade de vida e a sa\u00fade no Brasil. Mais de 16 milh\u00f5es de pessoas residem em favelas, enfrentando desafios como a precariedade de saneamento b\u00e1sico e \u00e1gua pot\u00e1vel.<\/p>\n\n\n\n<p>Entretanto, medidas como campanhas de vacina\u00e7\u00e3o t\u00eam melhorado significativamente a sa\u00fade infantil. Comparativamente, a taxa de mortalidade infantil caiu de 146,6 por mil nascimentos em 1940 para 12,5 em 2023, demonstrando progresso not\u00e1vel.<\/p>\n\n\n\n<h2 class=\"wp-block-heading\">Envelhecimento populacional<\/h2>\n\n\n\n<p>Atualmente, brasileiros que completam 60 anos t\u00eam uma expectativa de vida adicional de <strong>22,5 anos<\/strong>, contrastando com os 13,2 anos esperados em 1940. Este aumento \u00e9 impulsionado pela amplia\u00e7\u00e3o do acesso a cuidados m\u00e9dicos e pela maior \u00eanfase nas condi\u00e7\u00f5es de sa\u00fade dos idosos.&nbsp;<\/p>\n\n\n\n<p>Proje\u00e7\u00f5es indicam que, em 2070, os indiv\u00edduos com mais de 60 anos representar\u00e3o 37,8% da popula\u00e7\u00e3o brasileira.<\/p>\n","protected":false},"excerpt":{"rendered":"<p>Levantamento revelou dados surpreendentes. Confira detalhes.<\/p>\n","protected":false},"author":12,"featured_media":19023,"comment_status":"closed","ping_status":"closed","sticky":false,"template":"","format":"standard","meta":{"jnews-multi-image_gallery":[],"jnews_single_post":{"format":"standard"},"jnews_primary_category":[],"jnews_social_meta":[],"jnews_override_counter":[],"jnews_post_split":[],"footnotes":""},"categories":[1],"tags":[],"class_list":["post-19908","post","type-post","status-publish","format-standard","has-post-thumbnail","hentry","category-geral"],"_referencia":"","_links":{"self":[{"href":"https:\/\/diariodocomercio.com.br\/mix\/wp-json\/wp\/v2\/posts\/19908","targetHints":{"allow":["GET"]}}],"collection":[{"href":"https:\/\/diariodocomercio.com.br\/mix\/wp-json\/wp\/v2\/posts"}],"about":[{"href":"https:\/\/diariodocomercio.com.br\/mix\/wp-json\/wp\/v2\/types\/post"}],"author":[{"embeddable":true,"href":"https:\/\/diariodocomercio.com.br\/mix\/wp-json\/wp\/v2\/users\/12"}],"replies":[{"embeddable":true,"href":"https:\/\/diariodocomercio.com.br\/mix\/wp-json\/wp\/v2\/comments?post=19908"}],"version-history":[{"count":1,"href":"https:\/\/diariodocomercio.com.br\/mix\/wp-json\/wp\/v2\/posts\/19908\/revisions"}],"predecessor-version":[{"id":19909,"href":"https:\/\/diariodocomercio.com.br\/mix\/wp-json\/wp\/v2\/posts\/19908\/revisions\/19909"}],"wp:featuredmedia":[{"embeddable":true,"href":"https:\/\/diariodocomercio.com.br\/mix\/wp-json\/wp\/v2\/media\/19023"}],"wp:attachment":[{"href":"https:\/\/diariodocomercio.com.br\/mix\/wp-json\/wp\/v2\/media?parent=19908"}],"wp:term":[{"taxonomy":"category","embeddable":true,"href":"https:\/\/diariodocomercio.com.br\/mix\/wp-json\/wp\/v2\/categories?post=19908"},{"taxonomy":"post_tag","embeddable":true,"href":"https:\/\/diariodocomercio.com.br\/mix\/wp-json\/wp\/v2\/tags?post=19908"}],"curies":[{"name":"wp","href":"https:\/\/api.w.org\/{rel}","templated":true}]}}