{"id":19927,"date":"2025-09-27T20:38:00","date_gmt":"2025-09-27T23:38:00","guid":{"rendered":"https:\/\/diariodocomercio.com.br\/mix\/?p=19927"},"modified":"2025-09-22T21:23:09","modified_gmt":"2025-09-23T00:23:09","slug":"esse-legume-pequenino-e-proteico-e-ajuda-a-ganhar-musculos","status":"publish","type":"post","link":"https:\/\/diariodocomercio.com.br\/mix\/esse-legume-pequenino-e-proteico-e-ajuda-a-ganhar-musculos\/","title":{"rendered":"Esse legume pequenino \u00e9 proteico e ajuda a ganhar m\u00fasculos"},"content":{"rendered":"\n<p>Pequena no tamanho, mas grande em benef\u00edcios, a ervilha \u00e9 um alimento vers\u00e1til que vem conquistando cada vez mais espa\u00e7o nas dietas de quem busca sa\u00fade e for\u00e7a muscular. Pertencente \u00e0 fam\u00edlia das leguminosas, ela se destaca pelo\u00a0<strong>alto teor de prote\u00ednas<\/strong>\u00a0e fibras, al\u00e9m de vitaminas e minerais essenciais ao bom funcionamento do organismo.<\/p>\n\n\n\n<p>Segundo a nutricionista Cibele Santos, a ervilha \u00e9 fonte de&nbsp;<strong>vitamina K, vitamina C, complexo B, ferro, magn\u00e9sio, f\u00f3sforo e zinco<\/strong>. Esses nutrientes fortalecem a imunidade, ajudam na sa\u00fade \u00f3ssea e contribuem para acelerar o metabolismo.<\/p>\n\n\n\n<p>\u201cAs fibras sol\u00faveis presentes na ervilha ajudam a reduzir os n\u00edveis de colesterol e regulam a glicose no sangue. Al\u00e9m disso, os antioxidantes combatem inflama\u00e7\u00f5es e reduzem o risco de doen\u00e7as card\u00edacas\u201d, explica a especialista.<\/p>\n\n\n\n<h2 class=\"wp-block-heading\">Alternativa \u00e0 prote\u00edna animal<\/h2>\n\n\n\n<p>Com uma taxa de falha inferior \u00e0 de suplementos como whey tradicional em termos de absor\u00e7\u00e3o por pessoas intolerantes, a&nbsp;<strong>prote\u00edna da ervilha<\/strong>&nbsp;vem ganhando protagonismo no mercado fitness. Ela \u00e9 rica em amino\u00e1cidos essenciais e apresenta f\u00e1cil digest\u00e3o, tornando-se uma op\u00e7\u00e3o vi\u00e1vel para quem busca substituir ou reduzir o consumo de prote\u00ednas de origem animal.<\/p>\n\n\n\n<p>No preparo caseiro, a combina\u00e7\u00e3o de&nbsp;<strong>arroz com ervilha<\/strong>&nbsp;forma uma jun\u00e7\u00e3o de amino\u00e1cidos completa, fundamental para o ganho e reparo muscular. J\u00e1 quando associada a alimentos ricos em vitamina C, como o piment\u00e3o, o corpo absorve melhor o ferro presente no gr\u00e3o.<\/p>\n\n\n\n<h2 class=\"wp-block-heading\">Da feira \u00e0 mesa<\/h2>\n\n\n\n<p>Frescas, as ervilhas devem ter cascas firmes e verdes, livres de rachaduras. Podem ser armazenadas na geladeira por at\u00e9 dois dias. As vers\u00f5es enlatadas devem ser mantidas em potes fechados e refrigerados ap\u00f3s abertas.<\/p>\n\n\n\n<p>Na cozinha, s\u00e3o f\u00e1ceis de preparar: bastam dez minutos de cozimento para que fiquem macias. Podem ser servidas em sopas, pur\u00eas, saladas ou como acompanhamento de carnes, peixes e pratos vegetarianos.<\/p>\n\n\n\n<h2 class=\"wp-block-heading\">Sabor e sa\u00fade em um s\u00f3 gr\u00e3o<\/h2>\n\n\n\n<p>Baixa em calorias, antioxidante e altamente nutritiva, a ervilha ajuda a manter o intestino em ordem, controla o apetite e contribui para a&nbsp;<strong>preven\u00e7\u00e3o de doen\u00e7as cr\u00f4nicas<\/strong>. Pequena, simples e barata, ela se revela uma aliada poderosa tanto na sa\u00fade quanto no ganho de massa magra.<\/p>\n","protected":false},"excerpt":{"rendered":"<p>Pequena no tamanho, mas grande em benef\u00edcios, a ervilha \u00e9 um alimento vers\u00e1til que vem conquistando cada vez mais espa\u00e7o nas dietas de quem busca sa\u00fade e for\u00e7a muscular. Pertencente \u00e0 fam\u00edlia das leguminosas, ela se destaca pelo\u00a0alto teor de prote\u00ednas\u00a0e fibras, al\u00e9m de vitaminas e minerais essenciais ao bom funcionamento do organismo. Segundo a [&hellip;]<\/p>\n","protected":false},"author":9,"featured_media":6706,"comment_status":"closed","ping_status":"closed","sticky":false,"template":"","format":"standard","meta":{"jnews-multi-image_gallery":[],"jnews_single_post":{"format":"standard"},"jnews_primary_category":[],"jnews_social_meta":[],"jnews_override_counter":[],"jnews_post_split":[],"footnotes":""},"categories":[1],"tags":[],"class_list":["post-19927","post","type-post","status-publish","format-standard","has-post-thumbnail","hentry","category-geral"],"_referencia":"","_links":{"self":[{"href":"https:\/\/diariodocomercio.com.br\/mix\/wp-json\/wp\/v2\/posts\/19927","targetHints":{"allow":["GET"]}}],"collection":[{"href":"https:\/\/diariodocomercio.com.br\/mix\/wp-json\/wp\/v2\/posts"}],"about":[{"href":"https:\/\/diariodocomercio.com.br\/mix\/wp-json\/wp\/v2\/types\/post"}],"author":[{"embeddable":true,"href":"https:\/\/diariodocomercio.com.br\/mix\/wp-json\/wp\/v2\/users\/9"}],"replies":[{"embeddable":true,"href":"https:\/\/diariodocomercio.com.br\/mix\/wp-json\/wp\/v2\/comments?post=19927"}],"version-history":[{"count":3,"href":"https:\/\/diariodocomercio.com.br\/mix\/wp-json\/wp\/v2\/posts\/19927\/revisions"}],"predecessor-version":[{"id":19931,"href":"https:\/\/diariodocomercio.com.br\/mix\/wp-json\/wp\/v2\/posts\/19927\/revisions\/19931"}],"wp:featuredmedia":[{"embeddable":true,"href":"https:\/\/diariodocomercio.com.br\/mix\/wp-json\/wp\/v2\/media\/6706"}],"wp:attachment":[{"href":"https:\/\/diariodocomercio.com.br\/mix\/wp-json\/wp\/v2\/media?parent=19927"}],"wp:term":[{"taxonomy":"category","embeddable":true,"href":"https:\/\/diariodocomercio.com.br\/mix\/wp-json\/wp\/v2\/categories?post=19927"},{"taxonomy":"post_tag","embeddable":true,"href":"https:\/\/diariodocomercio.com.br\/mix\/wp-json\/wp\/v2\/tags?post=19927"}],"curies":[{"name":"wp","href":"https:\/\/api.w.org\/{rel}","templated":true}]}}