{"id":1998,"date":"2025-02-02T08:52:14","date_gmt":"2025-02-02T11:52:14","guid":{"rendered":"https:\/\/diariodocomercio.com.br\/mix\/?p=1998"},"modified":"2025-01-31T19:57:00","modified_gmt":"2025-01-31T22:57:00","slug":"saiba-quais-sao-os-6-feriados-de-2025-que-caem-em-dias-uteis","status":"publish","type":"post","link":"https:\/\/diariodocomercio.com.br\/mix\/saiba-quais-sao-os-6-feriados-de-2025-que-caem-em-dias-uteis\/","title":{"rendered":"Saiba quais s\u00e3o os 6 feriados de 2025 que caem em dias \u00fateis"},"content":{"rendered":"\n<p>Este ano, o calend\u00e1rio n\u00e3o est\u00e1 ao lado do trabalhador, do estudante e todo mundo que ama aquele diazinho extra de descanso. Muitos feriados de 2025 ca\u00edram bem nos fins de semana, tornando-se in\u00fateis para boa parte da popula\u00e7\u00e3o. Mas nem tudo est\u00e1 perdido. Teremos pelos menos alguns feriados caindo no meio da semana e proporcionando aquele descanso merecido para o brasileiro. Confira:<\/p>\n\n\n\n<h2 class=\"wp-block-heading\">1. Paix\u00e3o de Cristo<\/h2>\n\n\n\n<p>A Semana Santa, uma data tradicional para os praticantes da f\u00e9 crist\u00e3, termina com a Sexta-Feira Santa, que representa o dia em que Jesus foi torturado e morto. Para os n\u00e3o religiosos, o dia \u00e9 uma possibilidade a mais de descanso. Este ano, a Sexta-Feira Santa cai no dia <strong>18 de abril<\/strong> (e d\u00e1 para esticar com outro feriado).<\/p>\n\n\n\n<h2 class=\"wp-block-heading\">2. Tiradentes <\/h2>\n\n\n\n<p>O feriado de Tiradentes acontece no dia <strong>21 de abril<\/strong>, uma segunda-feira, ent\u00e3o voc\u00ea pode esticar o feriado com a Sexta-Feira Santa e talvez at\u00e9 aproveitar para fazer um passeio curto.<\/p>\n\n\n\n<h2 class=\"wp-block-heading\">3. Dia do Trabalho<\/h2>\n\n\n\n<p>Pode comemorar trabalhador: o Dia do Trabalho, 1\u00ba de maio, cai em uma quinta-feira este ano. Dependendo, voc\u00ea pode at\u00e9 esticar e j\u00e1 aproveitar para descansar mais na sexta tamb\u00e9m.<\/p>\n\n\n\n<h2 class=\"wp-block-heading\">4. Corpus Christi<\/h2>\n\n\n\n<p>Apesar de ser facultativo, o feriado crist\u00e3o \u00e9 amplamente adotado no pa\u00eds. A data celebra o mist\u00e9rio da eucaristia, um dos pilares da f\u00e9 crist\u00e3. Em 2025, o feriado caiu em uma quinta-feira.<\/p>\n\n\n\n<h2 class=\"wp-block-heading\">5. Consci\u00eancia Negra<\/h2>\n\n\n\n<p>O Dia da Consci\u00eancia Negra j\u00e1 era celebrado como feriado estadual em alguns lugares do Brasil, mas foi oficializado como feriado nacional recentemente. Em 2025, ser\u00e1 apenas a segunda vez da data como feriado por todo o Brasil. O 20 de novembro ficou em uma quinta-feira.<\/p>\n\n\n\n<h2 class=\"wp-block-heading\">6. Natal<\/h2>\n\n\n\n<p>De origem crist\u00e3, o Natal se tornou uma das festas mais populares e tradicionais do mundo ocidental. O dia 25 de dezembro cai em uma quinta-feira este ano.<\/p>\n","protected":false},"excerpt":{"rendered":"<p>Para a alegria do trabalhador e do estudante, teremos pelo menos alguns feriados de 2025 caindo no meio da semana e oferecendo descanso.<\/p>\n","protected":false},"author":6,"featured_media":1999,"comment_status":"closed","ping_status":"closed","sticky":false,"template":"","format":"standard","meta":{"jnews-multi-image_gallery":[],"jnews_single_post":{"format":"standard"},"jnews_primary_category":[],"jnews_social_meta":[],"jnews_override_counter":[],"jnews_post_split":[],"footnotes":""},"categories":[1],"tags":[],"class_list":["post-1998","post","type-post","status-publish","format-standard","has-post-thumbnail","hentry","category-geral"],"_referencia":"","_links":{"self":[{"href":"https:\/\/diariodocomercio.com.br\/mix\/wp-json\/wp\/v2\/posts\/1998","targetHints":{"allow":["GET"]}}],"collection":[{"href":"https:\/\/diariodocomercio.com.br\/mix\/wp-json\/wp\/v2\/posts"}],"about":[{"href":"https:\/\/diariodocomercio.com.br\/mix\/wp-json\/wp\/v2\/types\/post"}],"author":[{"embeddable":true,"href":"https:\/\/diariodocomercio.com.br\/mix\/wp-json\/wp\/v2\/users\/6"}],"replies":[{"embeddable":true,"href":"https:\/\/diariodocomercio.com.br\/mix\/wp-json\/wp\/v2\/comments?post=1998"}],"version-history":[{"count":1,"href":"https:\/\/diariodocomercio.com.br\/mix\/wp-json\/wp\/v2\/posts\/1998\/revisions"}],"predecessor-version":[{"id":2000,"href":"https:\/\/diariodocomercio.com.br\/mix\/wp-json\/wp\/v2\/posts\/1998\/revisions\/2000"}],"wp:featuredmedia":[{"embeddable":true,"href":"https:\/\/diariodocomercio.com.br\/mix\/wp-json\/wp\/v2\/media\/1999"}],"wp:attachment":[{"href":"https:\/\/diariodocomercio.com.br\/mix\/wp-json\/wp\/v2\/media?parent=1998"}],"wp:term":[{"taxonomy":"category","embeddable":true,"href":"https:\/\/diariodocomercio.com.br\/mix\/wp-json\/wp\/v2\/categories?post=1998"},{"taxonomy":"post_tag","embeddable":true,"href":"https:\/\/diariodocomercio.com.br\/mix\/wp-json\/wp\/v2\/tags?post=1998"}],"curies":[{"name":"wp","href":"https:\/\/api.w.org\/{rel}","templated":true}]}}