{"id":19980,"date":"2025-09-28T11:31:00","date_gmt":"2025-09-28T14:31:00","guid":{"rendered":"https:\/\/diariodocomercio.com.br\/mix\/?p=19980"},"modified":"2025-09-23T16:33:02","modified_gmt":"2025-09-23T19:33:02","slug":"veja-como-essa-senhora-de-84-anos-aprendeu-ingles-por-meio-de-um-aplicativo-de-celular","status":"publish","type":"post","link":"https:\/\/diariodocomercio.com.br\/mix\/veja-como-essa-senhora-de-84-anos-aprendeu-ingles-por-meio-de-um-aplicativo-de-celular\/","title":{"rendered":"Veja como essa senhora de 84 anos aprendeu ingl\u00eas por meio de um aplicativo de celular"},"content":{"rendered":"\n<p>No auge dos 84 anos, a agricultora aposentada&nbsp;<strong>Iracy Thiesen Sebold<\/strong>, de Ituporanga, no Alto Vale do Itaja\u00ed, decidiu realizar um sonho antigo: aprender ingl\u00eas. Com disciplina de estudante exemplar, ela se rendeu \u00e0 tecnologia e h\u00e1 um ano segue uma rotina di\u00e1ria de estudos com a ajuda de um aplicativo de celular.<\/p>\n\n\n\n<p>O compromisso est\u00e1 marcado no rel\u00f3gio: \u00e0s 9h em ponto, dona Iracy abre o aplicativo, pega o caderno e anota cada palavra nova aprendida. \u201c<strong>\u00c0s vezes fa\u00e7o tr\u00eas ou quatro li\u00e7\u00f5es no mesmo dia<\/strong>\u201d, conta animada. A idosa j\u00e1 consegue ler diversos termos, mas admite que ainda tem dificuldades na pron\u00fancia \u2014 desafio que ela pretende superar nos pr\u00f3ximos meses.<\/p>\n\n\n\n<blockquote class=\"instagram-media\" data-instgrm-captioned data-instgrm-permalink=\"https:\/\/www.instagram.com\/reel\/DOrJLl5CPQj\/?utm_source=ig_embed&amp;utm_campaign=loading\" data-instgrm-version=\"14\" style=\"background:#FFF;border:0;border-radius:3px;margin: 1px;max-width:540px;min-width:326px;padding:0;width:99.375%;width:-webkit-calc(100% - 2px);width:calc(100% - 2px)\"><div style=\"padding:16px\"> <a href=\"https:\/\/www.instagram.com\/reel\/DOrJLl5CPQj\/?utm_source=ig_embed&amp;utm_campaign=loading\" style=\"background:#FFFFFF;line-height:0;padding:0 0;text-align:center;text-decoration:none;width:100%\" target=\"_blank\" rel=\"noopener\"> <div style=\"flex-direction: row;align-items: center\"> <div style=\"background-color: #F4F4F4;border-radius: 50%;flex-grow: 0;height: 40px;margin-right: 14px;width: 40px\"><\/div> <div style=\"flex-direction: column;flex-grow: 1;justify-content: center\"> <div style=\"background-color: #F4F4F4;border-radius: 4px;flex-grow: 0;height: 14px;margin-bottom: 6px;width: 100px\"><\/div> <div style=\"background-color: #F4F4F4;border-radius: 4px;flex-grow: 0;height: 14px;width: 60px\"><\/div><\/div><\/div><div style=\"padding: 19% 0\"><\/div> <div style=\"height:50px;margin:0 auto 12px;width:50px\"><\/div><div style=\"padding-top: 8px\"> <div style=\"color:#3897f0;font-family:Arial,sans-serif;font-size:14px;font-style:normal;font-weight:550;line-height:18px\">Ver essa foto no Instagram<\/div><\/div><div style=\"padding: 12.5% 0\"><\/div> <div style=\"flex-direction: row;margin-bottom: 14px;align-items: center\"><div> <div style=\"background-color: #F4F4F4;border-radius: 50%;height: 12.5px;width: 12.5px\"><\/div> <div style=\"background-color: #F4F4F4;height: 12.5px;width: 12.5px;flex-grow: 0;margin-right: 14px;margin-left: 2px\"><\/div> <div style=\"background-color: #F4F4F4;border-radius: 50%;height: 12.5px;width: 12.5px\"><\/div><\/div><div style=\"margin-left: 8px\"> <div style=\"background-color: #F4F4F4;border-radius: 50%;flex-grow: 0;height: 20px;width: 20px\"><\/div> <div style=\"width: 0;height: 0;border-top: 2px solid transparent;border-left: 6px solid #f4f4f4;border-bottom: 2px solid transparent\"><\/div><\/div><div style=\"margin-left: auto\"> <div style=\"width: 0px;border-top: 8px solid #F4F4F4;border-right: 8px solid transparent\"><\/div> <div style=\"background-color: #F4F4F4;flex-grow: 0;height: 12px;width: 16px\"><\/div> <div style=\"width: 0;height: 0;border-top: 8px solid #F4F4F4;border-left: 8px solid transparent\"><\/div><\/div><\/div> <div style=\"flex-direction: column;flex-grow: 1;justify-content: center;margin-bottom: 24px\"> <div style=\"background-color: #F4F4F4;border-radius: 4px;flex-grow: 0;height: 14px;margin-bottom: 6px;width: 224px\"><\/div> <div style=\"background-color: #F4F4F4;border-radius: 4px;flex-grow: 0;height: 14px;width: 144px\"><\/div><\/div><\/a><p style=\"color:#c9c8cd;font-family:Arial,sans-serif;font-size:14px;line-height:17px;margin-bottom:0;margin-top:8px;overflow:hidden;padding:8px 0 7px;text-align:center\"><a href=\"https:\/\/www.instagram.com\/reel\/DOrJLl5CPQj\/?utm_source=ig_embed&amp;utm_campaign=loading\" style=\"color:#c9c8cd;font-family:Arial,sans-serif;font-size:14px;font-style:normal;font-weight:normal;line-height:17px;text-decoration:none\" target=\"_blank\" rel=\"noopener\">Uma publica\u00e7\u00e3o compartilhada por RBA TV (@rbatv)<\/a><\/p><\/div><\/blockquote>\n<script async src=\"\/\/www.instagram.com\/embed.js\"><\/script>\n\n\n\n<p>O desejo de aprender ingl\u00eas nasceu ainda na juventude, quando ajudava os filhos nas li\u00e7\u00f5es da escola. \u201cSempre pensava que um dia iria conseguir entender o que estava escrito\u201d, recorda. O sonho voltou \u00e0 tona em uma conversa com o neto de 13 anos, que baixou o aplicativo no celular da av\u00f3 e a incentivou a come\u00e7ar.<\/p>\n\n\n\n<p>\u201c<strong>Nunca \u00e9 tarde para estudar, para aprender<\/strong>\u201d, afirma dona Iracy, que j\u00e1 enfrentou grandes desafios pessoais. Na casa dos 70 anos, ap\u00f3s problemas de sa\u00fade, ela precisou reaprender a andar e a escrever. Hoje, al\u00e9m de cuidar do jardim e das artes manuais, acrescentou o ingl\u00eas \u00e0 sua rotina.<\/p>\n\n\n\n<h2 class=\"wp-block-heading\"><strong>Benef\u00edcios do aprendizado na terceira idade<\/strong><\/h2>\n\n\n\n<p>Especialistas apontam que aprender um novo idioma pode trazer importantes ganhos cognitivos para os idosos. O processo ajuda a&nbsp;<strong>melhorar mem\u00f3ria, concentra\u00e7\u00e3o e plasticidade cerebral<\/strong>, al\u00e9m de adiar o surgimento de doen\u00e7as como Alzheimer e outras dem\u00eancias.<\/p>\n\n\n\n<p>O aprendizado tamb\u00e9m contribui para a autoestima e reduz sentimentos de solid\u00e3o, comuns nessa faixa et\u00e1ria. \u201cEnfrentar e superar o desafio de uma nova l\u00edngua proporciona um senso de realiza\u00e7\u00e3o e confian\u00e7a\u201d, destacam pesquisadores.<\/p>\n\n\n\n<h2 class=\"wp-block-heading\"><strong>Educa\u00e7\u00e3o em crescimento na terceira idade<\/strong><\/h2>\n\n\n\n<p>O caso de dona Iracy reflete uma tend\u00eancia nacional. De acordo com o&nbsp;<strong>Mapa do Ensino Superior no Brasil<\/strong>, divulgado pelo Semesp, pessoas com 60 anos ou mais ainda representam uma minoria nas universidades \u2014 0,4% em cursos presenciais e 0,8% no ensino a dist\u00e2ncia. Mas \u00e9 justamente nesse grupo que houve maior crescimento nas \u00faltimas d\u00e9cadas.<\/p>\n\n\n\n<p>Entre 2013 e 2023, as matr\u00edculas presenciais de idosos em institui\u00e7\u00f5es privadas aumentaram 22%. J\u00e1 no ensino a dist\u00e2ncia, o salto foi de&nbsp;<strong>672%<\/strong>, muito acima da m\u00e9dia das demais faixas et\u00e1rias.<\/p>\n","protected":false},"excerpt":{"rendered":"<p>No auge dos 84 anos, a agricultora aposentada&nbsp;Iracy Thiesen Sebold, de Ituporanga, no Alto Vale do Itaja\u00ed, decidiu realizar um sonho antigo: aprender ingl\u00eas. Com disciplina de estudante exemplar, ela se rendeu \u00e0 tecnologia e h\u00e1 um ano segue uma rotina di\u00e1ria de estudos com a ajuda de um aplicativo de celular. O compromisso est\u00e1 [&hellip;]<\/p>\n","protected":false},"author":9,"featured_media":19994,"comment_status":"closed","ping_status":"closed","sticky":false,"template":"","format":"standard","meta":{"jnews-multi-image_gallery":[],"jnews_single_post":{"format":"standard"},"jnews_primary_category":[],"jnews_social_meta":[],"jnews_override_counter":[],"jnews_post_split":[],"footnotes":""},"categories":[1],"tags":[],"class_list":["post-19980","post","type-post","status-publish","format-standard","has-post-thumbnail","hentry","category-geral"],"_referencia":"","_links":{"self":[{"href":"https:\/\/diariodocomercio.com.br\/mix\/wp-json\/wp\/v2\/posts\/19980","targetHints":{"allow":["GET"]}}],"collection":[{"href":"https:\/\/diariodocomercio.com.br\/mix\/wp-json\/wp\/v2\/posts"}],"about":[{"href":"https:\/\/diariodocomercio.com.br\/mix\/wp-json\/wp\/v2\/types\/post"}],"author":[{"embeddable":true,"href":"https:\/\/diariodocomercio.com.br\/mix\/wp-json\/wp\/v2\/users\/9"}],"replies":[{"embeddable":true,"href":"https:\/\/diariodocomercio.com.br\/mix\/wp-json\/wp\/v2\/comments?post=19980"}],"version-history":[{"count":2,"href":"https:\/\/diariodocomercio.com.br\/mix\/wp-json\/wp\/v2\/posts\/19980\/revisions"}],"predecessor-version":[{"id":19997,"href":"https:\/\/diariodocomercio.com.br\/mix\/wp-json\/wp\/v2\/posts\/19980\/revisions\/19997"}],"wp:featuredmedia":[{"embeddable":true,"href":"https:\/\/diariodocomercio.com.br\/mix\/wp-json\/wp\/v2\/media\/19994"}],"wp:attachment":[{"href":"https:\/\/diariodocomercio.com.br\/mix\/wp-json\/wp\/v2\/media?parent=19980"}],"wp:term":[{"taxonomy":"category","embeddable":true,"href":"https:\/\/diariodocomercio.com.br\/mix\/wp-json\/wp\/v2\/categories?post=19980"},{"taxonomy":"post_tag","embeddable":true,"href":"https:\/\/diariodocomercio.com.br\/mix\/wp-json\/wp\/v2\/tags?post=19980"}],"curies":[{"name":"wp","href":"https:\/\/api.w.org\/{rel}","templated":true}]}}