{"id":20005,"date":"2025-09-28T10:48:00","date_gmt":"2025-09-28T13:48:00","guid":{"rendered":"https:\/\/diariodocomercio.com.br\/mix\/?p=20005"},"modified":"2025-09-23T16:49:41","modified_gmt":"2025-09-23T19:49:41","slug":"carros-a-partir-de-r-26-900-que-seguem-sendo-boas-compras-no-mercado-de-usados","status":"publish","type":"post","link":"https:\/\/diariodocomercio.com.br\/mix\/carros-a-partir-de-r-26-900-que-seguem-sendo-boas-compras-no-mercado-de-usados\/","title":{"rendered":"Carros a partir de R$ 26.900 que seguem sendo boas compras no mercado de usados"},"content":{"rendered":"\n<p>Aquecido desde o ano passado, o mercado automotivo deve manter bons resultados tamb\u00e9m em 2025. Segundo pesquisa da Webmotors,&nbsp;<strong>68% dos brasileiros pretendem comprar ou trocar de carro neste ano<\/strong>&nbsp;\u2014 sendo que 37% planejam fechar neg\u00f3cio ainda no primeiro semestre. Entre eles, a prefer\u00eancia recai sobre os seminovos e usados, apontados por 66% dos entrevistados como a escolha mais vi\u00e1vel.<\/p>\n\n\n\n<p>Em um cen\u00e1rio em que SUVs seguem no topo da lista de desejos, mas hatches e sed\u00e3s ainda conquistam fatias relevantes, alguns modelos fora de linha continuam sendo apostas inteligentes.\u00a0<strong>Fiat Palio, Renault Sandero e Ford Ka<\/strong>\u00a0est\u00e3o entre os carros mais acess\u00edveis, com pre\u00e7os a partir de\u00a0<strong>R$ 26,9 mil<\/strong>\u00a0no mercado de usados.<\/p>\n\n\n\n<p>Mesmo fora de produ\u00e7\u00e3o, esses ve\u00edculos chamam aten\u00e7\u00e3o pelo&nbsp;<strong>custo-benef\u00edcio<\/strong>, que alia mec\u00e2nica confi\u00e1vel, manuten\u00e7\u00e3o simples e pacotes de equipamentos competitivos. A lista elaborada pelo portal Automotor re\u00fane sete modelos que seguem como boas oportunidades:<\/p>\n\n\n\n<ul class=\"wp-block-list\">\n<li><strong>Fiat Palio<\/strong>\u00a0\u2014 a partir de R$ 26.900: vers\u00f5es 1.0 e 1.4 com ar, dire\u00e7\u00e3o, vidros\/travas el\u00e9tricos, ABS e airbags.<\/li>\n\n\n\n<li><strong>Renault Sandero<\/strong>\u00a0\u2014 a partir de R$ 29.900: amplo porta-malas de 320 litros e op\u00e7\u00f5es 1.0 e 1.6.<\/li>\n\n\n\n<li><strong>Ford Ka<\/strong>\u00a0\u2014 a partir de R$ 29.900: compacto econ\u00f4mico, com vers\u00f5es 1.0 e 1.5 bem equipadas.<\/li>\n\n\n\n<li><strong>Chevrolet Cobalt<\/strong>\u00a0\u2014 a partir de R$ 32.800: sed\u00e3 com porta-malas de 500 litros e vers\u00f5es manuais ou autom\u00e1ticas.<\/li>\n\n\n\n<li><strong>Volkswagen Fox<\/strong>\u00a0\u2014 a partir de R$ 39.900: hatch urbano, confi\u00e1vel e bem equipado nas vers\u00f5es p\u00f3s-2016.<\/li>\n\n\n\n<li><strong>Honda Fit<\/strong>\u00a0\u2014 a partir de R$ 48.900: destaque pela versatilidade interna e motor 1.5 eficiente.<\/li>\n\n\n\n<li><strong>Hyundai ix35<\/strong>\u00a0\u2014 a partir de R$ 49.900: SUV confort\u00e1vel, com motor 2.0 e pacote robusto de equipamentos.<\/li>\n<\/ul>\n\n\n\n<h2 class=\"wp-block-heading\"><strong>O que explica a procura<\/strong><\/h2>\n\n\n\n<p>Al\u00e9m da busca por atualiza\u00e7\u00e3o do modelo (36%), a pesquisa da Webmotors mostra que&nbsp;<strong>30% dos consumidores t\u00eam o h\u00e1bito de trocar de carro periodicamente<\/strong>. J\u00e1 25% apontaram a condi\u00e7\u00e3o do ve\u00edculo atual como principal fator para a mudan\u00e7a, enquanto 14% desejam um carro mais econ\u00f4mico e 13% um ve\u00edculo mais potente.<\/p>\n\n\n\n<p>Com pre\u00e7os que partem de patamares mais acess\u00edveis e oferta de equipamentos compat\u00edvel com muitos modelos novos, esses usados seguem como&nbsp;<strong>alternativas seguras e racionais<\/strong>&nbsp;em um mercado de consumo cada vez mais atento ao custo-benef\u00edcio.<\/p>\n","protected":false},"excerpt":{"rendered":"<p>Aquecido desde o ano passado, o mercado automotivo deve manter bons resultados tamb\u00e9m em 2025. Segundo pesquisa da Webmotors,&nbsp;68% dos brasileiros pretendem comprar ou trocar de carro neste ano&nbsp;\u2014 sendo que 37% planejam fechar neg\u00f3cio ainda no primeiro semestre. Entre eles, a prefer\u00eancia recai sobre os seminovos e usados, apontados por 66% dos entrevistados como [&hellip;]<\/p>\n","protected":false},"author":9,"featured_media":13330,"comment_status":"closed","ping_status":"closed","sticky":false,"template":"","format":"standard","meta":{"jnews-multi-image_gallery":[],"jnews_single_post":{"format":"standard"},"jnews_primary_category":[],"jnews_social_meta":[],"jnews_override_counter":[],"jnews_post_split":[],"footnotes":""},"categories":[1],"tags":[],"class_list":["post-20005","post","type-post","status-publish","format-standard","has-post-thumbnail","hentry","category-geral"],"_referencia":"","_links":{"self":[{"href":"https:\/\/diariodocomercio.com.br\/mix\/wp-json\/wp\/v2\/posts\/20005","targetHints":{"allow":["GET"]}}],"collection":[{"href":"https:\/\/diariodocomercio.com.br\/mix\/wp-json\/wp\/v2\/posts"}],"about":[{"href":"https:\/\/diariodocomercio.com.br\/mix\/wp-json\/wp\/v2\/types\/post"}],"author":[{"embeddable":true,"href":"https:\/\/diariodocomercio.com.br\/mix\/wp-json\/wp\/v2\/users\/9"}],"replies":[{"embeddable":true,"href":"https:\/\/diariodocomercio.com.br\/mix\/wp-json\/wp\/v2\/comments?post=20005"}],"version-history":[{"count":1,"href":"https:\/\/diariodocomercio.com.br\/mix\/wp-json\/wp\/v2\/posts\/20005\/revisions"}],"predecessor-version":[{"id":20008,"href":"https:\/\/diariodocomercio.com.br\/mix\/wp-json\/wp\/v2\/posts\/20005\/revisions\/20008"}],"wp:featuredmedia":[{"embeddable":true,"href":"https:\/\/diariodocomercio.com.br\/mix\/wp-json\/wp\/v2\/media\/13330"}],"wp:attachment":[{"href":"https:\/\/diariodocomercio.com.br\/mix\/wp-json\/wp\/v2\/media?parent=20005"}],"wp:term":[{"taxonomy":"category","embeddable":true,"href":"https:\/\/diariodocomercio.com.br\/mix\/wp-json\/wp\/v2\/categories?post=20005"},{"taxonomy":"post_tag","embeddable":true,"href":"https:\/\/diariodocomercio.com.br\/mix\/wp-json\/wp\/v2\/tags?post=20005"}],"curies":[{"name":"wp","href":"https:\/\/api.w.org\/{rel}","templated":true}]}}