{"id":20012,"date":"2025-09-28T15:39:00","date_gmt":"2025-09-28T18:39:00","guid":{"rendered":"https:\/\/diariodocomercio.com.br\/mix\/?p=20012"},"modified":"2025-09-23T17:02:25","modified_gmt":"2025-09-23T20:02:25","slug":"parte-do-planeta-que-nao-pertencia-a-ninguem-agora-sera-controlada-por-varias-nacoes","status":"publish","type":"post","link":"https:\/\/diariodocomercio.com.br\/mix\/parte-do-planeta-que-nao-pertencia-a-ninguem-agora-sera-controlada-por-varias-nacoes\/","title":{"rendered":"Parte do planeta que n\u00e3o pertencia a ningu\u00e9m agora ser\u00e1 controlada por v\u00e1rias na\u00e7\u00f5es"},"content":{"rendered":"\n<p>Uma \u00e1rea que cobre metade da superf\u00edcie da Terra e at\u00e9 hoje n\u00e3o tinha dono nem lei finalmente ganhar\u00e1 regras globais. O\u00a0<strong>Tratado do Alto-Mar<\/strong>, adotado pela ONU ap\u00f3s quase duas d\u00e9cadas de negocia\u00e7\u00f5es, atingiu o n\u00famero m\u00ednimo de ratifica\u00e7\u00f5es e entrar\u00e1 em vigor em janeiro de 2026. O acordo estabelece normas juridicamente vinculantes para a prote\u00e7\u00e3o da biodiversidade marinha em \u00e1guas internacionais, que representam cerca de 60% dos oceanos.<\/p>\n\n\n\n<p>O secret\u00e1rio-geral da ONU, Ant\u00f3nio Guterres, classificou a ratifica\u00e7\u00e3o como um \u201cmarco hist\u00f3rico para o multilateralismo\u201d e uma \u201ct\u00e1bua de salva\u00e7\u00e3o para o oceano e para a humanidade\u201d. Segundo ele, o tratado ajudar\u00e1 a enfrentar a crise clim\u00e1tica, a perda de biodiversidade e a polui\u00e7\u00e3o que amea\u00e7am a vida marinha.<\/p>\n\n\n\n<p>O acordo, oficialmente chamado de&nbsp;<strong>BBNJ (Biodiversity Beyond National Jurisdiction)<\/strong>, cria instrumentos para a conserva\u00e7\u00e3o e uso sustent\u00e1vel dos recursos em alto-mar. Ele prev\u00ea a cria\u00e7\u00e3o de \u00e1reas marinhas protegidas, o compartilhamento dos benef\u00edcios de recursos gen\u00e9ticos \u2014 com impacto em setores como a ind\u00fastria farmac\u00eautica e cosm\u00e9tica \u2014 e maior coopera\u00e7\u00e3o cient\u00edfica entre pa\u00edses.<\/p>\n\n\n\n<h2 class=\"wp-block-heading\"><strong>Do \u201cfaroeste\u201d ao controle internacional<\/strong><\/h2>\n\n\n\n<p>At\u00e9 agora, o alto-mar, que come\u00e7a a 370 quil\u00f4metros da costa, funcionava como um \u201cterrit\u00f3rio sem lei\u201d. Sem jurisdi\u00e7\u00e3o definida, era poss\u00edvel pescar, explorar recursos e navegar sem normas espec\u00edficas. \u201cEsse espa\u00e7o, por onde passam milhares de navios todos os dias, era um verdadeiro faroeste\u201d, compara Olivier Poivre d\u2019Arvor, embaixador franc\u00eas para os oceanos.<\/p>\n\n\n\n<p>Com o novo tratado, qualquer atividade em \u00e1guas internacionais passar\u00e1 a ser regulada. Haver\u00e1 possibilidade de san\u00e7\u00f5es para impactos ambientais que prejudiquem a biodiversidade marinha.<\/p>\n\n\n\n<h2 class=\"wp-block-heading\"><strong>Entraves e pr\u00f3ximos passos<\/strong><\/h2>\n\n\n\n<p>Embora mais de 140 pa\u00edses tenham assinado o documento, pot\u00eancias mar\u00edtimas como Estados Unidos e R\u00fassia ainda resistem. Washington assinou o texto, mas sua ratifica\u00e7\u00e3o \u00e9 incerta sob o governo Donald Trump. Moscou sequer aderiu.<\/p>\n\n\n\n<p>Especialistas alertam que, apesar de o acordo entrar em vigor em 2026,&nbsp;<strong>as primeiras \u00e1reas marinhas protegidas s\u00f3 devem ser criadas entre 2028 e 2029<\/strong>, ap\u00f3s negocia\u00e7\u00f5es entre o \u00f3rg\u00e3o internacional respons\u00e1vel e entidades como a Autoridade Internacional de Fundos Marinhos, que regula a minera\u00e7\u00e3o em \u00e1guas profundas.<\/p>\n\n\n\n<p>Mesmo com os desafios, ambientalistas consideram o tratado um avan\u00e7o crucial. \u201cNosso oceano \u00e9 a base da exist\u00eancia. Hoje demos um passo decisivo para salvar nosso futuro\u201d, declarou Inger Andersen, diretora do Programa da ONU para o Meio Ambiente.<\/p>\n","protected":false},"excerpt":{"rendered":"<p>Uma \u00e1rea que cobre metade da superf\u00edcie da Terra e at\u00e9 hoje n\u00e3o tinha dono nem lei finalmente ganhar\u00e1 regras globais. O\u00a0Tratado do Alto-Mar, adotado pela ONU ap\u00f3s quase duas d\u00e9cadas de negocia\u00e7\u00f5es, atingiu o n\u00famero m\u00ednimo de ratifica\u00e7\u00f5es e entrar\u00e1 em vigor em janeiro de 2026. O acordo estabelece normas juridicamente vinculantes para a [&hellip;]<\/p>\n","protected":false},"author":9,"featured_media":7104,"comment_status":"closed","ping_status":"closed","sticky":false,"template":"","format":"standard","meta":{"jnews-multi-image_gallery":[],"jnews_single_post":{"format":"standard"},"jnews_primary_category":[],"jnews_social_meta":[],"jnews_override_counter":[],"jnews_post_split":[],"footnotes":""},"categories":[1],"tags":[],"class_list":["post-20012","post","type-post","status-publish","format-standard","has-post-thumbnail","hentry","category-geral"],"_referencia":"","_links":{"self":[{"href":"https:\/\/diariodocomercio.com.br\/mix\/wp-json\/wp\/v2\/posts\/20012","targetHints":{"allow":["GET"]}}],"collection":[{"href":"https:\/\/diariodocomercio.com.br\/mix\/wp-json\/wp\/v2\/posts"}],"about":[{"href":"https:\/\/diariodocomercio.com.br\/mix\/wp-json\/wp\/v2\/types\/post"}],"author":[{"embeddable":true,"href":"https:\/\/diariodocomercio.com.br\/mix\/wp-json\/wp\/v2\/users\/9"}],"replies":[{"embeddable":true,"href":"https:\/\/diariodocomercio.com.br\/mix\/wp-json\/wp\/v2\/comments?post=20012"}],"version-history":[{"count":1,"href":"https:\/\/diariodocomercio.com.br\/mix\/wp-json\/wp\/v2\/posts\/20012\/revisions"}],"predecessor-version":[{"id":20014,"href":"https:\/\/diariodocomercio.com.br\/mix\/wp-json\/wp\/v2\/posts\/20012\/revisions\/20014"}],"wp:featuredmedia":[{"embeddable":true,"href":"https:\/\/diariodocomercio.com.br\/mix\/wp-json\/wp\/v2\/media\/7104"}],"wp:attachment":[{"href":"https:\/\/diariodocomercio.com.br\/mix\/wp-json\/wp\/v2\/media?parent=20012"}],"wp:term":[{"taxonomy":"category","embeddable":true,"href":"https:\/\/diariodocomercio.com.br\/mix\/wp-json\/wp\/v2\/categories?post=20012"},{"taxonomy":"post_tag","embeddable":true,"href":"https:\/\/diariodocomercio.com.br\/mix\/wp-json\/wp\/v2\/tags?post=20012"}],"curies":[{"name":"wp","href":"https:\/\/api.w.org\/{rel}","templated":true}]}}