{"id":20019,"date":"2025-09-28T06:29:00","date_gmt":"2025-09-28T09:29:00","guid":{"rendered":"https:\/\/diariodocomercio.com.br\/mix\/?p=20019"},"modified":"2025-09-24T10:26:21","modified_gmt":"2025-09-24T13:26:21","slug":"anel-de-fogo-vai-riscar-o-ceu-no-brasil-em-2026","status":"publish","type":"post","link":"https:\/\/diariodocomercio.com.br\/mix\/anel-de-fogo-vai-riscar-o-ceu-no-brasil-em-2026\/","title":{"rendered":"\u201cAnel de fogo\u201d vai riscar o c\u00e9u no Brasil em 2026"},"content":{"rendered":"\n<p>O c\u00e9u ganhar\u00e1 um espet\u00e1culo raro em\u00a0<strong>17 de fevereiro de 2026<\/strong>, quando ocorrer\u00e1 um\u00a0<strong>eclipse solar anular<\/strong>\u00a0\u2013 o famoso\u00a0<strong>\u201canel de fogo\u201d<\/strong>, em que a Lua cobre parcialmente o Sol, deixando vis\u00edvel apenas uma borda brilhante. O evento poder\u00e1 ser observado em regi\u00f5es da\u00a0<strong>Am\u00e9rica do Sul, Am\u00e9rica Central e Ant\u00e1rtida<\/strong>, mas ficar\u00e1 fora do alcance dos brasileiros.<\/p>\n\n\n\n<p>Segundo o Observat\u00f3rio Nacional, esse tipo de eclipse acontece quando a Lua est\u00e1 em seu&nbsp;<strong>apogeu<\/strong>, o ponto mais distante da Terra. Nesse momento, o sat\u00e9lite parece menor no c\u00e9u e n\u00e3o cobre o Sol por completo, formando o contorno luminoso que d\u00e1 origem ao apelido \u201canel de fogo\u201d.<\/p>\n\n\n\n<p>O fen\u00f4meno ocorre em cinco etapas, desde o primeiro contato da Lua com o disco solar at\u00e9 o afastamento final, quando a luminosidade retorna ao normal. Al\u00e9m do impacto visual, eclipses tamb\u00e9m causam efeitos f\u00edsicos, como resfriamento da atmosfera e altera\u00e7\u00f5es na ionosfera.<\/p>\n\n\n\n<h2 class=\"wp-block-heading\"><strong>Ser\u00e1 vis\u00edvel no Brasil?<\/strong><\/h2>\n\n\n\n<p>Desta vez, n\u00e3o. O eclipse de fevereiro de 2026 ser\u00e1 acompanhado em regi\u00f5es como a&nbsp;<strong>Ant\u00e1rtida, sul da \u00c1frica e partes da Am\u00e9rica do Sul<\/strong>, mas n\u00e3o poder\u00e1 ser visto daqui.<\/p>\n\n\n\n<p>A boa not\u00edcia \u00e9 que, segundo a Nasa, no&nbsp;<strong>dia 3 de mar\u00e7o de 2026<\/strong>&nbsp;os brasileiros poder\u00e3o observar um&nbsp;<strong>eclipse lunar total<\/strong>, conhecido como \u201cLua de Sangue\u201d. J\u00e1 o pr\u00f3ximo&nbsp;<strong>eclipse anular vis\u00edvel em territ\u00f3rio nacional<\/strong>&nbsp;est\u00e1 previsto para&nbsp;<strong>6 de fevereiro de 2027<\/strong>, ainda que de forma parcial e restrita ao extremo norte do pa\u00eds.<\/p>\n\n\n\n<h2 class=\"wp-block-heading\"><strong>O calend\u00e1rio astron\u00f4mico<\/strong><\/h2>\n\n\n\n<p>Assim como 2025, o ano de 2026 ter\u00e1 quatro eclipses: dois solares e dois lunares. O primeiro ser\u00e1 justamente o anular de fevereiro, seguido pelo lunar total de mar\u00e7o.<\/p>\n\n\n\n<p>Para os apaixonados por astronomia, mesmo os eventos n\u00e3o vis\u00edveis no Brasil poder\u00e3o ser acompanhados por&nbsp;<strong>transmiss\u00f5es ao vivo de observat\u00f3rios internacionais<\/strong>. Al\u00e9m disso, superluas e chuvas de meteoros continuar\u00e3o a riscar o c\u00e9u brasileiro ao longo de 2025 e 2026, mantendo o calend\u00e1rio celeste movimentado.<\/p>\n","protected":false},"excerpt":{"rendered":"<p>O c\u00e9u ganhar\u00e1 um espet\u00e1culo raro em\u00a017 de fevereiro de 2026, quando ocorrer\u00e1 um\u00a0eclipse solar anular\u00a0\u2013 o famoso\u00a0\u201canel de fogo\u201d, em que a Lua cobre parcialmente o Sol, deixando vis\u00edvel apenas uma borda brilhante. O evento poder\u00e1 ser observado em regi\u00f5es da\u00a0Am\u00e9rica do Sul, Am\u00e9rica Central e Ant\u00e1rtida, mas ficar\u00e1 fora do alcance dos brasileiros. [&hellip;]<\/p>\n","protected":false},"author":9,"featured_media":12324,"comment_status":"closed","ping_status":"closed","sticky":false,"template":"","format":"standard","meta":{"jnews-multi-image_gallery":[],"jnews_single_post":{"format":"standard"},"jnews_primary_category":[],"jnews_social_meta":[],"jnews_override_counter":[],"jnews_post_split":[],"footnotes":""},"categories":[1],"tags":[],"class_list":["post-20019","post","type-post","status-publish","format-standard","has-post-thumbnail","hentry","category-geral"],"_referencia":"","_links":{"self":[{"href":"https:\/\/diariodocomercio.com.br\/mix\/wp-json\/wp\/v2\/posts\/20019","targetHints":{"allow":["GET"]}}],"collection":[{"href":"https:\/\/diariodocomercio.com.br\/mix\/wp-json\/wp\/v2\/posts"}],"about":[{"href":"https:\/\/diariodocomercio.com.br\/mix\/wp-json\/wp\/v2\/types\/post"}],"author":[{"embeddable":true,"href":"https:\/\/diariodocomercio.com.br\/mix\/wp-json\/wp\/v2\/users\/9"}],"replies":[{"embeddable":true,"href":"https:\/\/diariodocomercio.com.br\/mix\/wp-json\/wp\/v2\/comments?post=20019"}],"version-history":[{"count":1,"href":"https:\/\/diariodocomercio.com.br\/mix\/wp-json\/wp\/v2\/posts\/20019\/revisions"}],"predecessor-version":[{"id":20100,"href":"https:\/\/diariodocomercio.com.br\/mix\/wp-json\/wp\/v2\/posts\/20019\/revisions\/20100"}],"wp:featuredmedia":[{"embeddable":true,"href":"https:\/\/diariodocomercio.com.br\/mix\/wp-json\/wp\/v2\/media\/12324"}],"wp:attachment":[{"href":"https:\/\/diariodocomercio.com.br\/mix\/wp-json\/wp\/v2\/media?parent=20019"}],"wp:term":[{"taxonomy":"category","embeddable":true,"href":"https:\/\/diariodocomercio.com.br\/mix\/wp-json\/wp\/v2\/categories?post=20019"},{"taxonomy":"post_tag","embeddable":true,"href":"https:\/\/diariodocomercio.com.br\/mix\/wp-json\/wp\/v2\/tags?post=20019"}],"curies":[{"name":"wp","href":"https:\/\/api.w.org\/{rel}","templated":true}]}}