{"id":20029,"date":"2025-09-27T22:33:00","date_gmt":"2025-09-28T01:33:00","guid":{"rendered":"https:\/\/diariodocomercio.com.br\/mix\/?p=20029"},"modified":"2025-09-23T18:08:31","modified_gmt":"2025-09-23T21:08:31","slug":"brasileiros-tem-ate-30-09-para-solicitar-desconto-no-iptu","status":"publish","type":"post","link":"https:\/\/diariodocomercio.com.br\/mix\/brasileiros-tem-ate-30-09-para-solicitar-desconto-no-iptu\/","title":{"rendered":"Brasileiros t\u00eam at\u00e9 30\/09 para solicitar desconto no IPTU"},"content":{"rendered":"\n<p>Os contribuintes cariocas t\u00eam um prazo at\u00e9 o dia 30 de setembro para transferir os cr\u00e9ditos da <strong>Nota Carioca <\/strong>e obter <strong>descontos no IPTU 2026. <\/strong>Esses cr\u00e9ditos s\u00e3o gerados por notas fiscais emitidas a partir de 1\u00ba de janeiro de 2023 e devem ser transferidos para n\u00e3o perderem validade.<\/p>\n\n\n\n<p>Os cr\u00e9ditos, totalizando aproximadamente R$ 183 milh\u00f5es, podem garantir um abatimento de <strong>at\u00e9 100% <\/strong>do valor do imposto devido.<\/p>\n\n\n\n<p>A plataforma da Nota Carioca foi criada para facilitar a utiliza\u00e7\u00e3o de cr\u00e9ditos fiscais no munic\u00edpio do Rio de Janeiro. Estes cr\u00e9ditos podem ser usados por qualquer pessoa f\u00edsica cujo CPF esteja vinculado a notas fiscais de servi\u00e7o, desde que o Imposto sobre Servi\u00e7os (ISS) tenha sido pago pelo prestador.<\/p>\n\n\n\n<p>Estes valores acumulados s\u00e3o v\u00e1lidos at\u00e9 o segundo ano consecutivo ao de sua gera\u00e7\u00e3o, expirando, portanto, em 30 de setembro de 2025.<\/p>\n\n\n\n<h2 class=\"wp-block-heading\">Processo para transfer\u00eancia de cr\u00e9ditos<\/h2>\n\n\n\n<p>Para transferir os cr\u00e9ditos, \u00e9 necess\u00e1rio acessar o site oficial da Nota Carioca, realizar o cadastro e inserir o n\u00famero de inscri\u00e7\u00e3o do im\u00f3vel presente na guia de pagamento do IPTU. O sistema requer um valor m\u00ednimo de R$ 1 em cr\u00e9ditos acumulados para que a transfer\u00eancia seja efetuada.<\/p>\n\n\n\n<p>Os cr\u00e9ditos podem abater o IPTU de im\u00f3veis residenciais e comerciais, exceto aqueles que incluem apenas a cobran\u00e7a da Taxa de Coleta Domiciliar de Lixo (TCL).<\/p>\n\n\n\n<h2 class=\"wp-block-heading\">Quem pode utilizar os cr\u00e9ditos<\/h2>\n\n\n\n<p>Os cr\u00e9ditos s\u00e3o aproveit\u00e1veis por qualquer pessoa f\u00edsica com notas fiscais emitidas em seu CPF, desde que o ISS correspondente tenha sido quitado. Interessantemente, os cr\u00e9ditos n\u00e3o precisam ser utilizados apenas pelo propriet\u00e1rio do im\u00f3vel.<\/p>\n\n\n\n<p>Diferentes CPFs podem direcionar seus cr\u00e9ditos para um \u00fanico im\u00f3vel, aumentando as possibilidades de abatimento no imposto.<\/p>\n","protected":false},"excerpt":{"rendered":"<p>Iniciativa pode abater o IPTU de im\u00f3veis residenciais e comerciais. Veja como.<\/p>\n","protected":false},"author":12,"featured_media":16325,"comment_status":"closed","ping_status":"closed","sticky":false,"template":"","format":"standard","meta":{"jnews-multi-image_gallery":[],"jnews_single_post":{"format":"standard"},"jnews_primary_category":[],"jnews_social_meta":[],"jnews_override_counter":[],"jnews_post_split":[],"footnotes":""},"categories":[1],"tags":[],"class_list":["post-20029","post","type-post","status-publish","format-standard","has-post-thumbnail","hentry","category-geral"],"_referencia":"","_links":{"self":[{"href":"https:\/\/diariodocomercio.com.br\/mix\/wp-json\/wp\/v2\/posts\/20029","targetHints":{"allow":["GET"]}}],"collection":[{"href":"https:\/\/diariodocomercio.com.br\/mix\/wp-json\/wp\/v2\/posts"}],"about":[{"href":"https:\/\/diariodocomercio.com.br\/mix\/wp-json\/wp\/v2\/types\/post"}],"author":[{"embeddable":true,"href":"https:\/\/diariodocomercio.com.br\/mix\/wp-json\/wp\/v2\/users\/12"}],"replies":[{"embeddable":true,"href":"https:\/\/diariodocomercio.com.br\/mix\/wp-json\/wp\/v2\/comments?post=20029"}],"version-history":[{"count":1,"href":"https:\/\/diariodocomercio.com.br\/mix\/wp-json\/wp\/v2\/posts\/20029\/revisions"}],"predecessor-version":[{"id":20031,"href":"https:\/\/diariodocomercio.com.br\/mix\/wp-json\/wp\/v2\/posts\/20029\/revisions\/20031"}],"wp:featuredmedia":[{"embeddable":true,"href":"https:\/\/diariodocomercio.com.br\/mix\/wp-json\/wp\/v2\/media\/16325"}],"wp:attachment":[{"href":"https:\/\/diariodocomercio.com.br\/mix\/wp-json\/wp\/v2\/media?parent=20029"}],"wp:term":[{"taxonomy":"category","embeddable":true,"href":"https:\/\/diariodocomercio.com.br\/mix\/wp-json\/wp\/v2\/categories?post=20029"},{"taxonomy":"post_tag","embeddable":true,"href":"https:\/\/diariodocomercio.com.br\/mix\/wp-json\/wp\/v2\/tags?post=20029"}],"curies":[{"name":"wp","href":"https:\/\/api.w.org\/{rel}","templated":true}]}}