{"id":20067,"date":"2025-09-28T09:17:00","date_gmt":"2025-09-28T12:17:00","guid":{"rendered":"https:\/\/diariodocomercio.com.br\/mix\/?p=20067"},"modified":"2025-09-23T21:39:01","modified_gmt":"2025-09-24T00:39:01","slug":"veja-quando-passara-a-valer-o-novo-salario-minimo-de-r-1-63100","status":"publish","type":"post","link":"https:\/\/diariodocomercio.com.br\/mix\/veja-quando-passara-a-valer-o-novo-salario-minimo-de-r-1-63100\/","title":{"rendered":"Veja quando passar\u00e1 a valer o novo sal\u00e1rio m\u00ednimo de R$ 1.631,00"},"content":{"rendered":"\n<p>Al\u00e9m de ser o sal\u00e1rio m\u00ednimo garantido por lei para todos os trabalhadores de carteira assinada (CLT)*, esse valor tamb\u00e9m serve de refer\u00eancia para programas sociais como o Bolsa Fam\u00edlia e para a previd\u00eancia social com o INSS (Instituto Nacional do Seguro Social). Em 2025, o sal\u00e1rio m\u00ednimo \u00e9 de R$ 1.518, mas, a partir do ano que vem, esse valor sobe para os R$ 1.631.<\/p>\n\n\n\n<p>*Lembrando que esse valor \u00e9 garantido para trabalhadores com uma jornada de 44 horas semanais, oito horas por dia em uma escala 6&#215;1.<\/p>\n\n\n\n<p>De acordo com o portal Terra, esse aumento foi calculado pelo governo federal considerando uma infla\u00e7\u00e3o prevista de 3,6%, al\u00e9m de incluir um ganho real de 2,5%. Como destaca o site, esse novo sal\u00e1rio m\u00ednimo deve garantir um maior poder de compra para milh\u00f5es de brasileiros, principalmente idosos acima de 65 anos que dependem de benef\u00edcio pago pelo INSS.<\/p>\n\n\n\n<p>Esse aumento para o sal\u00e1rio m\u00ednimo em 2026 faz parte do PLOA de 2026 (PLN 15\/2025). O Projeto de Lei de Diretrizes Or\u00e7ament\u00e1rias (PLDO), documento dos minist\u00e9rios da Fazenda e do Planejamento e Or\u00e7amento, j\u00e1 inclui a previs\u00e3o do sal\u00e1rio m\u00ednimo para os pr\u00f3ximos quatro anos e, em 2029, esse piso nacional deve chegar aos R$ 1.925:<\/p>\n\n\n\n<ul class=\"wp-block-list\">\n<li>2026: R$ 1.630;<\/li>\n\n\n\n<li>2027: R$ 1.724;<\/li>\n\n\n\n<li>2029: R$ 1.925.<\/li>\n\n\n\n<li>2028: R$ 1.823;<\/li>\n<\/ul>\n\n\n\n<h2 class=\"wp-block-heading\">Confira o hist\u00f3rico do sal\u00e1rio m\u00ednimo na \u00faltima d\u00e9cada:<\/h2>\n\n\n\n<ul class=\"wp-block-list\">\n<li>2016 \u2013 R$ 880;<\/li>\n\n\n\n<li>2017 \u2013 R$ 937;<\/li>\n\n\n\n<li>2018 \u2013 R$ 954;<\/li>\n\n\n\n<li>2019 \u2013 R$ 998;<\/li>\n\n\n\n<li>2020 \u2013 R$ 1.039;<\/li>\n\n\n\n<li>2020 \u2013 R$ 1.045;<\/li>\n\n\n\n<li>2021 \u2013 R$ 1.100;<\/li>\n\n\n\n<li>2022 \u2013 R$ 1.212;<\/li>\n\n\n\n<li>2023 \u2013 R$ 1.320;<\/li>\n\n\n\n<li>2024 \u2013 R$ 1.412;<\/li>\n\n\n\n<li>2025 \u2013 R$ 1.518.<\/li>\n<\/ul>\n\n\n\n<style>@media (min-width: 992px) {\n    .recomendadorV2Area1 {\n        width: 280px;\n    }\n    .recomendadorV2Area2 {\n        padding: 0px 20px;\n        width: calc(100% - 280px);\n    }\n}\n\n@media (max-width: 992px) {\n    .recomendadorV2Button {\n        margin: 0 auto;\n    }\n    .recomendadorV2Area {\n        flex-direction: column;\n        text-align: center;\n    }\n    .recomendadorV2Area2 {\n        padding: 0px 20px;\n    }\n}\n\n.recomendadorV2Area {\n    background: #eeeeee3d;\n    border-radius: 10px;\n    padding: 15px;\n    display: flex;\n    margin: 15px auto;\n    border: 1px solid #00000014;\n    max-width: 800px;\n}\n\n.recomendadorV2Area1 img {\n    width: 280px;\n    height: auto;\n    border-radius: 8px;\n}\n\n.linkrecomendadorv2 {\n    text-decoration: none !important;\n}\n\n.recomendadorV2Area2 .recomendadorV2Type {\n    text-transform: uppercase;\n    font-weight: 500;\n    font-size: 11px;\n    letter-spacing: 2px;\n    color: #666;\n    margin: 12px 0;\n    display: block;\n}\n\n.recomendadorV2Title h2 {\n    padding-top: 0px !important;\n    margin: 0px !important;\n    border-left: none !important;\n    padding-left: 0px !important;\n    line-height: 1.3;\n    color: #000 !important;\n    font-size: 24px;\n    margin-bottom: 12px !important;\n}\n\n.recomendadorV2Desc {\n    color: #333;\n    margin: 12px 0px !important;\n    font-size: 15px;\n    line-height: 1.5;\n}\n\n.recomendadorV2Button {\n    width: auto;\n    max-width: 200px;\n    margin: 0;\n    display: inline-flex;\n    align-items: center;\n    background: #1D3557;\n    border-radius: 8px;\n    color: #fff;\n    height: 36px;\n    justify-content: center;\n    text-align: center;\n    font-size: 14px;\n    padding: 0 20px;\n    transition: background-color 0.2s ease;\n}\n\n.recomendadorV2Button:hover {\n    background: #2a4d7a;\n}\n\n.recomendadorV2Button:after {\n    margin-top: -2px;\n    content: \"\u2192\";\n    padding: 0px 0px 0px 8px;\n}\n\n.recomendadorV2Alert {\n    text-align: left;\n    font-size: 11px;\n    margin-top: 8px;\n    color: #666;\n}\n\n.recomendadorFixedArea {\n    width: 100%;\n    display: flex;\n    justify-content: center;\n    align-items: center;\n}\n\n@media (min-width: 992px) {\n    #recomendadorFixed {\n        width: 32% !important;\n        left: 5%;\n    }\n    .recomendadorCloseFixed{\n        right: inherit !important;\n        left: 378px !important;\n    }\n}\n\n#recomendadorFixed {\n    width: 90%;\n    box-shadow: 0 10px 20px 0px #00000057;\n    display: none;\n    height: 90px;\n    background: #F6F6F6;\n    position: fixed;\n    flex-direction: row;\n    bottom: 10px;\n    z-index: 9999;\n    border-radius: 16px;\n    padding: 7px 10px;\n}\n\n.recomendadorLeftArea {\n    width: 160px;\n}\n\n.recomendadorRightArea h2 {\n    padding-top: 0px;\n    margin: 2px 0px 4px 0px !important;\n    font-weight: 400;\n    text-align: center;\n    padding-left: 0px !important;\n    color: #000 !important;\n    border-left: none !important;\n    line-height: 20px;\n    font-size: 12px !important;\n}\n\n.recomendadorImgFixed {\n    overflow: hidden;\n    padding: 8px 6px;\n    height: 100%;\n}\n\n.recomendadorImgFixed img {\n    height: 100% !important;\n    border-radius: 16px;\n}\n\n.recomendadorRightArea {\n    padding-top: 6px;\n    display: flex;\n    width: calc(100% - 130px);\n    justify-content: space-between;\n    align-items: center;\n    flex-direction: column;\n}\n\n.recomendadorButtonFixed {\n    margin: 0 auto;\n    background: #1D3557;\n    width: 80%;\n    text-align: center;\n    font-size: 10px;\n    color: #FFF;\n    padding: 2px 10px;\n    border-radius: 3px;\n}\n\n.recomendadorButtonFixed:after {\n    margin-top: -3px;\n    content: \"\u2192\";\n    padding: 0px 0px 0px 10px;\n}\n\n.recomendadorAlertFixed {\n    font-weight: 400;\n    text-align: center;\n    color: #484848;\n    font-size: 8px;\n}\n\n.recomendadorCloseFixed {\n    z-index: 99999;\n    display: none;\n    right: 0px;\n    left: inherit;\n    bottom: 99px;\n    position: fixed;\n    justify-content: center;\n    background: #F6F6F6;\n    width: 25px;\n    align-items: center;\n    height: 25px;\n    font-weight: 800;\n    border-radius: 50%;\n    border: 1px solid #EBEBEB;\n}\n\n.recomendadorV2Desc{\n    color: #000000;\n    margin: 20px 0px;\n}\n\n@media (max-width: 576px) {\n    .recomendadorV2Area {\n      padding: 10px;\n      max-width: 100%;\n    }\n  \n    .recomendadorV2Area1 img {\n      width: 100%;\n      border-radius: 6px;\n    }\n  \n    .recomendadorV2Area2 .recomendadorV2Type {\n      font-size: 9px;\n      letter-spacing: 1px;\n      margin: 8px 0;\n    }\n  \n    .recomendadorV2Title h2 {\n      font-size: 18px !important;\n      margin-bottom: 8px !important;\n      line-height: 1.2;\n    }\n  \n    .recomendadorV2Desc {\n      font-size: 14px;\n      margin: 8px 0 !important;\n      line-height: 1.4;\n    }\n  \n    .recomendadorV2Button {\n      font-size: 14px;\n      height: 40px;\n      padding: 0 12px;\n      max-width: 100%;\n      width: 100%;\n    }\n  \n    .recomendadorV2Button:after {\n      padding-left: 6px;\n    }\n  }\n  <\/style>\n        <div class=\"lazyblock-recomendador-v2-2jDGz wp-block-lazyblock-recomendador-v2\">\n        <a class=\"linkrecomendadorv2\" href=\"https:\/\/diariodocomercio.com.br\/mix\/descubra-tres-oleos-essenciais-ideais-para-usar-no-trabalho\/\">\n            <div class=\"recomendadorV2Area\">\n            <div class=\"recomendadorV2Area1\">\n                <div class=\"recomendadorV2Img\">\n                <img class=\"lazyloaded\" decoding=\"async\" src=\"https:\/\/diariodocomercio.com.br\/mix\/wp-content\/uploads\/2025\/09\/oleos-essenciais.jpg\" data-src=\"https:\/\/diariodocomercio.com.br\/mix\/wp-content\/uploads\/2025\/09\/oleos-essenciais.jpg\" alt=\"\">\n                <\/div>\n            <\/div>\n            <div class=\"recomendadorV2Area2\">\n                <div class=\"recomendadorV2Type\">\n                    <span>AROMATERAPIA<\/span>\n                <\/div>\n                <div class=\"recomendadorV2Title\">\n                <h2><span>Descubra tr\u00eas \u00f3leos essenciais ideais para usar no trabalho<\/span><\/h2>\n                <\/div>\n                <div class=\"recomendadorV2Desc\">\n                <span>Esses tr\u00eas \u00f3leos essenciais ajudam a aliviar o estresse, estimular a mente e trazer disposi\u00e7\u00e3o, coisas fundamentais na hora do \u2026<\/span>\n                <\/div>\n                <div class=\"recomendadorV2Button\">Leia mais<\/div>\n                <div class=\"recomendadorV2Alert\"><\/div>\n            <\/div>\n            <\/div>\n        <\/a>\n        <div>\n            <div style=\"z-index:99999;\" id=\"buttonClose\" onclick=\"closeRecomendadorFixed()\">\n            <div class=\"recomendadorCloseFixed\">X<\/div>\n            <\/div>\n            <a href=\"https:\/\/diariodocomercio.com.br\/mix\/descubra-tres-oleos-essenciais-ideais-para-usar-no-trabalho\/\">\n            <div class=\"recomendadorFixedArea\">\n                <div id=\"recomendadorFixed\">\n                <div class=\"recomendadorLeftArea\">\n                    <div class=\"recomendadorImgFixed\">\n                    <img class=\"lazyload\" decoding=\"async\" src=\"https:\/\/diariodocomercio.com.br\/mix\/wp-content\/uploads\/2025\/09\/oleos-essenciais.jpg\" alt=\"\">\n                    <\/div>\n                <\/div>\n                <div class=\"recomendadorRightArea\">\n                    <div class=\"recomendadorTitleFixed\">\n                    <h2><span>Descubra tr\u00eas \u00f3leos essenciais ideais para usar no trabalho<\/span><\/h2>\n                    <\/div>\n                    <div class=\"recomendadorButtonFixed\">Leia mais<\/div>\n                    <div class=\"recomendadorAlertFixed\"><\/div>\n                <\/div>\n                <\/div>\n            <\/div>\n            <\/a>\n        <\/div>\n        <\/div>\n","protected":false},"excerpt":{"rendered":"<p>Em 2025, o sal\u00e1rio m\u00ednimo \u00e9 de R$ 1.518, mas, muito em breve, esse valor deve subir para os R$ 1.631, proporcionando um ganho real de 2,5%.<\/p>\n","protected":false},"author":6,"featured_media":9190,"comment_status":"closed","ping_status":"closed","sticky":false,"template":"","format":"standard","meta":{"jnews-multi-image_gallery":[],"jnews_single_post":{"format":"standard"},"jnews_primary_category":[],"jnews_social_meta":[],"jnews_override_counter":[],"jnews_post_split":[],"footnotes":""},"categories":[1],"tags":[],"class_list":["post-20067","post","type-post","status-publish","format-standard","has-post-thumbnail","hentry","category-geral"],"_referencia":"","_links":{"self":[{"href":"https:\/\/diariodocomercio.com.br\/mix\/wp-json\/wp\/v2\/posts\/20067","targetHints":{"allow":["GET"]}}],"collection":[{"href":"https:\/\/diariodocomercio.com.br\/mix\/wp-json\/wp\/v2\/posts"}],"about":[{"href":"https:\/\/diariodocomercio.com.br\/mix\/wp-json\/wp\/v2\/types\/post"}],"author":[{"embeddable":true,"href":"https:\/\/diariodocomercio.com.br\/mix\/wp-json\/wp\/v2\/users\/6"}],"replies":[{"embeddable":true,"href":"https:\/\/diariodocomercio.com.br\/mix\/wp-json\/wp\/v2\/comments?post=20067"}],"version-history":[{"count":1,"href":"https:\/\/diariodocomercio.com.br\/mix\/wp-json\/wp\/v2\/posts\/20067\/revisions"}],"predecessor-version":[{"id":20068,"href":"https:\/\/diariodocomercio.com.br\/mix\/wp-json\/wp\/v2\/posts\/20067\/revisions\/20068"}],"wp:featuredmedia":[{"embeddable":true,"href":"https:\/\/diariodocomercio.com.br\/mix\/wp-json\/wp\/v2\/media\/9190"}],"wp:attachment":[{"href":"https:\/\/diariodocomercio.com.br\/mix\/wp-json\/wp\/v2\/media?parent=20067"}],"wp:term":[{"taxonomy":"category","embeddable":true,"href":"https:\/\/diariodocomercio.com.br\/mix\/wp-json\/wp\/v2\/categories?post=20067"},{"taxonomy":"post_tag","embeddable":true,"href":"https:\/\/diariodocomercio.com.br\/mix\/wp-json\/wp\/v2\/tags?post=20067"}],"curies":[{"name":"wp","href":"https:\/\/api.w.org\/{rel}","templated":true}]}}